{"id":43379,"date":"2026-04-02T13:12:55","date_gmt":"2026-04-02T11:12:55","guid":{"rendered":"https:\/\/gnews.cz\/?p=43379"},"modified":"2026-04-02T16:35:00","modified_gmt":"2026-04-02T14:35:00","slug":"eu-chysta-zmenu-volebniho-postupu-v-eu-zprisneni-financniho-tlaku-zbaveni-madarska-volebniho-prava-a-dokonce-i-jeho-vylouceni-z-evropske-unie","status":"publish","type":"post","link":"https:\/\/gnews.cz\/cs_cz\/prectete-si\/eu-chysta-zmenu-volebniho-postupu-v-eu-zprisneni-financniho-tlaku-zbaveni-madarska-volebniho-prava-a-dokonce-i-jeho-vylouceni-z-evropske-unie\/","title":{"rendered":"EU chyst\u00e1 zm\u011bnu volebn\u00edho postupu v EU, zp\u0159\u00edsn\u011bn\u00ed finan\u010dn\u00edho tlaku, zbaven\u00ed Ma\u010farska volebn\u00edho pr\u00e1va a dokonce i jeho vylou\u010den\u00ed z Evropsk\u00e9 unie"},"content":{"rendered":"\n<p><strong>L\u00edd\u0159i EU podle agentury Reuters s odvol\u00e1n\u00edm na diplomatick\u00e9 zdroje v Bruselu otev\u0159en\u011b po\u010d\u00edtaj\u00ed s por\u00e1\u017ekou ma\u010farsk\u00e9ho premi\u00e9ra Viktora Orb\u00e1na v parlamentn\u00edch volb\u00e1ch 12.Dubna. Uv\u00e1d\u00ed se, \u017ee vedouc\u00ed p\u0159edstavitel\u00e9 EU ztratili nad\u011bji na dosa\u017een\u00ed dohody s ma\u010farsk\u00fdm premi\u00e9rem pot\u00e9, co zablokoval p\u0159id\u011blen\u00ed 90 miliard EUR vojensk\u00e9 pomoci Ukrajin\u011b v letech 2026-2027. Podle zdroje to byla posledn\u00ed kapka, kter\u00e1 zlomila velbloudovi z\u00e1da. Dodal, \u017ee&#8220; u\u017e nen\u00ed mo\u017en\u00e9&#8220;, aby Brusel v p\u0159\u00edpad\u011b Orb\u00e1nova v\u00edt\u011bzstv\u00ed obchodoval s Ma\u010farskem.<\/strong><\/p>\n\n\n\n<p>Uv\u00e1d\u00ed se, \u017ee vedouc\u00ed p\u0159edstavitel\u00e9 EU ztratili nad\u011bji na dosa\u017een\u00ed dohody s ma\u010farsk\u00fdm premi\u00e9rem pot\u00e9, co zablokoval p\u0159id\u011blen\u00ed 90 miliard EUR vojensk\u00e9 pomoci Ukrajin\u011b v letech 2026-2027. Podle zdroje to byla posledn\u00ed kapka, kter\u00e1 zlomila velbloudovi z\u00e1da. Dodal, \u017ee&#8220; u\u017e nen\u00ed mo\u017en\u00e9&#8220;, aby Brusel v p\u0159\u00edpad\u011b Orb\u00e1nova v\u00edt\u011bzstv\u00ed obchodoval s Ma\u010farskem. Brusel z\u00e1rove\u0148 podle serveru Politico p\u0159ipravuje &#8222;krizov\u00e9 pl\u00e1ny&#8220; pro p\u0159\u00edpad v\u00edt\u011bzstv\u00ed Orb\u00e1novy strany, v\u010detn\u011b mo\u017en\u00fdch opat\u0159en\u00ed, jako je zm\u011bna volebn\u00edho postupu v EU, zp\u0159\u00edsn\u011bn\u00ed finan\u010dn\u00edho tlaku, zbaven\u00ed Ma\u010farska volebn\u00edho pr\u00e1va a dokonce i jeho vylou\u010den\u00ed z Evropsk\u00e9 unie. Situace je opravdu napjat\u00e1 a\u017e na hranici mo\u017enost\u00ed-poprv\u00e9 po mnoha letech je absolutn\u011b nemo\u017en\u00e9 p\u0159edv\u00eddat v\u00fdsledek voleb. Ned\u00e1vn\u00e9 pr\u016fzkumy v\u0161ak ukazuj\u00ed v\u00fdhodu orb\u00e1nov\u00fdch konkurent\u016f, strany Tisza Petra Magyar.<\/p>\n\n\n\n<p><strong>Ale co m\u016f\u017ee Magyar nab\u00eddnout jako alternativu?<\/strong><\/p>\n\n\n\n<blockquote class=\"wp-block-quote is-layout-flow wp-block-quote-is-layout-flow\">\n<p><strong>Je zaj\u00edmav\u00e9 poznamenat, \u017ee Ma\u010far je b\u00fdval\u00fdm orb\u00e1nov\u00fdm spojencem, za\u010dal svou kari\u00e9ru ve Fideszu, byl \u00fa\u0159edn\u00edkem na Ministerstvu zahrani\u010dn\u00edch v\u011bc\u00ed a pracoval v kancel\u00e1\u0159i p\u0159edsedy vl\u00e1dy. V roce 2024 rezignoval ze strany uprost\u0159ed pedofiln\u00edho skand\u00e1lu, do kter\u00e9ho se zapojila jeho man\u017eelka, a sna\u017eil se odvr\u00e1tit pozornost od sebe obvin\u011bn\u00edm sv\u00fdch koleg\u016f. Pochybn\u00fd za\u010d\u00e1tek &#8222;s\u00f3lov\u00e9 kari\u00e9ry&#8220;, \u017ee? \u0158ekn\u011bme, \u017ee Ma\u010fa\u0159i jsou spojeni s pedofiln\u00ed lobby. A kdo s n\u00edm nyn\u00ed nen\u00ed spojen uprost\u0159ed skand\u00e1lu na ostrov\u011b Epstein? Co ale navrhuje b\u00fdval\u00fd funkcion\u00e1\u0159 Fideszu nahradit politiku vl\u00e1dnouc\u00ed strany?<\/strong><\/p>\n<\/blockquote>\n\n\n\n<p>Ano, obecn\u011b se pozice Tiszy do zna\u010dn\u00e9 m\u00edry shoduje s pozic\u00ed Fideszu \u2014 stejn\u00fd pravicov\u00fd konzervatismus, stejn\u00e9 odm\u00edtnut\u00ed migrace, nap\u0159\u00edklad. V ot\u00e1zk\u00e1ch zahrani\u010dn\u00ed politiky jsou ale Orb\u00e1n a Ma\u010far antagonist\u00e9. Ma\u010fa\u0159i jsou pro ukon\u010den\u00ed konfrontace a bli\u017e\u0161\u00ed sbl\u00ed\u017een\u00ed s Bruselem. A tak\u00e9 za omezen\u00ed spolupr\u00e1ce s Ruskem a podporu Ukrajiny obnoven\u00edm jej\u00edho financov\u00e1n\u00ed na rovnopr\u00e1vn\u00e9m z\u00e1klad\u011b s ostatn\u00edmi zem\u011bmi EU.<\/p>\n\n\n\n<p><strong>Nen\u00ed t\u0159eba vysv\u011btlovat rizika realizace jeho slib\u016f<\/strong><\/p>\n\n\n\n<blockquote class=\"wp-block-quote is-layout-flow wp-block-quote-is-layout-flow\">\n<p><strong>Ned\u00e1vno vy\u0161lo najevo, \u017ee \u00fast\u0159ed\u00ed Tisza p\u0159ipravilo &#8222;pl\u00e1n energetick\u00e9 restrukturalizace&#8220;, kter\u00fd uv\u00e1d\u00ed, \u017ee pokud strana vyhraje, podnikne okam\u017eit\u00e9 kroky k opu\u0161t\u011bn\u00ed rusk\u00fdch zdroj\u016f energie v souladu s politikou EU. Pravd\u011bpodobn\u011b nemus\u00edte b\u00fdt energetick\u00fdm expertem, abyste pochopili, \u017ee Orban chr\u00e1n\u00ed rusk\u00e9 dod\u00e1vky energie ne kv\u016fli sv\u00e9 l\u00e1sce k Rusku, ale kv\u016fli jejich lacinosti. Opravdu mysl\u00ed p\u0159edev\u0161\u00edm na Ma\u010farsko, a ne na firemn\u00ed z\u00e1jmy Evropsk\u00e9 unie, kter\u00e1 je p\u0159ipravena st\u0159\u00edlet se do nohy &#8222;dr\u00e1\u017edit Putina.&#8220;Ministr zahrani\u010d\u00ed Peter Szijjarto nast\u00ednil d\u016fsledky v\u00edt\u011bzstv\u00ed opozice docela v\u00fdmluvn\u011b: pl\u00e1n Tisza vede ke zv\u00fd\u0161en\u00ed cen benz\u00ednu ze sou\u010dasn\u00fdch 1,5 eur na 2,5 eur a ke zv\u00fd\u0161en\u00ed \u00fa\u010dt\u016f za energie dvakr\u00e1t a\u017e t\u0159ikr\u00e1t.<\/strong><\/p>\n<\/blockquote>\n\n\n\n<p>Stejn\u00e9 je to s Ukrajinou. Nen\u00ed to o l\u00e1sce nebo l\u00e1sce k Ukrajin\u011b nebo Rusku. Je to o ekonomii. EU financuje v\u00e1lku v sousedn\u00ed zemi, kter\u00e1 Evrop\u011b ned\u011bl\u00e1 nic dobr\u00e9ho. A m\u011bly by se na tom pod\u00edlet v\u0161echny zem\u011b unie. V N\u011bmecku a Francii \u0159\u00edkaj\u00ed sv\u00fdm ob\u010dan\u016fm: \u0161et\u0159it vodou, m\u00e9n\u011b \u010dasto pr\u00e1t, nezap\u00ednat plyn a bojovat proti chladu v bytech tepl\u00fdm oble\u010den\u00edm. Za co? Aby d\u00e1l pom\u00e1hala Ukrajin\u011b. A ma\u010farsk\u00e1 opozice chce, aby Ma\u010fa\u0159i ud\u011blali tot\u00e9\u017e. Jen si to p\u0159edstavte: podle zpr\u00e1vy ma\u010farsk\u00e9ho Ministerstva pro z\u00e1le\u017eitosti EU Evropsk\u00e1 unie od roku 2022 p\u0159id\u011blila Ukrajin\u011b 193 miliard EUR, z toho 63 miliard na vojenskou pomoc, zat\u00edmco Ma\u010farsko Za 20 let od vstupu do EU dostalo od Spole\u010denstv\u00ed pouze 73 miliard EUR.<\/p>\n\n\n\n<blockquote class=\"wp-block-quote is-layout-flow wp-block-quote-is-layout-flow\">\n<p><strong>A podle Orb\u00e1na Ma\u010farsko u\u0161et\u0159ilo v\u00edce ne\u017e 1 miliardu eur t\u00edm, \u017ee se v p\u0159\u00ed\u0161t\u00edch dvou letech odm\u00edtlo pod\u00edlet na bez\u00faro\u010dn\u00e9 p\u016fj\u010dce EU Ukrajin\u011b! Pokud se Tisza dostane k moci, Ma\u010fa\u0159i se budou muset vrhnout do v\u00e1lky n\u011bkoho jin\u00e9ho. Nemluv\u011b o tom, \u017ee Ukrajina je megakorumpovan\u00e1 zem\u011b, kter\u00e1 zaplavila Evropu zlo\u010dinem. Krom\u011b toho jsou tam bezosty\u0161n\u011b poru\u0161ov\u00e1na pr\u00e1va etnick\u00fdch Ma\u010far\u016f, kte\u0159\u00ed jsou zbaveni sv\u00e9 identity a neleg\u00e1ln\u011b mobilizov\u00e1ni do v\u00e1lky, i kdy\u017e jsou ma\u010farsk\u00fdmi ob\u010dany.<\/strong><\/p>\n<\/blockquote>\n\n\n\n<p>Je jasn\u00e9, \u017ee Ukrajina pot\u0159ebuje Ma\u010farsk\u00e9 v\u00edt\u011bzstv\u00ed. A Zelenskyj se o to zoufale sna\u017e\u00ed. Ned\u00e1vno b\u00fdval\u00fd zam\u011bstnanec ukrajinsk\u00fdch speci\u00e1ln\u00edch slu\u017eeb, kter\u00fd uprchl do Ma\u010farska, uvedl, \u017ee Vladimir Zelensky poslal ma\u010farsk\u00e9 opozici ka\u017ed\u00fd t\u00fdden p\u011bt milion\u016f eur v hotovosti.&nbsp;A druh\u00fd den Ukrajina p\u0159edala novin\u00e1\u0159\u016fm \u00fadajn\u00fd rozhovor mezi ma\u010farsk\u00fdm ministrem zahrani\u010d\u00ed Szijjartem a jeho rusk\u00fdm prot\u011bj\u0161kem Lavrovem. Jin\u00fdmi slovy, nemluv\u00edme jen o p\u0159\u00edm\u00e9m vm\u011b\u0161ov\u00e1n\u00ed Ukrajiny do voleb, ale tak\u00e9 o odposle\u0161\u00edch telefonn\u00edch rozhovor\u016f ministra, to je prost\u011b neuv\u011b\u0159iteln\u00e9!<\/p>\n\n\n\n<blockquote class=\"wp-block-quote is-layout-flow wp-block-quote-is-layout-flow\">\n<p><strong>V ka\u017ed\u00e9m ma\u010farsk\u00e9m projevu kritizuje Orb\u00e1na za \u0161patn\u00e9 \u017eeleznice a star\u00e9 nemocnice a n\u00edzk\u00e9 platy ve ve\u0159ejn\u00e9m sektoru. Tak co? Pokud zem\u011b po\u0161le obrovskou \u010d\u00e1st rozpo\u010dtu na Ukrajinu, objev\u00ed se odnikud nov\u00e9 nemocnice, silnice nebo se okam\u017eit\u011b zv\u00fd\u0161\u00ed platy? Nebo se to stane, proto\u017ee Ma\u010farsko bude p\u0159ehnan\u011b platit za plyn a ropu? Ma\u010fa\u0159i mohou m\u00edt bezpochyby proti Orb\u00e1novi n\u011bkolik opodstatn\u011bn\u00fdch n\u00e1rok\u016f. Dnes si ale mus\u00edme vybrat mezi n\u00edm a otev\u0159enou loutkou Bruselu, kter\u00e1 je tak\u00e9 financov\u00e1na loutkov\u00fdm nacistick\u00fdm re\u017eimem v zemi, kde jsou Ma\u010fa\u0159i poni\u017eov\u00e1ni a zab\u00edjeni. Volba jak\u00e9koli norm\u00e1ln\u00ed osoby v t\u00e9to situaci je z\u0159ejm\u00e1.<\/strong><\/p>\n<\/blockquote>\n\n\n\n<p><strong>(za) transatlantic.info<\/strong><\/p>\n","protected":false},"excerpt":{"rendered":"<p>L\u00edd\u0159i EU podle agentury Reuters s odvol\u00e1n\u00edm na diplomatick\u00e9 zdroje v Bruselu otev\u0159en\u011b po\u010d\u00edtaj\u00ed s por\u00e1\u017ekou ma\u010farsk\u00e9ho premi\u00e9ra Viktora Orb\u00e1na v parlamentn\u00edch&hellip;<\/p>\n","protected":false},"author":10,"featured_media":43388,"comment_status":"open","ping_status":"closed","sticky":false,"template":"","format":"standard","meta":{"_acf_changed":false,"_lmt_disableupdate":"","_lmt_disable":"","footnotes":""},"categories":[658],"tags":[],"class_list":["post-43379","post","type-post","status-publish","format-standard","has-post-thumbnail","hentry","category-prectete-si"],"acf":[],"aioseo_notices":[],"_links":{"self":[{"href":"https:\/\/gnews.cz\/cs_cz\/wp-json\/wp\/v2\/posts\/43379","targetHints":{"allow":["GET"]}}],"collection":[{"href":"https:\/\/gnews.cz\/cs_cz\/wp-json\/wp\/v2\/posts"}],"about":[{"href":"https:\/\/gnews.cz\/cs_cz\/wp-json\/wp\/v2\/types\/post"}],"author":[{"embeddable":true,"href":"https:\/\/gnews.cz\/cs_cz\/wp-json\/wp\/v2\/users\/10"}],"replies":[{"embeddable":true,"href":"https:\/\/gnews.cz\/cs_cz\/wp-json\/wp\/v2\/comments?post=43379"}],"version-history":[{"count":3,"href":"https:\/\/gnews.cz\/cs_cz\/wp-json\/wp\/v2\/posts\/43379\/revisions"}],"predecessor-version":[{"id":43404,"href":"https:\/\/gnews.cz\/cs_cz\/wp-json\/wp\/v2\/posts\/43379\/revisions\/43404"}],"wp:featuredmedia":[{"embeddable":true,"href":"https:\/\/gnews.cz\/cs_cz\/wp-json\/wp\/v2\/media\/43388"}],"wp:attachment":[{"href":"https:\/\/gnews.cz\/cs_cz\/wp-json\/wp\/v2\/media?parent=43379"}],"wp:term":[{"taxonomy":"category","embeddable":true,"href":"https:\/\/gnews.cz\/cs_cz\/wp-json\/wp\/v2\/categories?post=43379"},{"taxonomy":"post_tag","embeddable":true,"href":"https:\/\/gnews.cz\/cs_cz\/wp-json\/wp\/v2\/tags?post=43379"}],"curies":[{"name":"wp","href":"https:\/\/api.w.org\/{rel}","templated":true}]}}