{"id":43382,"date":"2026-04-02T12:00:00","date_gmt":"2026-04-02T10:00:00","guid":{"rendered":"https:\/\/gnews.cz\/?p=43382"},"modified":"2026-04-02T10:33:35","modified_gmt":"2026-04-02T08:33:35","slug":"debata-o-umele-inteligenci-mezi-opravnenymi-obavami-a-cilenou-manipulaci","status":"publish","type":"post","link":"https:\/\/gnews.cz\/cs_cz\/neprehlednete\/debata-o-umele-inteligenci-mezi-opravnenymi-obavami-a-cilenou-manipulaci\/","title":{"rendered":"Debata o um\u011bl\u00e9 inteligenci: mezi opr\u00e1vn\u011bn\u00fdmi obavami a c\u00edlenou manipulac\u00ed"},"content":{"rendered":"\n<p><strong>Koalice odp\u016frc\u016f um\u011bl\u00e9 inteligence pokra\u010duje v hled\u00e1n\u00ed argument\u016f, kter\u00e9 by zpomalily jej\u00ed rozvoj. Pokud n\u011bkdo vyjad\u0159uje up\u0159\u00edmn\u00e9 obavy z konkr\u00e9tn\u00edch dopad\u016f AI \u2013 nap\u0159\u00edklad \u017ee by mohla v\u00e9st k vyhynut\u00ed lidstva \u2013 lze takov\u00fd postoj respektovat, i kdy\u017e s n\u00edm nemus\u00edme souhlasit. Znepokojiv\u011bj\u0161\u00ed je v\u0161ak situace, kdy n\u011bkter\u00e9 organizace aktivn\u011b testuj\u00ed, jak\u00e9 argumenty nejl\u00e9pe ovlivn\u00ed ve\u0159ejnost a obr\u00e1t\u00ed ji proti AI, a tyto narativy pak \u0161\u00ed\u0159\u00ed lobbist\u00e9, politici nebo firmy sleduj\u00edc\u00ed vlastn\u00ed z\u00e1jmy.<\/strong><\/p>\n\n\n\n<p>Velk\u00e1 studie britsk\u00e9 skupiny uk\u00e1zala, \u017ee tvrzen\u00ed o vyhynut\u00ed lidstva kv\u016fli AI u ve\u0159ejnosti p\u0159\u00edli\u0161 nezab\u00edr\u00e1. Tento argument byl popul\u00e1rn\u00ed p\u0159ed n\u011bkolika lety, ale postupn\u011b ztratil s\u00edlu. Naopak v\u011bt\u0161\u00ed odezvu maj\u00ed t\u00e9mata jako vyu\u017eit\u00ed AI ve v\u00e1lce nebo jej\u00ed dopady na \u017eivotn\u00ed prost\u0159ed\u00ed. Siln\u011b p\u016fsob\u00ed tak\u00e9 obavy ze ztr\u00e1ty pracovn\u00edch m\u00edst a ohro\u017een\u00ed d\u011bt\u00ed. Lze o\u010dek\u00e1vat, \u017ee pr\u00e1v\u011b tyto argumenty budou v budoucnu dominovat ve\u0159ejn\u00e9 debat\u011b.<\/p>\n\n\n\n<blockquote class=\"wp-block-quote is-layout-flow wp-block-quote-is-layout-flow\">\n<p>Je d\u016fle\u017eit\u00e9 zd\u016fraznit, \u017ee v\u0161echny tyto oblasti si zaslou\u017e\u00ed seri\u00f3zn\u00ed pozornost. Vyu\u017eit\u00ed AI ve vojensk\u00fdch konfliktech je skute\u010dn\u011b znepokojiv\u00e9, environment\u00e1ln\u00ed dopady je nutn\u00e9 pe\u010dliv\u011b sledovat a minimalizovat, ztr\u00e1ta pr\u00e1ce m\u00e1 re\u00e1ln\u00e9 dopady na jednotlivce i rodiny a ochrana d\u011bt\u00ed je z\u00e1sadn\u00ed hodnotou. Probl\u00e9m nast\u00e1v\u00e1 ve chv\u00edli, kdy jsou tato komplexn\u00ed t\u00e9mata zjednodu\u0161ov\u00e1na a zneu\u017e\u00edv\u00e1na k prosazen\u00ed \u00fazk\u00fdch z\u00e1jm\u016f na \u00fakor \u0161ir\u0161\u00ed ve\u0159ejnosti.<\/p>\n<\/blockquote>\n\n\n\n<p>P\u0159\u00edkladem m\u016f\u017ee b\u00fdt situace, kdy velk\u00e9 technologick\u00e9 firmy upozor\u0148uj\u00ed na rizika AI, aby omezily \u0161\u00ed\u0159en\u00ed open-source \u0159e\u0161en\u00ed, kter\u00e1 jim konkuruj\u00ed. Podobn\u011b zkreslen\u00e9 vn\u00edm\u00e1n\u00ed panuje u datov\u00fdch center \u2013 ve\u0159ejnost \u010dasto p\u0159ece\u0148uje jejich ekologickou z\u00e1t\u011b\u017e, p\u0159esto\u017ee pat\u0159\u00ed mezi velmi efektivn\u00ed infrastruktury. Brzd\u011bn\u00ed jejich v\u00fdstavby by tak mohlo \u017eivotn\u00edmu prost\u0159ed\u00ed sp\u00ed\u0161e u\u0161kodit ne\u017e pomoci. Tak\u00e9 v oblasti zam\u011bstnanosti doch\u00e1z\u00ed k nadsazov\u00e1n\u00ed dopad\u016f \u2013 n\u011bkter\u00e9 firmy p\u0159ipisuj\u00ed propou\u0161t\u011bn\u00ed AI, i kdy\u017e ve skute\u010dnosti jde o d\u016fsledek p\u0159edchoz\u00edho nadm\u011brn\u00e9ho n\u00e1boru.<\/p>\n\n\n\n<blockquote class=\"wp-block-quote is-layout-flow wp-block-quote-is-layout-flow\">\n<p>Takov\u00e1 propaganda m\u016f\u017ee v\u00e9st k nevhodn\u00fdm regulac\u00edm, kter\u00e9 nakonec situaci zhor\u0161\u00ed. Historie nab\u00edz\u00ed varov\u00e1n\u00ed \u2013 nap\u0159\u00edklad p\u0159ehnan\u00e9 obavy z jadern\u00e9 energie vedly k jej\u00edmu omezen\u00ed, co\u017e p\u0159isp\u011blo ke zv\u00fd\u0161en\u00ed emis\u00ed i zdravotn\u00edm probl\u00e9m\u016fm spojen\u00fdm se zne\u010di\u0161t\u011bn\u00edm ovzdu\u0161\u00ed. Podobn\u00e9mu sc\u00e9n\u00e1\u0159i by bylo vhodn\u00e9 se u AI vyhnout.<\/p>\n<\/blockquote>\n\n\n\n<p>Aktu\u00e1ln\u011b se diskutuje n\u00e1vrh legislativn\u00edho r\u00e1mce pro AI, kter\u00fd m\u00e1 zabr\u00e1nit rozt\u0159\u00ed\u0161t\u011bnosti pravidel mezi jednotliv\u00fdmi st\u00e1ty a podpo\u0159it jednotn\u00fd p\u0159\u00edstup. C\u00edlem je umo\u017enit rozvoj AI p\u0159i zachov\u00e1n\u00ed ochrany spot\u0159ebitel\u016f a pr\u00e1v jednotliv\u00fdch region\u016f. Pokud by byl p\u0159ijat, mohl by vytvo\u0159it stabiln\u00ed prost\u0159ed\u00ed pro dal\u0161\u00ed inovace.<\/p>\n\n\n\n<p>Do budoucna je kl\u00ed\u010dov\u00e9 zachovat racion\u00e1ln\u00ed p\u0159\u00edstup. Je t\u0159eba omezovat \u0161kodliv\u00e9 aplikace \u2013 a\u0165 u\u017e vyu\u017e\u00edvaj\u00ed AI, nebo ne \u2013 a z\u00e1rove\u0148 pe\u010dliv\u011b vyva\u017eovat p\u0159\u00ednosy a rizika na z\u00e1klad\u011b v\u011bdeck\u00fdch poznatk\u016f. P\u0159i hodnocen\u00ed kritiky AI je d\u016fle\u017eit\u00e9 rozli\u0161ovat mezi konzistentn\u00edmi a v\u011bcn\u00fdmi argumenty a mezi t\u011bmi, kter\u00e9 pouze reaguj\u00ed na aktu\u00e1ln\u00ed n\u00e1lady ve\u0159ejnosti. Jen tak lze zabr\u00e1nit tomu, aby p\u0159ehnan\u00e9 obavy brzdily technologie, kter\u00e9 mohou p\u0159in\u00e9st v\u00fdznamn\u00e9 v\u00fdhody cel\u00e9 spole\u010dnosti.<\/p>\n\n\n\n<p><strong><a href=\"https:\/\/info.deeplearning.ai\/nvidias-open-salvo-openais-amazon-deal-grok-cuts-video-prices-recursive-language-models-1?ecid=ACsprvubNsMwDP_OGMdid0Bq0xWjHsTO9XotQM68wYFUYbp0dGGTWVim0East5Gi_ZwprQts_1zp&amp;utm_campaign=The%20Batch&amp;utm_medium=email&amp;_hsenc=p2ANqtz-9C3MQwv2FDs82mTTnreBDuH1Ibwvv9WpJ7ORKQd1LMXBcqLPfjS_KueXjowexPKG36_CqRW5LMl5JnHs_6D1J3MTGgag&amp;_hsmi=410855922&amp;utm_content=410856141&amp;utm_source=hs_email\" title=\"\">deeplearning.ai<\/a>\/gnews.cz &#8211; GH<\/strong><\/p>\n","protected":false},"excerpt":{"rendered":"<p>Koalice odp\u016frc\u016f um\u011bl\u00e9 inteligence pokra\u010duje v hled\u00e1n\u00ed argument\u016f, kter\u00e9 by zpomalily jej\u00ed rozvoj. Pokud n\u011bkdo vyjad\u0159uje up\u0159\u00edmn\u00e9 obavy z konkr\u00e9tn\u00edch dopad\u016f AI&hellip;<\/p>\n","protected":false},"author":6,"featured_media":43383,"comment_status":"open","ping_status":"closed","sticky":false,"template":"","format":"standard","meta":{"_acf_changed":false,"_lmt_disableupdate":"","_lmt_disable":"","footnotes":""},"categories":[7131,7144,4,3,2973],"tags":[3781,12205,1064,1807,6698,3074,12202,12204,17,614,41,1353],"class_list":["post-43382","post","type-post","status-publish","format-standard","has-post-thumbnail","hentry","category-ai","category-ai-ekonomika","category-ekonomika","category-neprehlednete","category-zahranicni","tag-datova-centra","tag-dopady-ai","tag-inovace","tag-legislativa","tag-pracovni-trh","tag-propaganda","tag-regulace-ai","tag-technologicke-firmy","tag-top","tag-umela-inteligence","tag-world","tag-zivotni-prostredi"],"acf":[],"aioseo_notices":[],"_links":{"self":[{"href":"https:\/\/gnews.cz\/cs_cz\/wp-json\/wp\/v2\/posts\/43382","targetHints":{"allow":["GET"]}}],"collection":[{"href":"https:\/\/gnews.cz\/cs_cz\/wp-json\/wp\/v2\/posts"}],"about":[{"href":"https:\/\/gnews.cz\/cs_cz\/wp-json\/wp\/v2\/types\/post"}],"author":[{"embeddable":true,"href":"https:\/\/gnews.cz\/cs_cz\/wp-json\/wp\/v2\/users\/6"}],"replies":[{"embeddable":true,"href":"https:\/\/gnews.cz\/cs_cz\/wp-json\/wp\/v2\/comments?post=43382"}],"version-history":[{"count":1,"href":"https:\/\/gnews.cz\/cs_cz\/wp-json\/wp\/v2\/posts\/43382\/revisions"}],"predecessor-version":[{"id":43384,"href":"https:\/\/gnews.cz\/cs_cz\/wp-json\/wp\/v2\/posts\/43382\/revisions\/43384"}],"wp:featuredmedia":[{"embeddable":true,"href":"https:\/\/gnews.cz\/cs_cz\/wp-json\/wp\/v2\/media\/43383"}],"wp:attachment":[{"href":"https:\/\/gnews.cz\/cs_cz\/wp-json\/wp\/v2\/media?parent=43382"}],"wp:term":[{"taxonomy":"category","embeddable":true,"href":"https:\/\/gnews.cz\/cs_cz\/wp-json\/wp\/v2\/categories?post=43382"},{"taxonomy":"post_tag","embeddable":true,"href":"https:\/\/gnews.cz\/cs_cz\/wp-json\/wp\/v2\/tags?post=43382"}],"curies":[{"name":"wp","href":"https:\/\/api.w.org\/{rel}","templated":true}]}}