{"id":43385,"date":"2026-04-02T21:00:00","date_gmt":"2026-04-02T19:00:00","guid":{"rendered":"https:\/\/gnews.cz\/?p=43385"},"modified":"2026-04-02T15:31:46","modified_gmt":"2026-04-02T13:31:46","slug":"clanek-tokajeva-v-casopise-the-national-interest-v-centru-nove-ustavy-stoji-lide","status":"publish","type":"post","link":"https:\/\/gnews.cz\/cs_cz\/neprehlednete\/clanek-tokajeva-v-casopise-the-national-interest-v-centru-nove-ustavy-stoji-lide\/","title":{"rendered":"\u010cl\u00e1nek Tokajeva v \u010dasopise The National Interest: V centru nov\u00e9 \u00dastavy stoj\u00ed lid\u00e9"},"content":{"rendered":"\n<p><strong>V americk\u00e9m \u010dasopise The National Interest vy\u0161el \u010dl\u00e1nek prezidenta Kazachst\u00e1nu Kassym-Jomart Tokayev v\u011bnovan\u00fd nov\u00e9 \u00fastav\u011b zem\u011b, informoval port\u00e1l Zakon.kz. Text nese n\u00e1zev \u201eNov\u00e1 \u00dastava pro spravedliv\u00fd, siln\u00fd a prosperuj\u00edc\u00ed Kazachst\u00e1n\u201c.<\/strong><\/p>\n\n\n\n<p>Ned\u00e1vn\u00e9 \u00fastavn\u00ed referendum podle Tokajeva potvrzuje odhodl\u00e1n\u00ed Kazachst\u00e1nu pokra\u010dovat v cest\u011b n\u00e1rodn\u00edho rozvoje. Zem\u011b vstupuje do jedn\u00e9 z nejd\u016fle\u017eit\u011bj\u0161\u00edch etap sv\u00e9 politick\u00e9 transformace \u2013 tak z\u00e1sadn\u00ed zm\u011bnu podle n\u011bj neza\u017eila za cel\u00fdch 35 let nez\u00e1vislosti. Referendum, ji\u017e t\u0159et\u00ed v po\u0159ad\u00ed, uk\u00e1zalo rostouc\u00ed vysp\u011blost politick\u00e9ho syst\u00e9mu i p\u0159ipravenost ob\u010dan\u016f aktivn\u011b rozhodovat o budoucnosti st\u00e1tu. Vysok\u00e1 volebn\u00ed \u00fa\u010dast 73,12 % a podpora zm\u011bn ve v\u00fd\u0161i 87,15 % sv\u011bd\u010d\u00ed o \u0161irok\u00e9m konsenzu ve spole\u010dnosti.<\/p>\n\n\n\n<blockquote class=\"wp-block-quote is-layout-flow wp-block-quote-is-layout-flow\">\n<p>Ob\u010dan\u00e9 schv\u00e1lili novou \u00fastavu, kter\u00e1 podle prezidenta odr\u00e1\u017e\u00ed jejich skute\u010dnou touhu \u017e\u00edt ve spravedliv\u00e9m a pr\u00e1vn\u00edm st\u00e1t\u011b. Je zalo\u017eena na principech z\u00e1konnosti a po\u0159\u00e1dku, d\u016fsledn\u00e9 ochran\u011b lidsk\u00fdch pr\u00e1v a svobod a tak\u00e9 na modernizaci spole\u010dnosti. D\u016fraz klade na rozvoj vzd\u011bl\u00e1v\u00e1n\u00ed, v\u011bdy, technologi\u00ed, kultury, ekologie, dobrovolnictv\u00ed i vlastenectv\u00ed. Z\u00e1rove\u0148 potvrzuje sekul\u00e1rn\u00ed charakter st\u00e1tu.<\/p>\n<\/blockquote>\n\n\n\n<p>Tokajev zd\u016fraz\u0148uje, \u017ee nov\u00e1 \u00fastava je krokem sm\u011brem k napln\u011bn\u00ed o\u010dek\u00e1v\u00e1n\u00ed budouc\u00edch generac\u00ed. M\u00e1 slou\u017eit jako dlouhodob\u00e1 \u201ecestovn\u00ed mapa\u201c, zejm\u00e9na pro mlad\u00e9 lidi. Na jej\u00ed p\u0159\u00edprav\u011b se pod\u00edlel osobn\u011b a podle jeho slov byla ka\u017ed\u00e1 formulace pe\u010dliv\u011b zva\u017eov\u00e1na. \u00dastavn\u00ed komise slo\u017een\u00e1 ze 129 z\u00e1stupc\u016f spole\u010dnosti projednala b\u011bhem \u0161esti m\u011bs\u00edc\u016f p\u0159ibli\u017en\u011b 12 000 n\u00e1vrh\u016f odborn\u00edk\u016f i nevl\u00e1dn\u00edch organizac\u00ed.<\/p>\n\n\n\n<p>Dokument z\u00e1rove\u0148 posiluje strategickou vizi politick\u00e9ho syst\u00e9mu zalo\u017een\u00e9ho na principech \u201esiln\u00fd prezident, vlivn\u00fd parlament a odpov\u011bdn\u00e1 vl\u00e1da\u201c. Zru\u0161en\u00ed prezidentsk\u00e9 kv\u00f3ty m\u00e1 pos\u00edlit nez\u00e1vislost z\u00e1konod\u00e1rn\u00e9 moci. P\u0159echod k jednokomorov\u00e9mu parlamentu (Kurultaji) by m\u011bl zv\u00fd\u0161it efektivitu legislativn\u00edho procesu a odpov\u011bdnost poslanc\u016f. Nov\u00fd poradn\u00ed org\u00e1n Halyk Kenesi (Lidov\u00e1 rada) m\u00e1 roz\u0161\u00ed\u0159it zapojen\u00ed ob\u010dan\u016f a podpo\u0159it spole\u010densk\u00fd dialog.<\/p>\n\n\n\n<blockquote class=\"wp-block-quote is-layout-flow wp-block-quote-is-layout-flow\">\n<p>Reformy se dot\u00fdkaj\u00ed i fungov\u00e1n\u00ed st\u00e1tn\u00ed spr\u00e1vy. Zav\u00e1d\u00ed se nap\u0159\u00edklad funkce viceprezidenta a stanovuj\u00ed se \u010dasov\u00e1 omezen\u00ed pro v\u00fdkon kl\u00ed\u010dov\u00fdch funkc\u00ed, co\u017e m\u00e1 p\u0159isp\u011bt k pravideln\u00e9 obm\u011bn\u011b veden\u00ed a v\u011bt\u0161\u00ed stabilit\u011b syst\u00e9mu.<\/p>\n<\/blockquote>\n\n\n\n<p>V centru nov\u00e9 \u00fastavy stoj\u00ed p\u0159edev\u0161\u00edm ob\u010dan. Poprv\u00e9 v historii je nejrozs\u00e1hlej\u0161\u00ed \u010d\u00e1st dokumentu v\u011bnov\u00e1na ochran\u011b lidsk\u00fdch pr\u00e1v a svobod. Posiluje se ochrana soukrom\u00ed, osobn\u00edch \u00fadaj\u016f i nedotknutelnosti obydl\u00ed. Z\u00e1rove\u0148 se zvy\u0161uje nez\u00e1vislost soudn\u00ed moci a zaji\u0161\u0165uje se p\u0159\u00edstup ke kvalitn\u00ed pr\u00e1vn\u00ed ochran\u011b pro v\u0161echny. D\u016fle\u017eitou novinkou je i to, \u017ee budouc\u00ed zm\u011bny \u00fastavy budou muset schvalovat ob\u010dan\u00e9 v celost\u00e1tn\u00edm referendu.<\/p>\n\n\n\n<p>Nov\u00e1 \u00fastava m\u00e1 rovn\u011b\u017e pos\u00edlit ekonomick\u00fd rozvoj zem\u011b. Zlep\u0161uje ochranu vlastnick\u00fdch pr\u00e1v i du\u0161evn\u00edho vlastnictv\u00ed a nastavuje jasn\u011bj\u0161\u00ed pravidla pro podnik\u00e1n\u00ed. Po\u010d\u00edt\u00e1 tak\u00e9 se zvl\u00e1\u0161tn\u00edmi pr\u00e1vn\u00edmi re\u017eimy pro regiony s rychl\u00fdm rozvojem, kter\u00e9 maj\u00ed podpo\u0159it inovace a pr\u016fmyslov\u00fd r\u016fst.<\/p>\n\n\n\n<blockquote class=\"wp-block-quote is-layout-flow wp-block-quote-is-layout-flow\">\n<p>Kazachst\u00e1n je dnes podle Tokajeva nejatraktivn\u011bj\u0161\u00ed destinac\u00ed pro p\u0159\u00edm\u00e9 zahrani\u010dn\u00ed investice ve St\u0159edn\u00ed Asii, kam sm\u011b\u0159uje t\u00e9m\u011b\u0159 70 % v\u0161ech investic v regionu. Zem\u011b v\u0161ak podle n\u011bj mus\u00ed pokra\u010dovat v reform\u00e1ch, aby urychlila p\u0159echod k digit\u00e1ln\u00edmu st\u00e1tu a inova\u010dn\u00ed ekonomice. Nov\u00e1 \u00fastava m\u00e1 b\u00fdt z\u00e1rove\u0148 jasn\u00fdm sign\u00e1lem pro zahrani\u010dn\u00ed partnery o dlouhodob\u00e9m z\u00e1vazku podporovat podnik\u00e1n\u00ed, inovace a mezin\u00e1rodn\u00ed spolupr\u00e1ci.<\/p>\n<\/blockquote>\n\n\n\n<p>Za posledn\u00edch t\u0159icet let Kazachst\u00e1n navzdory glob\u00e1ln\u00edm v\u00fdzv\u00e1m v\u00fdrazn\u011b pokro\u010dil. Pat\u0159\u00ed mezi 50 nejv\u011bt\u0161\u00edch ekonomik sv\u011bta, je mezi t\u0159ic\u00edtkou nejl\u00e9pe digitalizovan\u00fdch st\u00e1t\u016f a disponuje v\u00fdznamn\u00fdmi z\u00e1sobami ropy, plynu i d\u016fle\u017eit\u00fdch nerostn\u00fdch surovin. Z\u00e1rove\u0148 rozv\u00edj\u00ed obnoviteln\u00e9 zdroje energie a zem\u011bd\u011blstv\u00ed. Zem\u011b se prosadila i na mezin\u00e1rodn\u00ed sc\u00e9n\u011b \u2013 p\u0159edsedala Organization for Security and Co-operation in Europe a byla \u010dlenem Rada bezpe\u010dnosti OSN.<\/p>\n\n\n\n<blockquote class=\"wp-block-quote is-layout-flow wp-block-quote-is-layout-flow\">\n<p>V sou\u010dasnosti Kazachst\u00e1n rozv\u00edj\u00ed nov\u00e9 obchodn\u00ed trasy v r\u00e1mci St\u0159edn\u00edho koridoru, posiluje region\u00e1ln\u00ed spolupr\u00e1ci a investuje do modern\u00edch technologi\u00ed. Vyu\u017e\u00edv\u00e1 tak\u00e9 nejv\u00fdkonn\u011bj\u0161\u00ed superpo\u010d\u00edta\u010d v regionu pro v\u00fdvoj vlastn\u00edho velk\u00e9ho jazykov\u00e9ho modelu.<\/p>\n<\/blockquote>\n\n\n\n<p>Zem\u011b m\u00e1 nav\u00edc mladou a st\u00e1le vzd\u011blan\u011bj\u0161\u00ed populaci s rostouc\u00edm lidsk\u00fdm potenci\u00e1lem, v\u010detn\u011b \u00fasp\u011b\u0161n\u00fdch um\u011blc\u016f i sportovc\u016f.<\/p>\n\n\n\n<p>Zat\u00edmco \u00fastava z roku 1995 polo\u017eila z\u00e1klady nez\u00e1vislosti st\u00e1tu, nov\u00e1 \u00fastava z roku 2026 podle Tokajeva p\u0159edstavuje dokument zral\u00e9 a sebev\u011bdom\u00e9 zem\u011b, kter\u00e1 hled\u00ed do budoucnosti. Den 15. b\u0159ezna, kdy ob\u010dan\u00e9 zm\u011bny schv\u00e1lili, se nov\u011b p\u0159ipom\u00edn\u00e1 jako Den \u00dastavy Kazachst\u00e1nu.<\/p>\n\n\n\n<p><strong>gnews.cz &#8211; (za)<\/strong><\/p>\n","protected":false},"excerpt":{"rendered":"<p>V americk\u00e9m \u010dasopise The National Interest vy\u0161el \u010dl\u00e1nek prezidenta Kazachst\u00e1nu Kassym-Jomart Tokayev v\u011bnovan\u00fd nov\u00e9 \u00fastav\u011b zem\u011b, informoval port\u00e1l Zakon.kz. Text nese n\u00e1zev&hellip;<\/p>\n","protected":false},"author":6,"featured_media":43386,"comment_status":"open","ping_status":"closed","sticky":false,"template":"","format":"standard","meta":{"_acf_changed":false,"_lmt_disableupdate":"","_lmt_disable":"","footnotes":""},"categories":[3,7,2973],"tags":[710,27,137,9149,187,351,9154,600,198,17,2728,41],"class_list":["post-43385","post","type-post","status-publish","format-standard","has-post-thumbnail","hentry","category-neprehlednete","category-politika","category-zahranicni","tag-digitalizace","tag-ekonomika","tag-investice","tag-kassym-jomart-tokayev","tag-kazachstan","tag-lidska-prava","tag-politicke-reformy","tag-referendum","tag-stredni-asie","tag-top","tag-ustava","tag-world"],"acf":[],"aioseo_notices":[],"_links":{"self":[{"href":"https:\/\/gnews.cz\/cs_cz\/wp-json\/wp\/v2\/posts\/43385","targetHints":{"allow":["GET"]}}],"collection":[{"href":"https:\/\/gnews.cz\/cs_cz\/wp-json\/wp\/v2\/posts"}],"about":[{"href":"https:\/\/gnews.cz\/cs_cz\/wp-json\/wp\/v2\/types\/post"}],"author":[{"embeddable":true,"href":"https:\/\/gnews.cz\/cs_cz\/wp-json\/wp\/v2\/users\/6"}],"replies":[{"embeddable":true,"href":"https:\/\/gnews.cz\/cs_cz\/wp-json\/wp\/v2\/comments?post=43385"}],"version-history":[{"count":1,"href":"https:\/\/gnews.cz\/cs_cz\/wp-json\/wp\/v2\/posts\/43385\/revisions"}],"predecessor-version":[{"id":43387,"href":"https:\/\/gnews.cz\/cs_cz\/wp-json\/wp\/v2\/posts\/43385\/revisions\/43387"}],"wp:featuredmedia":[{"embeddable":true,"href":"https:\/\/gnews.cz\/cs_cz\/wp-json\/wp\/v2\/media\/43386"}],"wp:attachment":[{"href":"https:\/\/gnews.cz\/cs_cz\/wp-json\/wp\/v2\/media?parent=43385"}],"wp:term":[{"taxonomy":"category","embeddable":true,"href":"https:\/\/gnews.cz\/cs_cz\/wp-json\/wp\/v2\/categories?post=43385"},{"taxonomy":"post_tag","embeddable":true,"href":"https:\/\/gnews.cz\/cs_cz\/wp-json\/wp\/v2\/tags?post=43385"}],"curies":[{"name":"wp","href":"https:\/\/api.w.org\/{rel}","templated":true}]}}