{"id":43391,"date":"2026-04-02T18:00:00","date_gmt":"2026-04-02T16:00:00","guid":{"rendered":"https:\/\/gnews.cz\/?p=43391"},"modified":"2026-04-02T17:26:22","modified_gmt":"2026-04-02T15:26:22","slug":"vlada-schvalila-balicek-opatreni-ke-snizeni-aktualnich-vysokych-cen-pohonnych-hmot-v-cesku","status":"publish","type":"post","link":"https:\/\/gnews.cz\/cs_cz\/neprehlednete\/vlada-schvalila-balicek-opatreni-ke-snizeni-aktualnich-vysokych-cen-pohonnych-hmot-v-cesku\/","title":{"rendered":"Vl\u00e1da schv\u00e1lila bal\u00ed\u010dek opat\u0159en\u00ed ke sn\u00ed\u017een\u00ed aktu\u00e1ln\u00edch vysok\u00fdch cen pohonn\u00fdch hmot v \u010cesku"},"content":{"rendered":"\n<p><strong>Vl\u00e1da Andreje Babi\u0161e se na mimo\u0159\u00e1dn\u00e9mu zased\u00e1n\u00ed zab\u00fdvala aktu\u00e1ln\u00ed situac\u00ed na \u010desk\u00e9m trhu s pohonn\u00fdmi hmotami, jejich\u017e ceny v posledn\u00edch t\u00fddnech dramaticky vzrostly v d\u016fsledku ozbrojen\u00e9ho konfliktu na Bl\u00edzk\u00e9m v\u00fdchod\u011b.<\/strong> <strong>Schv\u00e1lila bal\u00ed\u010dek opat\u0159en\u00ed ke sn\u00ed\u017een\u00ed aktu\u00e1ln\u00edch vysok\u00fdch cen pohonn\u00fdch hmot v \u010cesku.<\/strong><\/p>\n\n\n\n<p>Vl\u00e1da schv\u00e1lila opat\u0159en\u00ed obecn\u00e9 povahy vl\u00e1dy \u010cesk\u00e9 republiky o hromadn\u00e9m prominut\u00ed spot\u0159ebn\u00ed dan\u011b z vybran\u00fdch miner\u00e1ln\u00edch olej\u016f a ulo\u017een\u00ed cenov\u00e9 regulace maxim\u00e1ln\u00edch mar\u017e\u00ed formou maxim\u00e1ln\u00edch denn\u00edch cen.\u00a0<em>\u201eSituaci na trhu s\u00a0pohonn\u00fdmi hmotami jsme monitorovali a vyhodnocovali od vzniku konfliktu na Bl\u00edzk\u00e9m v\u00fdchod\u011b. Monitorovali jsme mar\u017ee, a i kdy\u017e na po\u010d\u00e1tku byly v\u00a0norm\u011b, tak se postupn\u011b uk\u00e1zalo, \u017ee za\u010daly b\u00fdt nep\u0159im\u011b\u0159en\u00e9. Vyzvali jsme distributory a dvakr\u00e1t jsme s\u00a0nimi jednali, ale i kdy\u017e se na z\u00e1klad\u011b na\u0161\u00ed v\u00fdzvy sn\u00ed\u017eili asi o dv\u011b koruny cenu nafty na D1 a hlavn\u00edch taz\u00edch d\u00e1lnic, dosp\u011bli jsme k\u00a0n\u00e1zoru, \u017ee je pot\u0159eba ud\u011blat n\u011bjak\u00e1 syst\u00e9mov\u00e1, z\u00e1sadn\u00ed opat\u0159en\u00ed,\u201c<\/em>\u00a0uvedl premi\u00e9r Andrej Babi\u0161.<\/p>\n\n\n\n<p>Vl\u00e1da proto rozhodla, \u017ee formou cenov\u00e9ho v\u00fdm\u011bru Ministerstva financ\u00ed nastav\u00ed nejvy\u0161\u0161\u00ed p\u0159\u00edpustnou v\u00fd\u0161i mar\u017e\u00ed \u010derpac\u00edch stanic u nafty a benz\u00ednu na 2,50 koruny. Toto omezen\u00ed se net\u00fdk\u00e1 pr\u00e9miov\u00fdch paliv.<\/p>\n\n\n\n<p>\u201e<em>Regulace mar\u017e\u00ed mus\u00ed j\u00edt spole\u010dn\u011b se sn\u00ed\u017een\u00edm spot\u0159ebn\u00ed dan\u011b,\u201c<\/em>\u00a0konstatoval p\u0159edseda vl\u00e1dy. Kabinet proto schv\u00e1lil sn\u00ed\u017een\u00ed spot\u0159ebn\u00ed dan\u011b na naftu o 1,939 koruny na litr na minimum povolen\u00e9 p\u0159edpisy Evropsk\u00e9 unie. P\u0159i zapo\u010dten\u00ed dan\u011b z\u00a0p\u0159idan\u00e9 hodnoty tento krok sni\u017euje cenu nafty o 2,35 korun za litr.<\/p>\n\n\n\n<p>V\u00a0p\u0159\u00edpad\u011b benz\u00ednu z\u016fst\u00e1v\u00e1 spot\u0159ebn\u00ed da\u0148 na p\u016fvodn\u00ed v\u00fd\u0161i.\u00a0<em>\u201eSoust\u0159e\u010fujeme se na naftu, proto\u017ee pr\u00e1v\u011b ta m\u00e1 siln\u00fd vliv na inflaci, pr\u016fmysl, dopravu lid\u00ed nebo z\u00e1sobov\u00e1n\u00ed, a tedy celkov\u00fd chod ekonomiky,\u201c<\/em>\u00a0vysv\u011btlila m\u00edstop\u0159edsedkyn\u011b vl\u00e1dy a ministryn\u011b financ\u00ed <strong>Alena Schillerov\u00e1<\/strong>.<\/p>\n\n\n\n<p><em>\u201eSyst\u00e9m bude fungovat na denn\u00ed b\u00e1zi. Za\u010d\u00edn\u00e1me od st\u0159edy 8. dubna, aby m\u011bl trh mo\u017enost se na to p\u0159ipravit. V\u00a0\u00fater\u00fd 7. dubna ve 14 hodin zve\u0159ejn\u00ed Ministerstvo financ\u00ed tu formuli a ur\u010d\u00ed maxim\u00e1ln\u00ed cenu, kterou ob\u010dan\u00e9 a firmy budou platit. Pot\u00e9 ka\u017ed\u00fd den ve 14 hodin ur\u010d\u00ed Ministerstvo financ\u00ed maxim\u00e1ln\u00ed cenu, p\u0159ed v\u00edkendem v\u017edy v\u00a0p\u00e1tek, kter\u00e1 pak bude platit a\u017e v\u010detn\u011b pond\u011bl\u00ed,\u201c<\/em>\u00a0up\u0159esnil  Babi\u0161.\u00a0<em>\u201eTo je opat\u0159en\u00ed, kter\u00e9 by m\u011blo z\u00e1sadn\u011b pomoci v\u0161em, cel\u00e9 ekonomice, proto\u017ee je jasn\u00e9, \u017ee pohonn\u00e9 hmoty a hlavn\u011b nafta jsou ten kl\u00ed\u010dov\u00fd produkt. Mysl\u00edm si, \u017ee je to nejlep\u0161\u00ed \u0159e\u0161en\u00ed, jak\u00e9 jsme mohli naj\u00edt,\u201c<\/em>\u00a0dodal.<\/p>\n\n\n\n<p>P\u0159ijat\u00e9 opat\u0159en\u00ed bude platit zat\u00edm do 30. dubna. Ministerstvo financ\u00ed p\u0159iprav\u00ed tak\u00e9 n\u00e1vrh nov\u00e9ho z\u00e1kona, kter\u00fd umo\u017en\u00ed v budoucnu ka\u017ed\u00e9 vl\u00e1d\u011b v&nbsp;p\u0159\u00edpad\u011b pot\u0159eby regulovat mar\u017ee a t\u00edm i ceny pohonn\u00fdch hmot operativn\u011b na\u0159\u00edzen\u00edm vl\u00e1dy. Kabinet chce tento n\u00e1vrh projednat v&nbsp;Parlamentu v&nbsp;re\u017eimu legislativn\u00ed nouze, aby mohl za\u010d\u00edt platit co nejd\u0159\u00edve. Dal\u0161\u00ed podrobnosti o vl\u00e1dou schv\u00e1len\u00fdch kroc\u00edch naleznete v&nbsp;<a href=\"https:\/\/mf.gov.cz\/cs\/ministerstvo\/media\/tiskove-zpravy\/2026\/vlada-schvalila-dalsi-opatreni-na-zmirneni-rustu-c-63596\">tiskov\u00e9 zpr\u00e1v\u011b Ministerstva financ\u00ed<\/a>.<\/p>\n\n\n\n<p>Vl\u00e1da projednala a schv\u00e1lila tak\u00e9\u00a0sjedn\u00e1n\u00ed smlouvy mezi \u010ceskou republikou a Polskem o v\u00fdstavb\u011b a \u00fadr\u017eb\u011b mostn\u00edch objekt\u016f a \u00fadr\u017eb\u011b spole\u010dn\u00fdch \u00fasek\u016f silnic na \u010desko-polsk\u00fdch st\u00e1tn\u00edch hranic\u00edch. Smlouva navazuje na p\u0159edchoz\u00ed obdobn\u00fd dokument z roku 1998, kter\u00e1 je u\u017e zastaral\u00e1 a neodpov\u00edd\u00e1 sou\u010dasn\u00e9 situaci. Upravuje podm\u00ednky v\u00fdstavby, rekonstrukce a \u00fadr\u017eby vybran\u00fdch most\u016f a pozemn\u00edch komunikac\u00ed mezi ob\u011bma st\u00e1ty. Jedn\u00e1 se o tzv. prezidentskou smlouvu, tak\u017ee k jej\u00ed ratifikaci prezidentem republiky je t\u0159eba souhlas obou komor Parlamentu.<\/p>\n\n\n\n<p><strong>gnews.cz &#8211; GH<\/strong><\/p>\n","protected":false},"excerpt":{"rendered":"<p>Vl\u00e1da Andreje Babi\u0161e se na mimo\u0159\u00e1dn\u00e9mu zased\u00e1n\u00ed zab\u00fdvala aktu\u00e1ln\u00ed situac\u00ed na \u010desk\u00e9m trhu s pohonn\u00fdmi hmotami, jejich\u017e ceny v posledn\u00edch t\u00fddnech dramaticky&hellip;<\/p>\n","protected":false},"author":6,"featured_media":43392,"comment_status":"open","ping_status":"closed","sticky":false,"template":"","format":"standard","meta":{"_acf_changed":false,"_lmt_disableupdate":"","_lmt_disable":"","footnotes":""},"categories":[2968,4,3],"tags":[2710,5754,12214,4459,4920,174,12213,1287,992,12212,17,41],"class_list":["post-43391","post","type-post","status-publish","format-standard","has-post-thumbnail","hentry","category-domaci","category-ekonomika","category-neprehlednete","tag-schillerova","tag-andrej-babis","tag-cenova-regulace","tag-ceny-pohonnych-hmot","tag-ceska-ekonomika-2","tag-inflace","tag-marze-cerpacich-stanic","tag-ministerstvo-financi","tag-nafta","tag-spotrebni-dan","tag-top","tag-world"],"acf":[],"aioseo_notices":[],"_links":{"self":[{"href":"https:\/\/gnews.cz\/cs_cz\/wp-json\/wp\/v2\/posts\/43391","targetHints":{"allow":["GET"]}}],"collection":[{"href":"https:\/\/gnews.cz\/cs_cz\/wp-json\/wp\/v2\/posts"}],"about":[{"href":"https:\/\/gnews.cz\/cs_cz\/wp-json\/wp\/v2\/types\/post"}],"author":[{"embeddable":true,"href":"https:\/\/gnews.cz\/cs_cz\/wp-json\/wp\/v2\/users\/6"}],"replies":[{"embeddable":true,"href":"https:\/\/gnews.cz\/cs_cz\/wp-json\/wp\/v2\/comments?post=43391"}],"version-history":[{"count":1,"href":"https:\/\/gnews.cz\/cs_cz\/wp-json\/wp\/v2\/posts\/43391\/revisions"}],"predecessor-version":[{"id":43405,"href":"https:\/\/gnews.cz\/cs_cz\/wp-json\/wp\/v2\/posts\/43391\/revisions\/43405"}],"wp:featuredmedia":[{"embeddable":true,"href":"https:\/\/gnews.cz\/cs_cz\/wp-json\/wp\/v2\/media\/43392"}],"wp:attachment":[{"href":"https:\/\/gnews.cz\/cs_cz\/wp-json\/wp\/v2\/media?parent=43391"}],"wp:term":[{"taxonomy":"category","embeddable":true,"href":"https:\/\/gnews.cz\/cs_cz\/wp-json\/wp\/v2\/categories?post=43391"},{"taxonomy":"post_tag","embeddable":true,"href":"https:\/\/gnews.cz\/cs_cz\/wp-json\/wp\/v2\/tags?post=43391"}],"curies":[{"name":"wp","href":"https:\/\/api.w.org\/{rel}","templated":true}]}}