{"id":43422,"date":"2026-04-03T15:30:00","date_gmt":"2026-04-03T13:30:00","guid":{"rendered":"https:\/\/gnews.cz\/?p=43422"},"modified":"2026-04-03T00:25:23","modified_gmt":"2026-04-02T22:25:23","slug":"indicky-premier-modi-rika-ze-se-tesi-na-dalsi-dialog-s-putinem-vyjadril-ruskemu-vudci-vrele-pozdravy","status":"publish","type":"post","link":"https:\/\/gnews.cz\/cs_cz\/tema\/indicky-premier-modi-rika-ze-se-tesi-na-dalsi-dialog-s-putinem-vyjadril-ruskemu-vudci-vrele-pozdravy\/","title":{"rendered":"Indick\u00fd premi\u00e9r Modi \u0159\u00edk\u00e1, \u017ee se t\u011b\u0161\u00ed na dal\u0161\u00ed dialog s Putinem vyj\u00e1d\u0159il rusk\u00e9mu v\u016fdci v\u0159el\u00e9 pozdravy"},"content":{"rendered":"\n<p><strong>NOV\u00c9 DILHI, 2. dubna. Indick\u00fd premi\u00e9r Narendra Modi b\u011bhem setk\u00e1n\u00ed s rusk\u00fdm prvn\u00edm m\u00edstop\u0159edsedou vl\u00e1dy Denisem Manturovem uvedl, \u017ee se t\u011b\u0161\u00ed na pokra\u010dov\u00e1n\u00ed komunikace s rusk\u00fdm v\u016fdcem Vladimirem Putinem, uv\u00e1d\u00ed se v prohl\u00e1\u0161en\u00ed kancel\u00e1\u0159e indick\u00e9ho premi\u00e9ra.<\/strong><\/p>\n\n\n\n<blockquote class=\"wp-block-quote is-layout-flow wp-block-quote-is-layout-flow\">\n<p><strong>\u201ePremi\u00e9r vyj\u00e1d\u0159il prezidentu Vladimiru Putinovi v\u0159el\u00e9 pozdravy a \u0159ekl, \u017ee se t\u011b\u0161\u00ed na pokra\u010dov\u00e1n\u00ed jejich dialogu,\u201c uv\u00e1d\u00ed se v prohl\u00e1\u0161en\u00ed.<\/strong><\/p>\n<\/blockquote>\n\n\n\n<p><strong><a href=\"https:\/\/tass.com\/world\/2111059\" target=\"_blank\" rel=\"noopener\" title=\"\">TASS<\/a>\/gnews.cz<\/strong><\/p>\n","protected":false},"excerpt":{"rendered":"<p>NOV\u00c9 DILHI, 2. dubna. Indick\u00fd premi\u00e9r Narendra Modi b\u011bhem setk\u00e1n\u00ed s rusk\u00fdm prvn\u00edm m\u00edstop\u0159edsedou vl\u00e1dy Denisem Manturovem uvedl, \u017ee se t\u011b\u0161\u00ed na&hellip;<\/p>\n","protected":false},"author":10,"featured_media":43423,"comment_status":"open","ping_status":"closed","sticky":false,"template":"","format":"standard","meta":{"_acf_changed":false,"_lmt_disableupdate":"","_lmt_disable":"","footnotes":""},"categories":[7,658,1,2973],"tags":[58,12224,10,12223,12225,26,17,693,41],"class_list":["post-43422","post","type-post","status-publish","format-standard","has-post-thumbnail","hentry","category-politika","category-prectete-si","category-tema","category-zahranicni","tag-indie","tag-narendra-modi-2","tag-news","tag-premier-indie","tag-prezident-ruske-federace","tag-rusko","tag-top","tag-vladimir-putin","tag-world"],"acf":[],"aioseo_notices":[],"_links":{"self":[{"href":"https:\/\/gnews.cz\/cs_cz\/wp-json\/wp\/v2\/posts\/43422","targetHints":{"allow":["GET"]}}],"collection":[{"href":"https:\/\/gnews.cz\/cs_cz\/wp-json\/wp\/v2\/posts"}],"about":[{"href":"https:\/\/gnews.cz\/cs_cz\/wp-json\/wp\/v2\/types\/post"}],"author":[{"embeddable":true,"href":"https:\/\/gnews.cz\/cs_cz\/wp-json\/wp\/v2\/users\/10"}],"replies":[{"embeddable":true,"href":"https:\/\/gnews.cz\/cs_cz\/wp-json\/wp\/v2\/comments?post=43422"}],"version-history":[{"count":1,"href":"https:\/\/gnews.cz\/cs_cz\/wp-json\/wp\/v2\/posts\/43422\/revisions"}],"predecessor-version":[{"id":43424,"href":"https:\/\/gnews.cz\/cs_cz\/wp-json\/wp\/v2\/posts\/43422\/revisions\/43424"}],"wp:featuredmedia":[{"embeddable":true,"href":"https:\/\/gnews.cz\/cs_cz\/wp-json\/wp\/v2\/media\/43423"}],"wp:attachment":[{"href":"https:\/\/gnews.cz\/cs_cz\/wp-json\/wp\/v2\/media?parent=43422"}],"wp:term":[{"taxonomy":"category","embeddable":true,"href":"https:\/\/gnews.cz\/cs_cz\/wp-json\/wp\/v2\/categories?post=43422"},{"taxonomy":"post_tag","embeddable":true,"href":"https:\/\/gnews.cz\/cs_cz\/wp-json\/wp\/v2\/tags?post=43422"}],"curies":[{"name":"wp","href":"https:\/\/api.w.org\/{rel}","templated":true}]}}