{"id":43435,"date":"2026-03-31T14:34:33","date_gmt":"2026-03-31T12:34:33","guid":{"rendered":"https:\/\/gnews.cz\/?p=43435"},"modified":"2026-04-03T14:47:53","modified_gmt":"2026-04-03T12:47:53","slug":"cinsky-vicepremier-vyzval-k-posileni-globalni-spravy-dat","status":"publish","type":"post","link":"https:\/\/gnews.cz\/cs_cz\/neprehlednete\/cinsky-vicepremier-vyzval-k-posileni-globalni-spravy-dat\/","title":{"rendered":"\u010c\u00ednsk\u00fd vicepremi\u00e9r vyzval k pos\u00edlen\u00ed glob\u00e1ln\u00ed spr\u00e1vy dat"},"content":{"rendered":"\n<p id=\"wnd_TextBlock_64261775219763175676_inner_0\"><strong>\u010c\u00ednsk\u00fd vicepremi\u00e9r Ding Xuexiang, kter\u00fd je z\u00e1rove\u0148 \u010dlenem st\u00e1l\u00e9ho v\u00fdboru politbyra \u00dast\u0159edn\u00edho v\u00fdboru Komunistick\u00e9 strany \u010c\u00edny, vystoupil na ustavuj\u00edc\u00edm zased\u00e1n\u00ed Sv\u011btov\u00e9 datov\u00e9 organizace (WDO), je\u017e se konalo v pond\u011bl\u00ed v Pekingu.<\/strong><\/p>\n\n\n\n<p id=\"wnd_TextBlock_64261775219763175676_inner_1\">Ding Xuexiang p\u0159e\u010detl gratula\u010dn\u00ed poselstv\u00ed prezidenta Xi Jinpinga a p\u0159ednesl hlavn\u00ed projev. Uvedl, \u017ee vznik WDO p\u0159edstavuje v\u00fdznamnou ud\u00e1lost, kter\u00e1 odpov\u00edd\u00e1 trend\u016fm rozvoje inteligentn\u00ed \u00e9ry a p\u0159isp\u00edv\u00e1 k prohlubov\u00e1n\u00ed mezin\u00e1rodn\u00ed spolupr\u00e1ce v oblasti dat.<\/p>\n\n\n\n<p id=\"wnd_TextBlock_64261775219763175676_inner_2\">Podle jeho slov prezident Xi Jinping ve sv\u00e9m poselstv\u00ed vyj\u00e1d\u0159il velk\u00e1 o\u010dek\u00e1v\u00e1n\u00ed v\u016f\u010di t\u00e9to organizaci. Vicepremi\u00e9r zd\u016fraznil, \u017ee \u010c\u00edna podporuje r\u016fst a rozvoj WDO, aby mohla pom\u00e1hat p\u0159eklenout datovou propast, uvol\u0148ovat hodnotu dat a podporovat digit\u00e1ln\u00ed ekonomiku, \u010d\u00edm\u017e p\u0159isp\u011bje ke spole\u010dn\u00e9mu \u00fasil\u00ed o lep\u0161\u00ed digit\u00e1ln\u00ed budoucnost.<\/p>\n\n\n\n<p id=\"wnd_TextBlock_64261775219763175676_inner_3\">Ding Xuexiang rovn\u011b\u017e uvedl, \u017ee \u010c\u00edna p\u0159ikl\u00e1d\u00e1 velk\u00fd v\u00fdznam spr\u00e1v\u011b dat a rozvoji digit\u00e1ln\u00ed ekonomiky. Zem\u011b urychluje budov\u00e1n\u00ed z\u00e1kladn\u00edch syst\u00e9m\u016f, jako jsou pr\u00e1va k dat\u016fm, a vyu\u017e\u00edv\u00e1 data k podpo\u0159e pr\u016fmyslov\u00e9 modernizace, zlep\u0161en\u00ed \u017eivotn\u00ed \u00farovn\u011b obyvatel a zv\u00fd\u0161en\u00ed efektivity spr\u00e1vy.<\/p>\n\n\n\n<p id=\"wnd_TextBlock_64261775219763175676_inner_4\">D\u00e1le zd\u016fraznil, \u017ee \u010c\u00edna bude pokra\u010dovat v budov\u00e1n\u00ed Digit\u00e1ln\u00ed \u010c\u00edny, prohlubovat rozvoj a vyu\u017e\u00edv\u00e1n\u00ed datov\u00fdch zdroj\u016f, urychlovat inovace v digit\u00e1ln\u00edch a inteligentn\u00edch technologi\u00edch a aktivn\u011b roz\u0161i\u0159ovat jejich vyu\u017eit\u00ed, \u010d\u00edm\u017e dod\u00e1 siln\u00fd impuls rozvoji glob\u00e1ln\u00ed digit\u00e1ln\u00ed ekonomiky.<\/p>\n\n\n\n<p id=\"wnd_TextBlock_64261775219763175676_inner_5\">Vicepremi\u00e9r vyzval, aby se zalo\u017een\u00ed WDO stalo p\u0159\u00edle\u017eitost\u00ed ke zlep\u0161en\u00ed glob\u00e1ln\u00ed spr\u00e1vy dat a k zaji\u0161t\u011bn\u00ed zdrav\u00e9ho rozvoje digit\u00e1ln\u00ed ekonomiky, a p\u0159edlo\u017eil t\u0159i n\u00e1vrhy.<\/p>\n\n\n\n<p id=\"wnd_TextBlock_64261775219763175676_inner_6\">Za prv\u00e9 vyzval k vyu\u017eit\u00ed vysok\u00e9 mobility dat a podpo\u0159e jejich efektivn\u00edho toku a vyu\u017e\u00edv\u00e1n\u00ed prost\u0159ednictv\u00edm otev\u0159enosti a spolupr\u00e1ce. Za druh\u00e9 zd\u016fraznil pot\u0159ebu vyu\u017e\u00edt siln\u00fd potenci\u00e1l dat a podporovat spole\u010dn\u00fd rozvoj prost\u0159ednictv\u00edm sd\u00edlen\u00ed. Za t\u0159et\u00ed apeloval na zohledn\u011bn\u00ed citlivosti dat a zaji\u0161t\u011bn\u00ed jejich bezpe\u010dnosti prost\u0159ednictv\u00edm koordinovan\u00e9 spr\u00e1vy.<\/p>\n\n\n\n<p id=\"wnd_TextBlock_64261775219763175676_inner_7\">Ustavuj\u00edc\u00edho zased\u00e1n\u00ed WDO se z\u00fa\u010dastnilo p\u0159ibli\u017en\u011b 500 osob, v\u010detn\u011b z\u00e1stupc\u016f \u010dlensk\u00fdch organizac\u00ed, \u010d\u00ednsk\u00fdch i zahrani\u010dn\u00edch v\u011bdc\u016f a technolog\u016f, vl\u00e1dn\u00edch p\u0159edstavitel\u016f a vedouc\u00edch mezin\u00e1rodn\u00edch organizac\u00ed.<\/p>\n\n\n\n<p id=\"wnd_TextBlock_64261775219763175676_inner_8\"><strong><a href=\"https:\/\/news.cgtn.com\/news\/2026-03-31\/Chinese-vice-premier-calls-for-enhancing-global-data-governance-1LX4k9xmBa0\/p.html\" target=\"_blank\" rel=\"noreferrer noopener\">CMG<\/a><\/strong><\/p>\n","protected":false},"excerpt":{"rendered":"<p>\u010c\u00ednsk\u00fd vicepremi\u00e9r Ding Xuexiang, kter\u00fd je z\u00e1rove\u0148 \u010dlenem st\u00e1l\u00e9ho v\u00fdboru politbyra \u00dast\u0159edn\u00edho v\u00fdboru Komunistick\u00e9 strany \u010c\u00edny, vystoupil na ustavuj\u00edc\u00edm zased\u00e1n\u00ed Sv\u011btov\u00e9 datov\u00e9&hellip;<\/p>\n","protected":false},"author":6,"featured_media":43436,"comment_status":"open","ping_status":"closed","sticky":false,"template":"","format":"standard","meta":{"_acf_changed":false,"_lmt_disableupdate":"","_lmt_disable":"","footnotes":""},"categories":[7131,7144,4,3,2973],"tags":[18,6900,2698,12234,211],"class_list":["post-43435","post","type-post","status-publish","format-standard","has-post-thumbnail","hentry","category-ai","category-ai-ekonomika","category-ekonomika","category-neprehlednete","category-zahranicni","tag-cmg","tag-digitalni-ekonomika","tag-ding-xuexiang","tag-sprava-dat","tag-xi-jinping"],"acf":[],"aioseo_notices":[],"_links":{"self":[{"href":"https:\/\/gnews.cz\/cs_cz\/wp-json\/wp\/v2\/posts\/43435","targetHints":{"allow":["GET"]}}],"collection":[{"href":"https:\/\/gnews.cz\/cs_cz\/wp-json\/wp\/v2\/posts"}],"about":[{"href":"https:\/\/gnews.cz\/cs_cz\/wp-json\/wp\/v2\/types\/post"}],"author":[{"embeddable":true,"href":"https:\/\/gnews.cz\/cs_cz\/wp-json\/wp\/v2\/users\/6"}],"replies":[{"embeddable":true,"href":"https:\/\/gnews.cz\/cs_cz\/wp-json\/wp\/v2\/comments?post=43435"}],"version-history":[{"count":1,"href":"https:\/\/gnews.cz\/cs_cz\/wp-json\/wp\/v2\/posts\/43435\/revisions"}],"predecessor-version":[{"id":43437,"href":"https:\/\/gnews.cz\/cs_cz\/wp-json\/wp\/v2\/posts\/43435\/revisions\/43437"}],"wp:featuredmedia":[{"embeddable":true,"href":"https:\/\/gnews.cz\/cs_cz\/wp-json\/wp\/v2\/media\/43436"}],"wp:attachment":[{"href":"https:\/\/gnews.cz\/cs_cz\/wp-json\/wp\/v2\/media?parent=43435"}],"wp:term":[{"taxonomy":"category","embeddable":true,"href":"https:\/\/gnews.cz\/cs_cz\/wp-json\/wp\/v2\/categories?post=43435"},{"taxonomy":"post_tag","embeddable":true,"href":"https:\/\/gnews.cz\/cs_cz\/wp-json\/wp\/v2\/tags?post=43435"}],"curies":[{"name":"wp","href":"https:\/\/api.w.org\/{rel}","templated":true}]}}