{"id":43457,"date":"2026-03-30T15:52:01","date_gmt":"2026-03-30T13:52:01","guid":{"rendered":"https:\/\/gnews.cz\/?p=43457"},"modified":"2026-04-11T12:21:47","modified_gmt":"2026-04-11T10:21:47","slug":"jana-volfova-evropa-se-musi-ucit-od-ciny-budoucnost-planety-je-tam","status":"publish","type":"post","link":"https:\/\/gnews.cz\/cs_cz\/ekonomika\/jana-volfova-evropa-se-musi-ucit-od-ciny-budoucnost-planety-je-tam\/","title":{"rendered":"Jana Volfov\u00e1: Evropa se mus\u00ed u\u010dit od \u010c\u00edny, budoucnost planety je tam"},"content":{"rendered":"\n<p id=\"wnd_TextBlock_45931775224445592171_inner_0\"><strong>Podle Jany Volfov\u00e9, statut\u00e1rn\u00ed m\u00edstop\u0159edsedkyn\u011b \u010cSSD, skon\u010dilo v \u010c\u00edn\u011b ned\u00e1vno Boao f\u00f3rum. P\u0159irovnala ho k evropsk\u00e9mu Davosu, ale upozornila na z\u00e1sadn\u00ed rozd\u00edl. Zat\u00edmco Davos podle n\u00ed mluv\u00ed jen o bohat\u00fdch, v \u010c\u00edn\u011b je to p\u0159esn\u011b naopak. \u010c\u00edna se sna\u017e\u00ed o spolupr\u00e1ci mezi slab\u0161\u00edmi zem\u011bmi. Nepou\u017e\u00edv\u00e1 pro n\u011b ozna\u010den\u00ed &#8222;rozvojov\u00e9&#8220;, ale \u0159\u00edk\u00e1 jim &#8222;ti, co jim cht\u011bj\u00ed pomoci&#8220;.<\/strong><\/p>\n\n\n\n<p id=\"wnd_TextBlock_45931775224445592171_inner_1\">Volfov\u00e1 zd\u016fraznila, \u017ee d\u0159\u00edve jezdili \u010ce\u0161i nebo Evropan\u00e9 do \u010c\u00edny radit. Dnes tam naopak jezd\u00ed velc\u00ed politici, minist\u0159i, premi\u00e9\u0159i i byznysmeni, kte\u0159\u00ed ovliv\u0148uj\u00ed Evropu, aby se u\u010dili. U\u010d\u00ed se, co je spolupr\u00e1ce, vz\u00e1jemn\u00fd respekt a jak se d\u011bl\u00e1 byznys. Podle n\u00ed Evropa zaost\u00e1v\u00e1. Zat\u00edmco \u010c\u00edna buduje velk\u00e1 p\u0159\u00e1telstv\u00ed a pom\u00e1h\u00e1 zem\u00edm stav\u011bt infrastrukturu nebo dopravu, Evropa ti\u0161e stoj\u00ed v kout\u011b a p\u0159em\u00fd\u0161l\u00ed, kdy ji ten velk\u00fd \u010d\u00ednsk\u00fd vlak p\u0159ejede.<\/p>\n\n\n\n<p id=\"wnd_TextBlock_45931775224445592171_inner_2\">M\u00edstop\u0159edsedkyn\u011b \u010cSSD tak\u00e9 uvedla, \u017ee \u010c\u00edna je daleko p\u0159ed Evropou a Amerikou v technologick\u00e9m rozvoji. Podle n\u00ed je \u010c\u00edna dnes \u0161pi\u010dkov\u00fdm l\u00eddrem technologi\u00ed. A proto\u017ee technologie je budoucnost, budoucnost t\u00e9to planety je podle Volfov\u00e9 v \u010c\u00edn\u011b.<\/p>\n\n\n\n<p id=\"wnd_TextBlock_45931775224445592171_inner_3\"><strong><a href=\"https:\/\/czech.cgtn.com\/2026\/03\/30\/ARTI1774870178583684\/\" target=\"_blank\" rel=\"noreferrer noopener\">CMG<\/a><\/strong><\/p>\n","protected":false},"excerpt":{"rendered":"<p>Podle Jany Volfov\u00e9, statut\u00e1rn\u00ed m\u00edstop\u0159edsedkyn\u011b \u010cSSD, skon\u010dilo v \u010c\u00edn\u011b ned\u00e1vno Boao f\u00f3rum. P\u0159irovnala ho k evropsk\u00e9mu Davosu, ale upozornila na z\u00e1sadn\u00ed rozd\u00edl.&hellip;<\/p>\n","protected":false},"author":6,"featured_media":43795,"comment_status":"open","ping_status":"closed","sticky":false,"template":"","format":"video","meta":{"_acf_changed":false,"_lmt_disableupdate":"","_lmt_disable":"","footnotes":""},"categories":[2968,4,550,2973],"tags":[11983,22,18,714,219],"class_list":["post-43457","post","type-post","status-publish","format-video","has-post-thumbnail","hentry","category-domaci","category-ekonomika","category-videa","category-zahranicni","tag-boao-forum","tag-cina","tag-cmg","tag-spoluprace","tag-technologie","post_format-post-format-video"],"acf":[],"aioseo_notices":[],"_links":{"self":[{"href":"https:\/\/gnews.cz\/cs_cz\/wp-json\/wp\/v2\/posts\/43457","targetHints":{"allow":["GET"]}}],"collection":[{"href":"https:\/\/gnews.cz\/cs_cz\/wp-json\/wp\/v2\/posts"}],"about":[{"href":"https:\/\/gnews.cz\/cs_cz\/wp-json\/wp\/v2\/types\/post"}],"author":[{"embeddable":true,"href":"https:\/\/gnews.cz\/cs_cz\/wp-json\/wp\/v2\/users\/6"}],"replies":[{"embeddable":true,"href":"https:\/\/gnews.cz\/cs_cz\/wp-json\/wp\/v2\/comments?post=43457"}],"version-history":[{"count":1,"href":"https:\/\/gnews.cz\/cs_cz\/wp-json\/wp\/v2\/posts\/43457\/revisions"}],"predecessor-version":[{"id":43458,"href":"https:\/\/gnews.cz\/cs_cz\/wp-json\/wp\/v2\/posts\/43457\/revisions\/43458"}],"wp:featuredmedia":[{"embeddable":true,"href":"https:\/\/gnews.cz\/cs_cz\/wp-json\/wp\/v2\/media\/43795"}],"wp:attachment":[{"href":"https:\/\/gnews.cz\/cs_cz\/wp-json\/wp\/v2\/media?parent=43457"}],"wp:term":[{"taxonomy":"category","embeddable":true,"href":"https:\/\/gnews.cz\/cs_cz\/wp-json\/wp\/v2\/categories?post=43457"},{"taxonomy":"post_tag","embeddable":true,"href":"https:\/\/gnews.cz\/cs_cz\/wp-json\/wp\/v2\/tags?post=43457"}],"curies":[{"name":"wp","href":"https:\/\/api.w.org\/{rel}","templated":true}]}}