{"id":43459,"date":"2026-03-31T15:58:22","date_gmt":"2026-03-31T13:58:22","guid":{"rendered":"https:\/\/gnews.cz\/?p=43459"},"modified":"2026-04-03T16:18:42","modified_gmt":"2026-04-03T14:18:42","slug":"ivan-cinka-micek-je-nyni-na-strane-usa","status":"publish","type":"post","link":"https:\/\/gnews.cz\/cs_cz\/neprehlednete\/ivan-cinka-micek-je-nyni-na-strane-usa\/","title":{"rendered":"Ivan Cinka: M\u00ed\u010dek je nyn\u00ed na stran\u011b USA"},"content":{"rendered":"\n<p id=\"wnd_TextBlock_751775224749143299_inner_0\"><strong>Ivan Cinka, b\u00fdval\u00fd p\u0159edseda V\u00fdboru pro dopravu Zastupitelstva St\u0159edo\u010desk\u00e9ho kraje za KS\u010cM a nyn\u011bj\u0161\u00ed \u010dlen t\u00e9ho\u017e v\u00fdboru za koalici STA\u010cILO!, se ve sv\u00e9m \u00favaze zam\u00fd\u0161l\u00ed nad sou\u010dasn\u00fdm glob\u00e1ln\u00edm uspo\u0159\u00e1d\u00e1n\u00edm a vztahy mezi velmocemi.<\/strong><\/p>\n\n\n\n<p id=\"wnd_TextBlock_751775224749143299_inner_1\">Podle Cinky by sv\u011bt bez v\u00e1lek mohl vypadat zcela jinak. Uv\u00e1d\u00ed, \u017ee prost\u0159edky vynakl\u00e1dan\u00e9 na zbrojen\u00ed by bylo mo\u017en\u00e9 vyu\u017e\u00edt mnohem smyslupln\u011bji \u2013 nap\u0159\u00edklad na v\u00fdzkum rakoviny nebo na zaji\u0161t\u011bn\u00ed udr\u017eiteln\u00e9ho \u017eivota. V t\u00e9to souvislosti zd\u016fraz\u0148uje roli velmoc\u00ed. Podle jeho n\u00e1zoru je to pr\u00e1v\u011b \u010c\u00edna, kter\u00e1 dlouhodob\u011b prosazuje m\u00edrovou spolupr\u00e1ci a z\u00e1rove\u0148 podle toho i jedn\u00e1.<\/p>\n\n\n\n<p id=\"wnd_TextBlock_751775224749143299_inner_2\">Cinka tak\u00e9 p\u0159ipom\u00edn\u00e1 pl\u00e1novanou n\u00e1v\u0161t\u011bvu americk\u00e9ho prezidenta Donalda Trumpa v \u010c\u00edn\u011b, kter\u00e1 byla kv\u016fli v\u00e1lce odlo\u017eena. Domn\u00edv\u00e1 se, \u017ee by takov\u00e9 setk\u00e1n\u00ed mohlo p\u0159in\u00e9st ur\u010dit\u00fd pokrok. Oba st\u00e1ty maj\u00ed podle n\u011bj ve sv\u011bt\u011b zna\u010dn\u00fd vliv, kter\u00fd uplat\u0148uj\u00ed nap\u0159\u00edklad v r\u00e1mci Asijsko-pacifick\u00e9ho f\u00f3ra nebo skupiny G20.<\/p>\n\n\n\n<p id=\"wnd_TextBlock_751775224749143299_inner_3\">\u010c\u00edna si ve sv\u00e9 15. p\u011btiletce stanovila za c\u00edl dal\u0161\u00ed otev\u00edr\u00e1n\u00ed se sv\u011btu a podporu vysoce kvalitn\u00edho ekonomick\u00e9ho rozvoje. To podle Cinky vytv\u00e1\u0159\u00ed prostor pro \u0161ir\u0161\u00ed spolupr\u00e1ci s USA na projektech, kter\u00e9 by mohly p\u0159in\u00e9st u\u017eitek ob\u011bma zem\u00edm i cel\u00e9mu sv\u011btu.<\/p>\n\n\n\n<p id=\"wnd_TextBlock_751775224749143299_inner_4\">Vztahy mezi USA a \u010c\u00ednou jsou v\u0161ak nyn\u00ed podle n\u011bj ve f\u00e1zi k\u0159ehk\u00e9ho p\u0159\u00edm\u011b\u0159\u00ed \u2013 panuje v nich opatrn\u00e1 stabilita, ale p\u0159etrv\u00e1v\u00e1 nap\u011bt\u00ed.<\/p>\n\n\n\n<p id=\"wnd_TextBlock_751775224749143299_inner_5\">Cinka se domn\u00edv\u00e1, \u017ee m\u00ed\u010dek je nyn\u00ed na stran\u011b Spojen\u00fdch st\u00e1t\u016f. Podle jeho slov by USA m\u011bly projevit v\u011bt\u0161\u00ed velmocenskou odpov\u011bdnost. Konkr\u00e9tn\u011b by m\u011bly p\u0159estat zneu\u017e\u00edvat dominanci dolaru, ukon\u010dit celn\u00ed v\u00e1lky a p\u0159edev\u0161\u00edm si p\u0159estat vynucovat sv\u00e9 z\u00e1jmy silou.<\/p>\n\n\n\n<p id=\"wnd_TextBlock_751775224749143299_inner_6\">Z\u00e1rove\u0148 v\u0161ak vyjad\u0159uje obavy, \u017ee k v\u00fdrazn\u00e9mu obratu jen tak nedojde. D\u016fvodem je podle n\u011bj obrovsk\u00fd vliv byznysmen\u016f, kte\u0159\u00ed t\u011b\u017e\u00ed z v\u00e1lek a nap\u011bt\u00ed \u2013 tedy zbroja\u0159\u016f, t\u011b\u017ea\u0159\u016f a bank\u00e9\u0159\u016f \u2013 na rozhodov\u00e1n\u00ed americk\u00e9 administrativy. Na z\u00e1v\u011br dod\u00e1v\u00e1, \u017ee bychom si m\u011bli p\u0159\u00e1t, aby spole\u010dn\u00e9 jedn\u00e1n\u00ed obou velmoc\u00ed p\u0159ineslo alespo\u0148 \u010d\u00e1ste\u010dn\u00fd pokrok.<\/p>\n\n\n\n<p id=\"wnd_TextBlock_751775224749143299_inner_7\"><a href=\"https:\/\/ksc4.cms.webnode.cz\/l\/ivan-cinka-micek-je-nyni-na-strane-usa\/#\"><strong>CMG<\/strong><\/a><\/p>\n","protected":false},"excerpt":{"rendered":"<p>Ivan Cinka, b\u00fdval\u00fd p\u0159edseda V\u00fdboru pro dopravu Zastupitelstva St\u0159edo\u010desk\u00e9ho kraje za KS\u010cM a nyn\u011bj\u0161\u00ed \u010dlen t\u00e9ho\u017e v\u00fdboru za koalici STA\u010cILO!, se ve&hellip;<\/p>\n","protected":false},"author":6,"featured_media":43461,"comment_status":"open","ping_status":"closed","sticky":false,"template":"","format":"video","meta":{"_acf_changed":false,"_lmt_disableupdate":"","_lmt_disable":"","footnotes":""},"categories":[2968,3,7,550,2973],"tags":[9147,22,18,12240,38],"class_list":["post-43459","post","type-post","status-publish","format-video","has-post-thumbnail","hentry","category-domaci","category-neprehlednete","category-politika","category-videa","category-zahranicni","tag-15-petiletka","tag-cina","tag-cmg","tag-mirova-spoluprace","tag-usa","post_format-post-format-video"],"acf":[],"aioseo_notices":[],"_links":{"self":[{"href":"https:\/\/gnews.cz\/cs_cz\/wp-json\/wp\/v2\/posts\/43459","targetHints":{"allow":["GET"]}}],"collection":[{"href":"https:\/\/gnews.cz\/cs_cz\/wp-json\/wp\/v2\/posts"}],"about":[{"href":"https:\/\/gnews.cz\/cs_cz\/wp-json\/wp\/v2\/types\/post"}],"author":[{"embeddable":true,"href":"https:\/\/gnews.cz\/cs_cz\/wp-json\/wp\/v2\/users\/6"}],"replies":[{"embeddable":true,"href":"https:\/\/gnews.cz\/cs_cz\/wp-json\/wp\/v2\/comments?post=43459"}],"version-history":[{"count":1,"href":"https:\/\/gnews.cz\/cs_cz\/wp-json\/wp\/v2\/posts\/43459\/revisions"}],"predecessor-version":[{"id":43460,"href":"https:\/\/gnews.cz\/cs_cz\/wp-json\/wp\/v2\/posts\/43459\/revisions\/43460"}],"wp:featuredmedia":[{"embeddable":true,"href":"https:\/\/gnews.cz\/cs_cz\/wp-json\/wp\/v2\/media\/43461"}],"wp:attachment":[{"href":"https:\/\/gnews.cz\/cs_cz\/wp-json\/wp\/v2\/media?parent=43459"}],"wp:term":[{"taxonomy":"category","embeddable":true,"href":"https:\/\/gnews.cz\/cs_cz\/wp-json\/wp\/v2\/categories?post=43459"},{"taxonomy":"post_tag","embeddable":true,"href":"https:\/\/gnews.cz\/cs_cz\/wp-json\/wp\/v2\/tags?post=43459"}],"curies":[{"name":"wp","href":"https:\/\/api.w.org\/{rel}","templated":true}]}}