{"id":43462,"date":"2026-04-01T16:19:18","date_gmt":"2026-04-01T14:19:18","guid":{"rendered":"https:\/\/gnews.cz\/?p=43462"},"modified":"2026-04-03T18:25:48","modified_gmt":"2026-04-03T16:25:48","slug":"analytik-ioannis-sideropulos-cina-je-v-kriticke-situaci-pevna-na-svych-nohou","status":"publish","type":"post","link":"https:\/\/gnews.cz\/cs_cz\/neprehlednete\/analytik-ioannis-sideropulos-cina-je-v-kriticke-situaci-pevna-na-svych-nohou\/","title":{"rendered":"Analytik Ioannis Sideropulos: \u010c\u00edna je v kritick\u00e9 situaci pevn\u00e1 na sv\u00fdch nohou"},"content":{"rendered":"\n<p id=\"wnd_TextBlock_51201775226012015392_inner_0\"><strong>Novin\u00e1\u0159 a publicista specializuj\u00edc\u00ed se na zahrani\u010dn\u00ed politiku Ioannis Sideropulos uvedl, \u017ee v nyn\u011bj\u0161\u00ed situaci jsme sv\u011bdky velmi slo\u017eit\u00e9ho v\u00fdvoje, kdy m\u00e1me konflikt v \u00cdr\u00e1nu, kter\u00fd se p\u0159\u00edmo dot\u00fdk\u00e1 \u010c\u00ednsk\u00e9 lidov\u00e9 republiky.<\/strong><\/p>\n\n\n\n<p id=\"wnd_TextBlock_51201775226012015392_inner_1\">Podle jeho slov je situace pro ostatn\u00ed zem\u011b sv\u011bta velmi kritick\u00e1, proto\u017ee jsou na dod\u00e1vk\u00e1ch z \u00cdr\u00e1nu absolutn\u011b z\u00e1visl\u00e9. Z\u00e1rove\u0148 p\u0159ipomn\u011bl, \u017ee p\u0159edseda Si na samotn\u00e9m za\u010d\u00e1tku sv\u00e9ho p\u0159edsednictv\u00ed vyhl\u00e1sil program sob\u011bsta\u010dnosti \u010c\u00edny. Tato sob\u011bsta\u010dnost se podle n\u011bj ve dvou slovech vyjad\u0159ovala: &#8222;v misce r\u00fd\u017ee a misce energie&#8220;, kterou budou m\u00edt \u010c\u00ed\u0148an\u00e9 pro sebe.<\/p>\n\n\n\n<p id=\"wnd_TextBlock_51201775226012015392_inner_2\">Sideropulos zd\u016fraznil, \u017ee v dne\u0161n\u00ed situaci m\u00e1 \u010c\u00edna dostate\u010dn\u00e9 z\u00e1soby a je pevn\u00e1 na sv\u00fdch nohou, aby mohla vyjedn\u00e1vat se sv\u011btov\u00fdm hegemonem a vyhl\u00e1sit otev\u0159enou politiku spolupr\u00e1ce a m\u00edru, kter\u00e1 by mohla lidstvo v\u00e9st k lep\u0161\u00edmu z\u00edt\u0159ku.<\/p>\n\n\n\n<p id=\"wnd_TextBlock_51201775226012015392_inner_3\">Polo\u017eil tak\u00e9 ot\u00e1zku, zda Spojen\u00e9 st\u00e1ty americk\u00e9 dok\u00e1\u017eou zvednout tuto rukavici.<\/p>\n\n\n\n<p id=\"wnd_TextBlock_51201775226012015392_inner_4\">Podle analytika jsou Spojen\u00e9 st\u00e1ty dnes v pozici slab\u00e9ho partnera, proto\u017ee si zpo\u010d\u00e1tku myslely, \u017ee budou v\u016f\u010di \u010c\u00edn\u011b postupovat z pozice siln\u00e9ho partnera. V\u00fdvoj v \u00cdr\u00e1nu v\u0161ak nen\u00ed takov\u00fd, jak si Ameri\u010dan\u00e9 p\u0159edstavovali. I kdy\u017e je podle n\u011bj dost mo\u017en\u00e9, \u017ee v\u00fdvoj pro \u00cdr\u00e1n nebude pozitivn\u00ed, u\u017e jen samotn\u00fd v\u00fdvoj sv\u011btov\u00fdch cen se dot\u00fdk\u00e1 samotn\u00fdch Spojen\u00fdch st\u00e1t\u016f. Proto podle Sideropulose Spojen\u00e9 st\u00e1ty nemohly vyjedn\u00e1vat z pozice siln\u00e9ho s \u010c\u00ednou.<\/p>\n\n\n\n<p id=\"wnd_TextBlock_51201775226012015392_inner_5\"><a href=\"https:\/\/ksc4.cms.webnode.cz\/l\/analytik-ioannis-sideropulos-cina-je-v-kriticke-situaci-pevna-na-svych-nohou\/#\"><strong>CMG<\/strong><\/a><\/p>\n","protected":false},"excerpt":{"rendered":"<p>Novin\u00e1\u0159 a publicista specializuj\u00edc\u00ed se na zahrani\u010dn\u00ed politiku Ioannis Sideropulos uvedl, \u017ee v nyn\u011bj\u0161\u00ed situaci jsme sv\u011bdky velmi slo\u017eit\u00e9ho v\u00fdvoje, kdy m\u00e1me&hellip;<\/p>\n","protected":false},"author":6,"featured_media":43480,"comment_status":"open","ping_status":"closed","sticky":false,"template":"","format":"video","meta":{"_acf_changed":false,"_lmt_disableupdate":"","_lmt_disable":"","footnotes":""},"categories":[2968,3,7,550,2973],"tags":[22,18,760,10433,38],"class_list":["post-43462","post","type-post","status-publish","format-video","has-post-thumbnail","hentry","category-domaci","category-neprehlednete","category-politika","category-videa","category-zahranicni","tag-cina","tag-cmg","tag-iran-3","tag-sobestacnost","tag-usa","post_format-post-format-video"],"acf":[],"aioseo_notices":[],"_links":{"self":[{"href":"https:\/\/gnews.cz\/cs_cz\/wp-json\/wp\/v2\/posts\/43462","targetHints":{"allow":["GET"]}}],"collection":[{"href":"https:\/\/gnews.cz\/cs_cz\/wp-json\/wp\/v2\/posts"}],"about":[{"href":"https:\/\/gnews.cz\/cs_cz\/wp-json\/wp\/v2\/types\/post"}],"author":[{"embeddable":true,"href":"https:\/\/gnews.cz\/cs_cz\/wp-json\/wp\/v2\/users\/6"}],"replies":[{"embeddable":true,"href":"https:\/\/gnews.cz\/cs_cz\/wp-json\/wp\/v2\/comments?post=43462"}],"version-history":[{"count":1,"href":"https:\/\/gnews.cz\/cs_cz\/wp-json\/wp\/v2\/posts\/43462\/revisions"}],"predecessor-version":[{"id":43463,"href":"https:\/\/gnews.cz\/cs_cz\/wp-json\/wp\/v2\/posts\/43462\/revisions\/43463"}],"wp:featuredmedia":[{"embeddable":true,"href":"https:\/\/gnews.cz\/cs_cz\/wp-json\/wp\/v2\/media\/43480"}],"wp:attachment":[{"href":"https:\/\/gnews.cz\/cs_cz\/wp-json\/wp\/v2\/media?parent=43462"}],"wp:term":[{"taxonomy":"category","embeddable":true,"href":"https:\/\/gnews.cz\/cs_cz\/wp-json\/wp\/v2\/categories?post=43462"},{"taxonomy":"post_tag","embeddable":true,"href":"https:\/\/gnews.cz\/cs_cz\/wp-json\/wp\/v2\/tags?post=43462"}],"curies":[{"name":"wp","href":"https:\/\/api.w.org\/{rel}","templated":true}]}}