{"id":43467,"date":"2026-04-03T11:54:00","date_gmt":"2026-04-03T09:54:00","guid":{"rendered":"https:\/\/gnews.cz\/?p=43467"},"modified":"2026-04-03T17:08:54","modified_gmt":"2026-04-03T15:08:54","slug":"nerusil-vztahy-s-cinou-maji-stat-na-pragmatismu-a-vzajemnem-respektu","status":"publish","type":"post","link":"https:\/\/gnews.cz\/cs_cz\/politika\/nerusil-vztahy-s-cinou-maji-stat-na-pragmatismu-a-vzajemnem-respektu\/","title":{"rendered":"Neru\u0161il: Vztahy s \u010c\u00ednou maj\u00ed st\u00e1t na pragmatismu a vz\u00e1jemn\u00e9m respektu"},"content":{"rendered":"\n<p id=\"wnd_TextBlock_50351775228124520362_inner_0\"><strong>Josef Neru\u0161il, poslanec Parlamentu \u010cR za SPD, krajsk\u00fd p\u0159edseda pra\u017esk\u00e9 SPD a zastupitel hlavn\u00edho m\u011bsta Prahy, uvedl, \u017ee i p\u0159es kritiku sou\u010dasn\u00e9 vl\u00e1dy pokra\u010doval r\u016fst \u010desko-\u010d\u00ednsk\u00e9ho obchodu tempem kolem deseti procent ro\u010dn\u011b. Podle n\u011bj by vztahy mezi \u010ceskou republikou a \u010c\u00ednou m\u011bly b\u00fdt zalo\u017een\u00e9 p\u0159edev\u0161\u00edm na pragmatick\u00e9 \u00favaze a vz\u00e1jemn\u00e9m respektu.<\/strong><\/p>\n\n\n\n<p id=\"wnd_TextBlock_50351775228124520362_inner_1\">Ve sv\u00e9m vystoupen\u00ed kritizoval p\u0159\u00edstup Evropsk\u00e9 unie k prosazov\u00e1n\u00ed elektromobility a dal\u0161\u00edch zm\u011bn v ekonomice. <em>&#8222;Jsem sv\u00fdm zp\u016fsobem fanou\u0161ek elektromobility, ale nikoliv zp\u016fsobu, jak\u00fdm se sna\u017e\u00ed EU elektromobilitu vylo\u017een\u011b vynutit,&#8220;<\/em> \u0159ekl. Naopak v \u010d\u00ednsk\u00e9m syst\u00e9mu dlouhodob\u00e9ho pl\u00e1nov\u00e1n\u00ed vid\u00ed podle sv\u00fdch slov v\u00fdhodu. <em>&#8222;Pr\u00e1v\u011b d\u00edky t\u011bm p\u011btiletk\u00e1m se v \u010c\u00edn\u011b rozvoj elektromobility da\u0159\u00ed<\/em>,&#8220; uvedl.<\/p>\n\n\n\n<p id=\"wnd_TextBlock_50351775228124520362_inner_2\">Neru\u0161il p\u0159ipomn\u011bl tak\u00e9 sv\u00e9 zku\u0161enosti ze zahrani\u010d\u00ed, zejm\u00e9na z Afriky a Braz\u00edlie, kde podle n\u011bj \u010d\u00ednsk\u00e1 spolupr\u00e1ce funguje efektivn\u011b a f\u00e9rov\u011bji ne\u017e model prosazovan\u00fd Spojen\u00fdmi st\u00e1ty<em>. &#8222;Ta spolupr\u00e1ce mezi \u010c\u00ednou a Braz\u00edli\u00ed prob\u00edh\u00e1 tro\u0161ku jinak. Braz\u00edlie dod\u00e1v\u00e1 zem\u011bd\u011blsk\u00e9 produkty a na opl\u00e1tku z\u00edsk\u00e1v\u00e1 technologie,&#8220; <\/em>popsal.<\/p>\n\n\n\n<p id=\"wnd_TextBlock_50351775228124520362_inner_3\">Za d\u016fle\u017eit\u00fd ozna\u010dil i \u010dist\u011b obchodn\u00ed rozm\u011br vztah\u016f bez politick\u00fdch ambic\u00ed. <em>&#8222;Mysl\u00edm si, \u017ee by to m\u011blo b\u00fdt zalo\u017eeno na pragmatick\u00e9 \u00favaze a i na n\u011bjak\u00e9m vz\u00e1jemn\u00e9m respektu,&#8220;<\/em> \u0159ekl. Podle n\u011bj m\u00e1 \u010cesk\u00e1 republika i p\u0159es svou velikost st\u00e1le co nab\u00eddnout a m\u016f\u017ee na dosavadn\u00ed vztahy s \u010c\u00ednou navazovat.<\/p>\n\n\n\n<p id=\"wnd_TextBlock_50351775228124520362_inner_4\">Na z\u00e1v\u011br zm\u00ednil p\u0159\u00edklad z technick\u00e9ho muzea v Sinsheimu, kde podle n\u011bj kontrast mezi n\u011bmeck\u00fdm neuskute\u010dn\u011bn\u00fdm projektem maglevu a \u010d\u00ednsk\u00fdm rozvojem \u017eelezni\u010dn\u00edch technologi\u00ed ukazuje rozd\u00edln\u00e9 p\u0159\u00edstupy k pr\u016fmyslov\u00e9mu a technologick\u00e9mu rozvoji.<\/p>\n\n\n\n<p id=\"wnd_TextBlock_50351775228124520362_inner_5\"><a href=\"https:\/\/ksc4.cms.webnode.cz\/l\/nerusil-vztahy-s-cinou-maji-stat-na-pragmatismu-a-vzajemnem-respektu\/#\"><strong>CMG<\/strong><\/a><\/p>\n","protected":false},"excerpt":{"rendered":"<p>Josef Neru\u0161il, poslanec Parlamentu \u010cR za SPD, krajsk\u00fd p\u0159edseda pra\u017esk\u00e9 SPD a zastupitel hlavn\u00edho m\u011bsta Prahy, uvedl, \u017ee i p\u0159es kritiku sou\u010dasn\u00e9&hellip;<\/p>\n","protected":false},"author":6,"featured_media":43469,"comment_status":"open","ping_status":"closed","sticky":false,"template":"","format":"video","meta":{"_acf_changed":false,"_lmt_disableupdate":"","_lmt_disable":"","footnotes":""},"categories":[2968,7,550],"tags":[12241,22,18,968,219],"class_list":["post-43467","post","type-post","status-publish","format-video","has-post-thumbnail","hentry","category-domaci","category-politika","category-videa","tag-cesko-cinsky-obchod","tag-cina","tag-cmg","tag-elektromobilita","tag-technologie","post_format-post-format-video"],"acf":[],"aioseo_notices":[],"_links":{"self":[{"href":"https:\/\/gnews.cz\/cs_cz\/wp-json\/wp\/v2\/posts\/43467","targetHints":{"allow":["GET"]}}],"collection":[{"href":"https:\/\/gnews.cz\/cs_cz\/wp-json\/wp\/v2\/posts"}],"about":[{"href":"https:\/\/gnews.cz\/cs_cz\/wp-json\/wp\/v2\/types\/post"}],"author":[{"embeddable":true,"href":"https:\/\/gnews.cz\/cs_cz\/wp-json\/wp\/v2\/users\/6"}],"replies":[{"embeddable":true,"href":"https:\/\/gnews.cz\/cs_cz\/wp-json\/wp\/v2\/comments?post=43467"}],"version-history":[{"count":1,"href":"https:\/\/gnews.cz\/cs_cz\/wp-json\/wp\/v2\/posts\/43467\/revisions"}],"predecessor-version":[{"id":43468,"href":"https:\/\/gnews.cz\/cs_cz\/wp-json\/wp\/v2\/posts\/43467\/revisions\/43468"}],"wp:featuredmedia":[{"embeddable":true,"href":"https:\/\/gnews.cz\/cs_cz\/wp-json\/wp\/v2\/media\/43469"}],"wp:attachment":[{"href":"https:\/\/gnews.cz\/cs_cz\/wp-json\/wp\/v2\/media?parent=43467"}],"wp:term":[{"taxonomy":"category","embeddable":true,"href":"https:\/\/gnews.cz\/cs_cz\/wp-json\/wp\/v2\/categories?post=43467"},{"taxonomy":"post_tag","embeddable":true,"href":"https:\/\/gnews.cz\/cs_cz\/wp-json\/wp\/v2\/tags?post=43467"}],"curies":[{"name":"wp","href":"https:\/\/api.w.org\/{rel}","templated":true}]}}