{"id":43482,"date":"2026-04-04T01:30:00","date_gmt":"2026-04-03T23:30:00","guid":{"rendered":"https:\/\/gnews.cz\/?p=43482"},"modified":"2026-04-04T00:26:48","modified_gmt":"2026-04-03T22:26:48","slug":"americky-vojensky-rozpocet-pocita-s-modernizaci-a-diverzifikaci-jadernych-sil-prostredky-jsou-pro-americkou-obranu","status":"publish","type":"post","link":"https:\/\/gnews.cz\/cs_cz\/tema\/americky-vojensky-rozpocet-pocita-s-modernizaci-a-diverzifikaci-jadernych-sil-prostredky-jsou-pro-americkou-obranu\/","title":{"rendered":"Americk\u00fd vojensk\u00fd rozpo\u010det po\u010d\u00edt\u00e1 s modernizac\u00ed a diverzifikac\u00ed jadern\u00fdch sil, prost\u0159edky jsou pro americkou obranu"},"content":{"rendered":"\n<p><strong>WASHINGTON, 3. dubna. N\u00e1vrh americk\u00e9ho vojensk\u00e9ho rozpo\u010dtu na fisk\u00e1ln\u00ed rok 2027, kter\u00fd B\u00edl\u00fd d\u016fm p\u0159edlo\u017eil Kongresu, po\u010d\u00edt\u00e1 s p\u0159id\u011blen\u00edm finan\u010dn\u00edch prost\u0159edk\u016f na modernizaci a diverzifikaci strategick\u00fdch jadern\u00fdch zbran\u00ed, uvedl B\u00edl\u00fd d\u016fm ve sv\u00e9m ozn\u00e1men\u00ed.<\/strong><\/p>\n\n\n\n<blockquote class=\"wp-block-quote is-layout-flow wp-block-quote-is-layout-flow\">\n<p><strong>\u201eProst\u0159ednictv\u00edm modernizace a diverzifikace jadern\u00fdch sil a rekapitalizace jadern\u00fdch velitelsk\u00fdch, \u0159\u00eddic\u00edch a komunika\u010dn\u00edch schopnost\u00ed rozpo\u010det podporuje odstra\u0161uj\u00edc\u00ed prost\u0159edky jako z\u00e1klad americk\u00e9 obrany proti hrozb\u00e1m pro vlast a \u017eivotn\u011b d\u016fle\u017eit\u00e9 strategick\u00e9 z\u00e1jmy Ameriky,\u201c uv\u00e1d\u00ed se v zve\u0159ejn\u011bn\u00e9m dokumentu.<\/strong><\/p>\n<\/blockquote>\n\n\n\n<p><strong><a href=\"https:\/\/tass.com\/world\/2111639\" target=\"_blank\" rel=\"noopener\" title=\"\">TASS\/<\/a>gnews.cz<\/strong><\/p>\n","protected":false},"excerpt":{"rendered":"<p>WASHINGTON, 3. dubna. N\u00e1vrh americk\u00e9ho vojensk\u00e9ho rozpo\u010dtu na fisk\u00e1ln\u00ed rok 2027, kter\u00fd B\u00edl\u00fd d\u016fm p\u0159edlo\u017eil Kongresu, po\u010d\u00edt\u00e1 s p\u0159id\u011blen\u00edm finan\u010dn\u00edch prost\u0159edk\u016f na&hellip;<\/p>\n","protected":false},"author":10,"featured_media":43483,"comment_status":"open","ping_status":"closed","sticky":false,"template":"","format":"standard","meta":{"_acf_changed":false,"_lmt_disableupdate":"","_lmt_disable":"","footnotes":""},"categories":[3,7,1,580,2973],"tags":[12246,11438,45,496,11698,12248,12245,10,668,17,38,12247,12244,41],"class_list":["post-43482","post","type-post","status-publish","format-standard","has-post-thumbnail","hentry","category-neprehlednete","category-politika","category-tema","category-vyber-sefredaktora","category-zahranicni","tag-americka-obrana","tag-byli-dum","tag-cr","tag-donald-trump","tag-hrozby","tag-jaderne-sily","tag-jadernych-velitelstvych","tag-news","tag-prezident-usa","tag-top","tag-usa","tag-vlast","tag-vojensky-rozpocet","tag-world"],"acf":[],"aioseo_notices":[],"_links":{"self":[{"href":"https:\/\/gnews.cz\/cs_cz\/wp-json\/wp\/v2\/posts\/43482","targetHints":{"allow":["GET"]}}],"collection":[{"href":"https:\/\/gnews.cz\/cs_cz\/wp-json\/wp\/v2\/posts"}],"about":[{"href":"https:\/\/gnews.cz\/cs_cz\/wp-json\/wp\/v2\/types\/post"}],"author":[{"embeddable":true,"href":"https:\/\/gnews.cz\/cs_cz\/wp-json\/wp\/v2\/users\/10"}],"replies":[{"embeddable":true,"href":"https:\/\/gnews.cz\/cs_cz\/wp-json\/wp\/v2\/comments?post=43482"}],"version-history":[{"count":1,"href":"https:\/\/gnews.cz\/cs_cz\/wp-json\/wp\/v2\/posts\/43482\/revisions"}],"predecessor-version":[{"id":43484,"href":"https:\/\/gnews.cz\/cs_cz\/wp-json\/wp\/v2\/posts\/43482\/revisions\/43484"}],"wp:featuredmedia":[{"embeddable":true,"href":"https:\/\/gnews.cz\/cs_cz\/wp-json\/wp\/v2\/media\/43483"}],"wp:attachment":[{"href":"https:\/\/gnews.cz\/cs_cz\/wp-json\/wp\/v2\/media?parent=43482"}],"wp:term":[{"taxonomy":"category","embeddable":true,"href":"https:\/\/gnews.cz\/cs_cz\/wp-json\/wp\/v2\/categories?post=43482"},{"taxonomy":"post_tag","embeddable":true,"href":"https:\/\/gnews.cz\/cs_cz\/wp-json\/wp\/v2\/tags?post=43482"}],"curies":[{"name":"wp","href":"https:\/\/api.w.org\/{rel}","templated":true}]}}