{"id":43488,"date":"2026-04-04T12:30:00","date_gmt":"2026-04-04T10:30:00","guid":{"rendered":"https:\/\/gnews.cz\/?p=43488"},"modified":"2026-04-04T00:56:11","modified_gmt":"2026-04-03T22:56:11","slug":"velikonocni-trhy-na-staromestskem-namesti-v-praze-2026","status":"publish","type":"post","link":"https:\/\/gnews.cz\/cs_cz\/tema\/velikonocni-trhy-na-staromestskem-namesti-v-praze-2026\/","title":{"rendered":"Velikono\u010dn\u00ed trhy na Starom\u011bstsk\u00e9m n\u00e1m\u011bst\u00ed v Praze 2026"},"content":{"rendered":"\n<p><strong>PRAHA &#8211; zavon\u00ed jarem a oslav\u00ed Velikonoce nejv\u011bt\u0161\u00edmi trhy v \u010cesk\u00e9 republice. Jarn\u00ed trhy nab\u00eddnou lidovou z\u00e1bavu, uk\u00e1zky tradi\u010dn\u00edch zvyk\u016f a \u0159emesel i dobr\u00e9 j\u00eddlo. Velikono\u010dn\u00ed trhy na Starom\u011bstsk\u00e9m n\u00e1m\u011bst\u00ed budou otev\u0159eny ve dnech 21. 3. \u2013 12. 4. 2026. Historick\u00e9 centrum hlavn\u00edho m\u011bsta Prahy, jmenovit\u011b Starom\u011bstsk\u00e9 n\u00e1m\u011bst\u00ed, V\u00e1clavsk\u00e9\u00a0n\u00e1m\u011bst\u00ed\u00a0p\u0159iv\u00edtaj\u00ed sv\u00e1tky jara tradi\u010dn\u00edmi Velikono\u010dn\u00edmi trhy, kter\u00e9 otev\u0159ou sv\u00e9 br\u00e1ny n\u00e1v\u0161t\u011bvn\u00edk\u016fm od 21. b\u0159ezna do 12. dubna 2026.<\/strong><\/p>\n\n\n\n<h2 class=\"wp-block-heading\"><strong>V duchu n\u00e1rodn\u00edch tradic &#8211; jarn\u00ed trhy Starom\u011bstsk\u00e9 n\u00e1m\u011bst\u00ed<\/strong><\/h2>\n\n\n\n<p>Neodmyslitelnou sou\u010d\u00e1st\u00ed Velikono\u010dn\u00edch trh\u016f je z\u00e1bava, uk\u00e1zky tradi\u010dn\u00edch zvyk\u016f a \u0159emesel i dobr\u00e9 j\u00eddlo a pit\u00ed. Ve stylov\u011b dekorovan\u00fdch prodejn\u00edch st\u00e1nc\u00edch nab\u00eddnou v\u00fdrobci, \u0159emesln\u00edci a prodejci typick\u00e9 velikono\u010dn\u00ed zbo\u017e\u00ed, jarn\u00ed d\u00e1rky a speciality. K zakoupen\u00ed bude n\u011bkolik druh\u016f kraslic, keramika, ubrusy i de\u010dky s jarn\u00edmi motivy, v\u00fdrobky z prout\u00ed, \u0161ust\u00ed a sl\u00e1my a mnoho dal\u0161\u00edho.<\/p>\n\n\n\n<h2 class=\"wp-block-heading\"><strong>Autentick\u00e1 \u0159emesla i bohat\u00fd kulturn\u00ed program v Praze<\/strong><\/h2>\n\n\n\n<p>Velikono\u010dn\u00ed\u00a0 trhy nab\u00edz\u00ed nejen z\u00e1bavu, bohat\u00fd sortiment dobr\u00e9ho j\u00eddla pit\u00ed, ale i autentick\u00e9 uk\u00e1zky tradi\u010dn\u00edch zvyk\u016f a \u0159emesel.\u00a0Centrem d\u011bn\u00ed bude tradi\u010dn\u011b velikono\u010dn\u00ed zdoben\u00e1 b\u0159\u00edza, pod kterou si v odpoledn\u00edch hodin\u00e1ch m\u016f\u017eete u\u017e\u00edt kulturn\u00ed program.\u00a0Vystoup\u00ed zde profesion\u00e1ln\u00ed i amat\u00e9rsk\u00e9 p\u011bveck\u00e9 \u010di tane\u010dn\u00ed soubory a n\u00e1rodopisn\u00e1 a folklorn\u00ed seskupen\u00ed z r\u016fzn\u00fdch kout\u016f \u010cesk\u00e9 republiky i zahrani\u010d\u00ed. Pestr\u00fd bude i \u0159emesln\u00fd program pro d\u011bti i dosp\u011bl\u00e9, chyb\u011bt nebudou d\u011btsk\u00e9 d\u00edlny a pleten\u00ed poml\u00e1zek.\u00a0T\u011b\u0161it se m\u016f\u017eete i na interaktivn\u00ed tabule s k\u0159\u00eddami, mezigenera\u010dn\u00ed d\u00edlny pro d\u011bti nebo vesel\u00e9 fotokoutky. Starom\u011bstsk\u00e9 n\u00e1m\u011bst\u00ed rozvon\u00ed \u017eiv\u00e9 kv\u011btiny, kter\u00e9 se objev\u00ed po cel\u00e9m prostoru ve velk\u00fdch truhl\u00edc\u00edch.\u00a0<\/p>\n\n\n\n<figure class=\"wp-block-gallery has-nested-images columns-default is-cropped wp-block-gallery-1 is-layout-flex wp-block-gallery-is-layout-flex\">\n<figure class=\"wp-block-image size-large\"><img fetchpriority=\"high\" decoding=\"async\" width=\"1024\" height=\"678\" data-id=\"43491\" src=\"https:\/\/gnews.cz\/wp-content\/uploads\/2026\/04\/207259d7-304d-41a7-aaad-bc7d3881a769-1024x678.webp\" alt=\"\" class=\"wp-image-43491\" srcset=\"https:\/\/gnews.cz\/wp-content\/uploads\/2026\/04\/207259d7-304d-41a7-aaad-bc7d3881a769-1024x678.webp 1024w, https:\/\/gnews.cz\/wp-content\/uploads\/2026\/04\/207259d7-304d-41a7-aaad-bc7d3881a769-300x199.webp 300w, https:\/\/gnews.cz\/wp-content\/uploads\/2026\/04\/207259d7-304d-41a7-aaad-bc7d3881a769-768x508.webp 768w, https:\/\/gnews.cz\/wp-content\/uploads\/2026\/04\/207259d7-304d-41a7-aaad-bc7d3881a769-18x12.webp 18w, https:\/\/gnews.cz\/wp-content\/uploads\/2026\/04\/207259d7-304d-41a7-aaad-bc7d3881a769-1170x774.webp 1170w, https:\/\/gnews.cz\/wp-content\/uploads\/2026\/04\/207259d7-304d-41a7-aaad-bc7d3881a769-780x516.webp 780w, https:\/\/gnews.cz\/wp-content\/uploads\/2026\/04\/207259d7-304d-41a7-aaad-bc7d3881a769-585x387.webp 585w, https:\/\/gnews.cz\/wp-content\/uploads\/2026\/04\/207259d7-304d-41a7-aaad-bc7d3881a769-263x175.webp 263w, https:\/\/gnews.cz\/wp-content\/uploads\/2026\/04\/207259d7-304d-41a7-aaad-bc7d3881a769.webp 1360w\" sizes=\"(max-width: 1024px) 100vw, 1024px\" \/><\/figure>\n<\/figure>\n\n\n\n<h2 class=\"wp-block-heading\">Tradi\u010dn\u00ed speciality v centru Prahy<\/h2>\n\n\n\n<p>Nezam\u011bniteln\u00e9 kouzlo velikono\u010dn\u00edch sv\u00e1tk\u016f vytv\u00e1\u0159\u00ed i gastronomick\u00e9 speciality.\u00a0K zakoupen\u00ed bude p\u0159edev\u0161\u00edm tradi\u010dn\u00ed jarn\u00ed a velikono\u010dn\u00ed zbo\u017e\u00ed s d\u016frazem na \u010desk\u00e9 v\u00fdrobky. Krom\u011b obl\u00edben\u00e9 klob\u00e1sy z \u010desk\u00e9ho masa a vo\u0148av\u00fdch pern\u00ed\u010dk\u016f si host\u00e9 trh\u016f vychutnaj\u00ed tradi\u010dn\u00ed pokrmy jako je velikono\u010dn\u00ed ber\u00e1nek, sladk\u00fd mazanec, vaje\u010dnou pomaz\u00e1nku nebo jarn\u00ed n\u00e1divku. V nab\u00eddce budou tak\u00e9 Lok\u0161e, Frg\u00e1ly, vegetari\u00e1nsk\u00e9 pokrmy a kope\u010dkov\u00e1 zmrzlina. Pochutiny dopln\u00ed drobn\u00e9 dekorace s velikono\u010dn\u00edmi a jarn\u00edmi motivy. Ke koupi bude keramika, poml\u00e1zky, kraslice v\u010detn\u011b dr\u00e1tovan\u00fdch a d\u0159ev\u011bn\u00fdch, h\u00e1\u010dkovan\u00e9 de\u010dky, v\u00fdrobky z prout\u00ed, \u0161ust\u00ed a sl\u00e1my a mnoho dal\u0161\u00edho.<\/p>\n\n\n\n<p>Trhy budou op\u011bt o n\u011bco ekologi\u010dt\u011bj\u0161\u00ed. Ozdoby jsou z recyklovan\u00e9ho materi\u00e1lu, chyb\u011bt nebudou sb\u011bra\u010de na kel\u00edmky a kel\u00edmky, p\u0159\u00edbory i br\u010dka jsou pln\u011b recyklovateln\u00e9.\u00a0Ve t\u0159ech st\u00e1nc\u00edch se budou po celou dobu trh\u016f st\u0159\u00eddat tak\u00e9 r\u016fzn\u00e1 charitativn\u00ed sdru\u017een\u00ed s\u00a0prodejem sv\u00fdch v\u00fdrobk\u016f.<\/p>\n\n\n\n<p><strong><a href=\"https:\/\/www.kudyznudy.cz\/akce\/velikonocni-trhy-v-praze-staromestske-namesti\" target=\"_blank\" rel=\"noopener\" title=\"\">kudyznudy.cz<\/a>\/gnews.cz<\/strong><\/p>\n\n\n\n<figure class=\"wp-block-gallery has-nested-images columns-default is-cropped wp-block-gallery-2 is-layout-flex wp-block-gallery-is-layout-flex\">\n<figure class=\"wp-block-image size-large\"><img decoding=\"async\" width=\"1024\" height=\"632\" data-id=\"43492\" src=\"https:\/\/gnews.cz\/wp-content\/uploads\/2026\/04\/Screenshot_20260404_014500-1024x632.webp\" alt=\"\" class=\"wp-image-43492\" srcset=\"https:\/\/gnews.cz\/wp-content\/uploads\/2026\/04\/Screenshot_20260404_014500-1024x632.webp 1024w, https:\/\/gnews.cz\/wp-content\/uploads\/2026\/04\/Screenshot_20260404_014500-300x185.webp 300w, https:\/\/gnews.cz\/wp-content\/uploads\/2026\/04\/Screenshot_20260404_014500-768x474.webp 768w, https:\/\/gnews.cz\/wp-content\/uploads\/2026\/04\/Screenshot_20260404_014500-18x12.webp 18w, https:\/\/gnews.cz\/wp-content\/uploads\/2026\/04\/Screenshot_20260404_014500-1170x723.webp 1170w, https:\/\/gnews.cz\/wp-content\/uploads\/2026\/04\/Screenshot_20260404_014500-585x361.webp 585w, https:\/\/gnews.cz\/wp-content\/uploads\/2026\/04\/Screenshot_20260404_014500.webp 1187w\" sizes=\"(max-width: 1024px) 100vw, 1024px\" \/><\/figure>\n<\/figure>\n","protected":false},"excerpt":{"rendered":"<p>PRAHA &#8211; zavon\u00ed jarem a oslav\u00ed Velikonoce nejv\u011bt\u0161\u00edmi trhy v \u010cesk\u00e9 republice. Jarn\u00ed trhy nab\u00eddnou lidovou z\u00e1bavu, uk\u00e1zky tradi\u010dn\u00edch zvyk\u016f a \u0159emesel&hellip;<\/p>\n","protected":false},"author":10,"featured_media":43489,"comment_status":"open","ping_status":"closed","sticky":false,"template":"","format":"standard","meta":{"_acf_changed":false,"_lmt_disableupdate":"","_lmt_disable":"","footnotes":""},"categories":[2968,6,3,1,3104,580,8,5],"tags":[12261,45,12259,12263,269,12264,12260,10048,17,12262,12265,12258,41,1740],"class_list":["post-43488","post","type-post","status-publish","format-standard","has-post-thumbnail","hentry","category-domaci","category-kultura","category-neprehlednete","category-tema","category-veda","category-vyber-sefredaktora","category-zabava","category-zdravy-styl","tag-beranek","tag-cr","tag-historicke-centrum-hlavniho-mesta-prahy","tag-kopeckova-zrzlina","tag-praha","tag-sladky-mazanec","tag-speciality","tag-staromestske-namesti","tag-top","tag-vajecna-pomazanka","tag-velikonocni-ozdoby","tag-velikonocni-trhy","tag-world","tag-zabava"],"acf":[],"aioseo_notices":[],"_links":{"self":[{"href":"https:\/\/gnews.cz\/cs_cz\/wp-json\/wp\/v2\/posts\/43488","targetHints":{"allow":["GET"]}}],"collection":[{"href":"https:\/\/gnews.cz\/cs_cz\/wp-json\/wp\/v2\/posts"}],"about":[{"href":"https:\/\/gnews.cz\/cs_cz\/wp-json\/wp\/v2\/types\/post"}],"author":[{"embeddable":true,"href":"https:\/\/gnews.cz\/cs_cz\/wp-json\/wp\/v2\/users\/10"}],"replies":[{"embeddable":true,"href":"https:\/\/gnews.cz\/cs_cz\/wp-json\/wp\/v2\/comments?post=43488"}],"version-history":[{"count":2,"href":"https:\/\/gnews.cz\/cs_cz\/wp-json\/wp\/v2\/posts\/43488\/revisions"}],"predecessor-version":[{"id":43493,"href":"https:\/\/gnews.cz\/cs_cz\/wp-json\/wp\/v2\/posts\/43488\/revisions\/43493"}],"wp:featuredmedia":[{"embeddable":true,"href":"https:\/\/gnews.cz\/cs_cz\/wp-json\/wp\/v2\/media\/43489"}],"wp:attachment":[{"href":"https:\/\/gnews.cz\/cs_cz\/wp-json\/wp\/v2\/media?parent=43488"}],"wp:term":[{"taxonomy":"category","embeddable":true,"href":"https:\/\/gnews.cz\/cs_cz\/wp-json\/wp\/v2\/categories?post=43488"},{"taxonomy":"post_tag","embeddable":true,"href":"https:\/\/gnews.cz\/cs_cz\/wp-json\/wp\/v2\/tags?post=43488"}],"curies":[{"name":"wp","href":"https:\/\/api.w.org\/{rel}","templated":true}]}}