{"id":43525,"date":"2026-04-04T21:30:00","date_gmt":"2026-04-04T19:30:00","guid":{"rendered":"https:\/\/gnews.cz\/?p=43525"},"modified":"2026-04-04T21:12:27","modified_gmt":"2026-04-04T19:12:27","slug":"americky-prezident-donald-trump-se-vyjadril-ze-iran-ma-48-hodin-na-uzavreni-dohody-nebo-otevreni-prulivu","status":"publish","type":"post","link":"https:\/\/gnews.cz\/cs_cz\/tema\/americky-prezident-donald-trump-se-vyjadril-ze-iran-ma-48-hodin-na-uzavreni-dohody-nebo-otevreni-prulivu\/","title":{"rendered":"Americk\u00fd prezident Donald Trump se vyj\u00e1d\u0159il, \u017ee \u00cdr\u00e1n m\u00e1 48 hodin na uzav\u0159en\u00ed dohody nebo otev\u0159en\u00ed pr\u016flivu"},"content":{"rendered":"\n<p><strong>WASHINGTON, 4. dubna. Americk\u00fd prezident Donald Trump prohl\u00e1sil, \u017ee \u00cdr\u00e1n m\u00e1 48 hodin na uzav\u0159en\u00ed dohody nebo otev\u0159en\u00ed Hormuzsk\u00e9ho pr\u016flivu.<\/strong><\/p>\n\n\n\n<blockquote class=\"wp-block-quote is-layout-flow wp-block-quote-is-layout-flow\">\n<p><strong>\u201ePamatujete si, kdy\u017e jsem dal \u00cdr\u00e1nu deset dn\u00ed na uzav\u0159en\u00ed dohody nebo otev\u0159en\u00ed Hormuzsk\u00e9ho pr\u016flivu? \u010cas se kr\u00e1t\u00ed: Zb\u00fdv\u00e1 48 hodin, ne\u017e se na n\u011b snesou pekla,\u201c napsal na soci\u00e1ln\u00ed s\u00edti Truth Social.<\/strong><\/p>\n<\/blockquote>\n\n\n\n<p><strong><a href=\"https:\/\/tass.com\/world\/2111913\" target=\"_blank\" rel=\"noopener\" title=\"\">TASS<\/a>\/gnews.cz<\/strong><\/p>\n","protected":false},"excerpt":{"rendered":"<p>WASHINGTON, 4. dubna. Americk\u00fd prezident Donald Trump prohl\u00e1sil, \u017ee \u00cdr\u00e1n m\u00e1 48 hodin na uzav\u0159en\u00ed dohody nebo otev\u0159en\u00ed Hormuzsk\u00e9ho pr\u016flivu. \u201ePamatujete si,&hellip;<\/p>\n","protected":false},"author":10,"featured_media":43526,"comment_status":"open","ping_status":"closed","sticky":false,"template":"","format":"standard","meta":{"_acf_changed":false,"_lmt_disableupdate":"","_lmt_disable":"","footnotes":""},"categories":[7,658,1,2973],"tags":[12283,496,3710,760,10,44,17,8064,38,41],"class_list":["post-43525","post","type-post","status-publish","format-standard","has-post-thumbnail","hentry","category-politika","category-prectete-si","category-tema","category-zahranicni","tag-dohoda","tag-donald-trump","tag-hormuzsky-pruliv","tag-iran-3","tag-news","tag-politika","tag-top","tag-truth-social","tag-usa","tag-world"],"acf":[],"aioseo_notices":[],"_links":{"self":[{"href":"https:\/\/gnews.cz\/cs_cz\/wp-json\/wp\/v2\/posts\/43525","targetHints":{"allow":["GET"]}}],"collection":[{"href":"https:\/\/gnews.cz\/cs_cz\/wp-json\/wp\/v2\/posts"}],"about":[{"href":"https:\/\/gnews.cz\/cs_cz\/wp-json\/wp\/v2\/types\/post"}],"author":[{"embeddable":true,"href":"https:\/\/gnews.cz\/cs_cz\/wp-json\/wp\/v2\/users\/10"}],"replies":[{"embeddable":true,"href":"https:\/\/gnews.cz\/cs_cz\/wp-json\/wp\/v2\/comments?post=43525"}],"version-history":[{"count":1,"href":"https:\/\/gnews.cz\/cs_cz\/wp-json\/wp\/v2\/posts\/43525\/revisions"}],"predecessor-version":[{"id":43527,"href":"https:\/\/gnews.cz\/cs_cz\/wp-json\/wp\/v2\/posts\/43525\/revisions\/43527"}],"wp:featuredmedia":[{"embeddable":true,"href":"https:\/\/gnews.cz\/cs_cz\/wp-json\/wp\/v2\/media\/43526"}],"wp:attachment":[{"href":"https:\/\/gnews.cz\/cs_cz\/wp-json\/wp\/v2\/media?parent=43525"}],"wp:term":[{"taxonomy":"category","embeddable":true,"href":"https:\/\/gnews.cz\/cs_cz\/wp-json\/wp\/v2\/categories?post=43525"},{"taxonomy":"post_tag","embeddable":true,"href":"https:\/\/gnews.cz\/cs_cz\/wp-json\/wp\/v2\/tags?post=43525"}],"curies":[{"name":"wp","href":"https:\/\/api.w.org\/{rel}","templated":true}]}}