{"id":43543,"date":"2026-04-05T18:30:00","date_gmt":"2026-04-05T16:30:00","guid":{"rendered":"https:\/\/gnews.cz\/?p=43543"},"modified":"2026-04-05T18:45:40","modified_gmt":"2026-04-05T16:45:40","slug":"vytvoreni-vakciny-v-rusku-proti-rakovine-pro-konkretniho-pacienta-trva-priblizne-3-mesice","status":"publish","type":"post","link":"https:\/\/gnews.cz\/cs_cz\/tema\/vytvoreni-vakciny-v-rusku-proti-rakovine-pro-konkretniho-pacienta-trva-priblizne-3-mesice\/","title":{"rendered":"Vytvo\u0159en\u00ed vakc\u00edny proti rakovin\u011b pro konkr\u00e9tn\u00edho pacienta trv\u00e1 v Rusku p\u0159ibli\u017en\u011b 3 m\u011bs\u00edce"},"content":{"rendered":"\n<p><strong>SIRIUS, 5. dubna. Vytvo\u0159en\u00ed vakc\u00edny proti rakovin\u011b pro konkr\u00e9tn\u00edho pacienta trv\u00e1 p\u0159ibli\u017en\u011b t\u0159i m\u011bs\u00edce, \u0159ekl z\u00e1stupce \u0159editele N\u00e1rodn\u00edho v\u00fdzkumn\u00e9ho centra epidemiologie a mikrobiologie N. F. Gamaleji, Vladimir <strong>Alexandrovi\u010d Gu\u0161\u010din<\/strong><\/strong>.\u201c<\/p>\n\n\n\n<blockquote class=\"wp-block-quote is-layout-flow wp-block-quote-is-layout-flow\">\n<p><strong>\u201eNa vytvo\u0159en\u00ed l\u00e9ku nyn\u00ed pot\u0159ebujeme asi t\u0159i m\u011bs\u00edce. Tato doba se bude \u010dasem zkracovat,\u201c uvedl.<\/strong><\/p>\n<\/blockquote>\n\n\n\n<p>Prvn\u00ed pacient v Rusku dostal 1. dubna personalizovanou vakc\u00ednu proti rakovin\u011b dom\u00e1c\u00ed v\u00fdroby.<\/p>\n\n\n\n<p><strong><a href=\"https:\/\/tass.com\/society\/2111981\" target=\"_blank\" rel=\"noopener\" title=\"\">TASS<\/a>\/gnews.cz<\/strong><\/p>\n\n\n\n<p><\/p>\n","protected":false},"excerpt":{"rendered":"<p>SIRIUS, 5. dubna. Vytvo\u0159en\u00ed vakc\u00edny proti rakovin\u011b pro konkr\u00e9tn\u00edho pacienta trv\u00e1 p\u0159ibli\u017en\u011b t\u0159i m\u011bs\u00edce, \u0159ekl z\u00e1stupce \u0159editele N\u00e1rodn\u00edho v\u00fdzkumn\u00e9ho centra epidemiologie a&hellip;<\/p>\n","protected":false},"author":10,"featured_media":43545,"comment_status":"open","ping_status":"closed","sticky":false,"template":"","format":"standard","meta":{"_acf_changed":false,"_lmt_disableupdate":"","_lmt_disable":"","footnotes":""},"categories":[3,7,1,580,2973],"tags":[12311,12310,10,12309,12308,26,17,3197,41],"class_list":["post-43543","post","type-post","status-publish","format-standard","has-post-thumbnail","hentry","category-neprehlednete","category-politika","category-tema","category-vyber-sefredaktora","category-zahranicni","tag-gamaleja-vladimirovna-guscina","tag-narodni-centrum-epidemiologie-a-mikrobiologie","tag-news","tag-pacient","tag-rakobina","tag-rusko","tag-top","tag-vakcina","tag-world"],"acf":[],"aioseo_notices":[],"_links":{"self":[{"href":"https:\/\/gnews.cz\/cs_cz\/wp-json\/wp\/v2\/posts\/43543","targetHints":{"allow":["GET"]}}],"collection":[{"href":"https:\/\/gnews.cz\/cs_cz\/wp-json\/wp\/v2\/posts"}],"about":[{"href":"https:\/\/gnews.cz\/cs_cz\/wp-json\/wp\/v2\/types\/post"}],"author":[{"embeddable":true,"href":"https:\/\/gnews.cz\/cs_cz\/wp-json\/wp\/v2\/users\/10"}],"replies":[{"embeddable":true,"href":"https:\/\/gnews.cz\/cs_cz\/wp-json\/wp\/v2\/comments?post=43543"}],"version-history":[{"count":2,"href":"https:\/\/gnews.cz\/cs_cz\/wp-json\/wp\/v2\/posts\/43543\/revisions"}],"predecessor-version":[{"id":43561,"href":"https:\/\/gnews.cz\/cs_cz\/wp-json\/wp\/v2\/posts\/43543\/revisions\/43561"}],"wp:featuredmedia":[{"embeddable":true,"href":"https:\/\/gnews.cz\/cs_cz\/wp-json\/wp\/v2\/media\/43545"}],"wp:attachment":[{"href":"https:\/\/gnews.cz\/cs_cz\/wp-json\/wp\/v2\/media?parent=43543"}],"wp:term":[{"taxonomy":"category","embeddable":true,"href":"https:\/\/gnews.cz\/cs_cz\/wp-json\/wp\/v2\/categories?post=43543"},{"taxonomy":"post_tag","embeddable":true,"href":"https:\/\/gnews.cz\/cs_cz\/wp-json\/wp\/v2\/tags?post=43543"}],"curies":[{"name":"wp","href":"https:\/\/api.w.org\/{rel}","templated":true}]}}