{"id":43547,"date":"2026-04-07T12:00:00","date_gmt":"2026-04-07T10:00:00","guid":{"rendered":"https:\/\/gnews.cz\/?p=43547"},"modified":"2026-04-07T10:36:20","modified_gmt":"2026-04-07T08:36:20","slug":"shrnuti-uplynuleho-14-tydne-na-general-news-30-brezna-5-dubna-2026","status":"publish","type":"post","link":"https:\/\/gnews.cz\/cs_cz\/tema\/shrnuti-uplynuleho-14-tydne-na-general-news-30-brezna-5-dubna-2026\/","title":{"rendered":"Shrnut\u00ed uplynul\u00e9ho 14. t\u00fddne na General News (30. b\u0159ezna \u2013 5. dubna 2026)"},"content":{"rendered":"\n<h2 class=\"wp-block-heading\">30. b\u0159ezna 2026 <a href=\"https:\/\/gnews.cz\/wp-admin\/post.php?post=43071&amp;action=edit\" target=\"_blank\" rel=\"noopener\" title=\"\">USA a Izrael t\u00e1hnou sv\u011bt ke t\u0159et\u00ed sv\u011btov\u00e9 v\u00e1lce, varuje Jeffrey Sachs<\/a><\/h2>\n\n\n\n<blockquote class=\"wp-block-quote is-layout-flow wp-block-quote-is-layout-flow\">\n<p>Renomovan\u00fd americk\u00fd ekonom a profesor Kolumbijsk\u00e9 univerzity Jeffrey Sachs vydal ostr\u00e9 varov\u00e1n\u00ed: americko-izraelsk\u00fd \u00fatok na \u00cdr\u00e1n m\u016f\u017ee p\u0159er\u016fst v glob\u00e1ln\u00ed konflikt nev\u00eddan\u00fdch rozm\u011br\u016f. V rozhovoru pro japonsk\u00fd port\u00e1l Nikkei Asia prohl\u00e1sil, \u017ee sv\u011bt stoj\u00ed na prahu t\u0159et\u00ed sv\u011btov\u00e9 v\u00e1lky.<\/p>\n<\/blockquote>\n\n\n\n<h2 class=\"wp-block-heading\">31. b\u0159ezna 2026 <a href=\"https:\/\/gnews.cz\/wp-admin\/post.php?post=43155&amp;action=edit\" target=\"_blank\" rel=\"noopener\" title=\"\">\u010cesko slovensk\u00e9 vl\u00e1dn\u00ed zased\u00e1n\u00ed potvrdilo posilov\u00e1n\u00ed partnerstv\u00ed obou zem\u00ed<\/a><\/h2>\n\n\n\n<blockquote class=\"wp-block-quote is-layout-flow wp-block-quote-is-layout-flow\">\n<p>Na z\u00e1mku Nov\u00e1 Horka ve Stud\u00e9nce se v \u00fater\u00fd 31. b\u0159ezna 2026 uskute\u010dnilo ji\u017e dev\u00e1t\u00e9 spole\u010dn\u00e9 zased\u00e1n\u00ed vl\u00e1d \u010cesk\u00e9 a Slovensk\u00e9 republiky. Kabinety v \u010dele s premi\u00e9ry Andrejem Babi\u0161em a Robertem Ficem jednaly mimo jin\u00e9 o aktu\u00e1ln\u00ed situaci s cenami paliv a dod\u00e1vkami ropy po vypuknut\u00ed konfliktu na Bl\u00edzk\u00e9m v\u00fdchod\u011b. Premi\u00e9\u0159i obou zem\u00ed podepsali tak\u00e9 Memorandum o\u202fprohlouben\u00e9 spolupr\u00e1ci mezi vl\u00e1dou \u010cesk\u00e9 republiky a vl\u00e1dou Slovensk\u00e9 republiky, kter\u00e9 posiluje vz\u00e1jemn\u00e9 partnerstv\u00ed v\u202fkl\u00ed\u010dov\u00fdch oblastech.<\/p>\n<\/blockquote>\n\n\n\n<h2 class=\"wp-block-heading\">01. dubna 2026 <a href=\"https:\/\/gnews.cz\/wp-admin\/post.php?post=43296&amp;action=edit\" target=\"_blank\" rel=\"noopener\" title=\"\">Anal\u00fdza: Rusko-ukrajinsk\u00fd konflikt \u2013 Obrann\u00fd pr\u016fmysl, zisky, v\u00fdroba a geopolitick\u00fd vliv (IV.)<\/a><\/h2>\n\n\n\n<blockquote class=\"wp-block-quote is-layout-flow wp-block-quote-is-layout-flow\">\n<p>Konflikt mezi Ruskem a Ukrajinou se stal p\u0159\u00ednosem pro glob\u00e1ln\u00ed obrann\u00fd pr\u016fmysl, proto\u017ee vl\u00e1dy po cel\u00e9m sv\u011bt\u011b v\u00fdrazn\u011b zv\u00fd\u0161ily vojensk\u00e9 v\u00fddaje v reakci na zhor\u0161en\u00e9 bezpe\u010dnostn\u00ed prost\u0159ed\u00ed. Konflikt vyvolal prudk\u00fd n\u00e1r\u016fst popt\u00e1vky po \u0161irok\u00e9 \u0161k\u00e1le vojensk\u00e9 techniky \u2013 od ru\u010dn\u00edch zbran\u00ed a\u017e po pokro\u010dil\u00e9 raketov\u00e9 syst\u00e9my \u2013 a zbrojn\u00ed spole\u010dnosti pracuj\u00ed nep\u0159etr\u017eit\u011b, aby tuto popt\u00e1vku uspokojily. P\u0159in\u00e1\u0161\u00edme \u010dtvrt\u00fd d\u00edl na\u0161\u00ed anal\u00fdzy, v\u00a0n\u011bm\u017e se zam\u011b\u0159ujeme na obrann\u00fd pr\u016fmysl, zisky, v\u00fdrobu a geopolitick\u00fd vliv.<\/p>\n<\/blockquote>\n\n\n\n<h2 class=\"wp-block-heading\">02. dubna 2026 <a href=\"https:\/\/gnews.cz\/wp-admin\/post.php?post=43366&amp;action=edit\" target=\"_blank\" rel=\"noopener\" title=\"\">Denn\u00ed shrnut\u00ed ekonomiky v \u010cR: Akcie, rozpo\u010det, U&amp;C UAS, Pegasus Airlines, Smartwings a \u010cSA, AkzoNobel, Brent a Wti (2. dubna 2026)<\/a><\/h2>\n\n\n\n<blockquote class=\"wp-block-quote is-layout-flow wp-block-quote-is-layout-flow\">\n<p>Pra\u017esk\u00e1 burza zakon\u010dila st\u0159edu v\u00fdrazn\u00fdm r\u016fstem. Index PX stoupl o 1,72 procenta na 2553,02 bodu, p\u0159i\u010dem\u017e k r\u016fstu p\u0159isp\u011blo zdra\u017een\u00ed bankovn\u00edch emis\u00ed \u2014 akci\u00ed\u00a0Erste,\u00a0Komer\u010dn\u00ed banky\u00a0a\u00a0Monety. Jde o jeden z nejsiln\u011bj\u0161\u00edch jednodenn\u00edch v\u00fdkon\u016f indexu v leto\u0161n\u00edm roce a investo\u0159i tak reaguj\u00ed i na zklidn\u011bn\u00ed dom\u00e1c\u00edch fisk\u00e1ln\u00edch zpr\u00e1v.<\/p>\n<\/blockquote>\n\n\n\n<h2 class=\"wp-block-heading\">03. dubna 2026 <a href=\"https:\/\/gnews.cz\/wp-admin\/post.php?post=42685&amp;action=edit\" target=\"_blank\" rel=\"noopener\" title=\"\">Herb\u00e1\u0159: Komonice l\u00e9ka\u0159sk\u00e1 \u2013 Zlat\u00e1 bylina pro c\u00e9vy a krev<\/a><\/h2>\n\n\n\n<blockquote class=\"wp-block-quote is-layout-flow wp-block-quote-is-layout-flow\">\n<p>Komonice l\u00e9ka\u0159sk\u00e1 (Melilotus officinalis), naz\u00fdvan\u00e1 tak\u00e9 jako vojt\u011b\u0161ka sladk\u00e1, je vytrval\u00e1 bylina z \u010deledi bobovit\u00fdch, p\u016fvodem z Evropy a z\u00e1padn\u00ed Asie, kter\u00e1 b\u011b\u017en\u011b roste i na louk\u00e1ch a mez\u00edch. Je to dvoulet\u00e1, a\u017e metr a p\u016fl vysok\u00e1 bylina se \u017elut\u00fdmi kv\u011bty na kr\u00e1tk\u00fdch stopk\u00e1ch, uspo\u0159\u00e1dan\u00fdch v hroznech. Plodem jsou lusky, asi 4 mm dlouh\u00e9, vejcovit\u00e9. Hlavn\u00ed l\u00e9\u010divou \u010d\u00e1st\u00ed jsou kv\u011bty a nadzemn\u00ed \u010d\u00e1sti rostliny.<\/p>\n<\/blockquote>\n\n\n\n<h2 class=\"wp-block-heading\">04. dubna 2026 <a href=\"https:\/\/gnews.cz\/wp-admin\/post.php?post=43482&amp;action=edit\" target=\"_blank\" rel=\"noopener\" title=\"\">Americk\u00fd vojensk\u00fd rozpo\u010det po\u010d\u00edt\u00e1 s modernizac\u00ed a diverzifikac\u00ed jadern\u00fdch sil, prost\u0159edky jsou pro americkou obranu<\/a><\/h2>\n\n\n\n<blockquote class=\"wp-block-quote is-layout-flow wp-block-quote-is-layout-flow\">\n<p><strong>WASHINGTON, 3. dubna. N\u00e1vrh americk\u00e9ho vojensk\u00e9ho rozpo\u010dtu na fisk\u00e1ln\u00ed rok 2027, kter\u00fd B\u00edl\u00fd d\u016fm p\u0159edlo\u017eil Kongresu, po\u010d\u00edt\u00e1 s p\u0159id\u011blen\u00edm finan\u010dn\u00edch prost\u0159edk\u016f na modernizaci a diverzifikaci strategick\u00fdch jadern\u00fdch zbran\u00ed, uvedl B\u00edl\u00fd d\u016fm ve sv\u00e9m ozn\u00e1men\u00ed.<\/strong><\/p>\n<\/blockquote>\n\n\n\n<h2 class=\"wp-block-heading\">05. dubna 2026 <a href=\"https:\/\/gnews.cz\/wp-admin\/post.php?post=43543&amp;action=edit\" target=\"_blank\" rel=\"noopener\" title=\"\">Vytvo\u0159en\u00ed vakc\u00edny proti rakovin\u011b pro konkr\u00e9tn\u00edho pacienta trv\u00e1 v Rusku p\u0159ibli\u017en\u011b 3 m\u011bs\u00edce<\/a><\/h2>\n\n\n\n<blockquote class=\"wp-block-quote is-layout-flow wp-block-quote-is-layout-flow\">\n<p><strong>SIRIUS, 5. dubna. Vytvo\u0159en\u00ed vakc\u00edny proti rakovin\u011b pro konkr\u00e9tn\u00edho pacienta trv\u00e1 p\u0159ibli\u017en\u011b t\u0159i m\u011bs\u00edce, \u0159ekl z\u00e1stupce \u0159editele N\u00e1rodn\u00edho v\u00fdzkumn\u00e9ho centra epidemiologie a mikrobiologie N. F. Gamaleji, Vladimir\u00a0<strong>Alexandrovi\u010d Gu\u0161\u010din<\/strong><\/strong>.\u201c<\/p>\n<\/blockquote>\n\n\n\n<h2 class=\"wp-block-heading\"><strong>Jan Vojt\u011bch, <\/strong>\u0161\u00e9fredaktor General News<\/h2>\n","protected":false},"excerpt":{"rendered":"<p>30. b\u0159ezna 2026 USA a Izrael t\u00e1hnou sv\u011bt ke t\u0159et\u00ed sv\u011btov\u00e9 v\u00e1lce, varuje Jeffrey Sachs Renomovan\u00fd americk\u00fd ekonom a profesor Kolumbijsk\u00e9 univerzity&hellip;<\/p>\n","protected":false},"author":10,"featured_media":43548,"comment_status":"open","ping_status":"closed","sticky":false,"template":"","format":"standard","meta":{"_acf_changed":false,"_lmt_disableupdate":"","_lmt_disable":"","footnotes":""},"categories":[2968,7,658,1,1376,580,2973],"tags":[12246,12403,2083,12391,1264,45,2408,12399,22,3446,46,78,12395,10003,11683,760,3552,12004,2198,12397,1506,12393,12396,12405,12406,10,11998,12390,5438,12401,2030,4228,1563,12407,458,26,9348,12392,17,11996,29,38,3391,12404,9286,12402,41,12400,12394,12398],"class_list":["post-43547","post","type-post","status-publish","format-standard","has-post-thumbnail","hentry","category-domaci","category-politika","category-prectete-si","category-tema","category-tyden-na-general-news","category-vyber-sefredaktora","category-zahranicni","tag-americka-obrana","tag-americky-vojensky-rozpocet","tag-analyza","tag-andrj-babis","tag-blizkay-vychod","tag-cr","tag-ceska-vlada","tag-cevy","tag-cina","tag-erste-bank","tag-eu","tag-evropa","tag-geopoliticky-vliv","tag-globalni-konflikt","tag-herbar","tag-iran-3","tag-jeffrey-sachs","tag-kolumbijska-univerzita","tag-komercni-banka","tag-komonice-lekarska-2","tag-krev","tag-memorandum","tag-monety-bank","tag-n-f-gamaleji","tag-narodniho-vyzkumneho-centra-epidemiologie-a-mikrobiologie-n-f-gamaleji","tag-news","tag-nikkei-asia","tag-nova-horka-ve-studence","tag-obranny-prumysl","tag-plody","tag-prazska-burza","tag-raketove-systemy","tag-rakovina","tag-reditel","tag-robert-fico","tag-rusko","tag-rusko-ukrajinsky-konflikt","tag-slovenska-vlada","tag-top","tag-treti-svetova-valka","tag-ukrajina","tag-usa","tag-vakciny","tag-vladimir-alexandrovic-guscin","tag-vojenska-technika","tag-vojteska-sladka","tag-world","tag-zapadni-asie","tag-zisky","tag-zlata-bylina"],"acf":[],"aioseo_notices":[],"_links":{"self":[{"href":"https:\/\/gnews.cz\/cs_cz\/wp-json\/wp\/v2\/posts\/43547","targetHints":{"allow":["GET"]}}],"collection":[{"href":"https:\/\/gnews.cz\/cs_cz\/wp-json\/wp\/v2\/posts"}],"about":[{"href":"https:\/\/gnews.cz\/cs_cz\/wp-json\/wp\/v2\/types\/post"}],"author":[{"embeddable":true,"href":"https:\/\/gnews.cz\/cs_cz\/wp-json\/wp\/v2\/users\/10"}],"replies":[{"embeddable":true,"href":"https:\/\/gnews.cz\/cs_cz\/wp-json\/wp\/v2\/comments?post=43547"}],"version-history":[{"count":4,"href":"https:\/\/gnews.cz\/cs_cz\/wp-json\/wp\/v2\/posts\/43547\/revisions"}],"predecessor-version":[{"id":43594,"href":"https:\/\/gnews.cz\/cs_cz\/wp-json\/wp\/v2\/posts\/43547\/revisions\/43594"}],"wp:featuredmedia":[{"embeddable":true,"href":"https:\/\/gnews.cz\/cs_cz\/wp-json\/wp\/v2\/media\/43548"}],"wp:attachment":[{"href":"https:\/\/gnews.cz\/cs_cz\/wp-json\/wp\/v2\/media?parent=43547"}],"wp:term":[{"taxonomy":"category","embeddable":true,"href":"https:\/\/gnews.cz\/cs_cz\/wp-json\/wp\/v2\/categories?post=43547"},{"taxonomy":"post_tag","embeddable":true,"href":"https:\/\/gnews.cz\/cs_cz\/wp-json\/wp\/v2\/tags?post=43547"}],"curies":[{"name":"wp","href":"https:\/\/api.w.org\/{rel}","templated":true}]}}