{"id":43582,"date":"2026-04-07T04:00:00","date_gmt":"2026-04-07T02:00:00","guid":{"rendered":"https:\/\/gnews.cz\/?p=43582"},"modified":"2026-04-07T00:16:19","modified_gmt":"2026-04-06T22:16:19","slug":"ruska-mluvci-nove-japonske-ucebnice-odrazeji-promenu-smerem-k-revansismu","status":"publish","type":"post","link":"https:\/\/gnews.cz\/cs_cz\/politika\/ruska-mluvci-nove-japonske-ucebnice-odrazeji-promenu-smerem-k-revansismu\/","title":{"rendered":"Rusk\u00e1 mluv\u010d\u00ed: Nov\u00e9 japonsk\u00e9 u\u010debnice odr\u00e1\u017eej\u00ed prom\u011bnu sm\u011brem k\u00a0revan\u0161ismu"},"content":{"rendered":"\n<p><strong>Nov\u00e9 vyd\u00e1n\u00ed japonsk\u00fdch \u0161koln\u00edch u\u010debnic, kter\u00e9 m\u00e1 b\u00fdt p\u0159edstaveno v roce 2027, podle rusk\u00e9 diplomacie odr\u00e1\u017e\u00ed snahu Tokia ovlivnit pohled mlad\u00e9 generace na historii. Mluv\u010d\u00ed rusk\u00e9ho ministerstva zahrani\u010d\u00ed Maria Zacharova to uvedla na tiskov\u00e9 konferenci.<\/strong><\/p>\n\n\n\n<p>Podle n\u00ed byly v aktualizovan\u00fdch u\u010debnic\u00edch roz\u0161\u00ed\u0159eny pas\u00e1\u017ee v\u011bnovan\u00e9 japonsk\u00fdm n\u00e1rok\u016fm na Ji\u017en\u00ed Kurily a dal\u0161\u00edm \u00fazemn\u00edm spor\u016fm se sousedn\u00edmi st\u00e1ty. Z\u00e1rove\u0148 pr\u00fd t\u00e9m\u011b\u0159 chyb\u00ed zm\u00ednky o v\u00e1le\u010dn\u00fdch zlo\u010dinech, kter\u00fdch se militaristick\u00e9 Japonsko dopustilo v prvn\u00ed polovin\u011b 20. stolet\u00ed.<\/p>\n\n\n\n<p>Ji\u017en\u00ed Kurily tvo\u0159\u00ed \u010dtve\u0159ice ostrov\u016f v Tich\u00e9m oce\u00e1nu, o kter\u00e9 se dlouhodob\u011b p\u0159ou Rusko a Japonsko. V Japonsku jsou zn\u00e1m\u00e9 jako Severn\u00ed teritoria.<\/p>\n\n\n\n<p>Zacharov\u00e1 z\u00e1rove\u0148 obvinila japonsk\u00e9 veden\u00ed, \u017ee t\u00edmto p\u0159\u00edstupem zkresluje historickou pam\u011b\u0165 mlad\u00fdch lid\u00ed a ovliv\u0148uje jejich vn\u00edm\u00e1n\u00ed sou\u010dasn\u00e9ho geopolitick\u00e9ho uspo\u0159\u00e1d\u00e1n\u00ed.<\/p>\n\n\n\n<p><strong><a href=\"https:\/\/czech.cri.cn\/2026\/04\/06\/ARTI1775479629783300\" title=\"\">CMG<\/a><\/strong><\/p>\n","protected":false},"excerpt":{"rendered":"<p>Nov\u00e9 vyd\u00e1n\u00ed japonsk\u00fdch \u0161koln\u00edch u\u010debnic, kter\u00e9 m\u00e1 b\u00fdt p\u0159edstaveno v roce 2027, podle rusk\u00e9 diplomacie odr\u00e1\u017e\u00ed snahu Tokia ovlivnit pohled mlad\u00e9 generace&hellip;<\/p>\n","protected":false},"author":6,"featured_media":43583,"comment_status":"open","ping_status":"closed","sticky":false,"template":"","format":"standard","meta":{"_acf_changed":false,"_lmt_disableupdate":"","_lmt_disable":"","footnotes":""},"categories":[7,2973],"tags":[18,24,12375,26,12374],"class_list":["post-43582","post","type-post","status-publish","format-standard","has-post-thumbnail","hentry","category-politika","category-zahranicni","tag-cmg","tag-japonsko","tag-jizni-kurily","tag-rusko","tag-ucebnice"],"acf":[],"aioseo_notices":[],"_links":{"self":[{"href":"https:\/\/gnews.cz\/cs_cz\/wp-json\/wp\/v2\/posts\/43582","targetHints":{"allow":["GET"]}}],"collection":[{"href":"https:\/\/gnews.cz\/cs_cz\/wp-json\/wp\/v2\/posts"}],"about":[{"href":"https:\/\/gnews.cz\/cs_cz\/wp-json\/wp\/v2\/types\/post"}],"author":[{"embeddable":true,"href":"https:\/\/gnews.cz\/cs_cz\/wp-json\/wp\/v2\/users\/6"}],"replies":[{"embeddable":true,"href":"https:\/\/gnews.cz\/cs_cz\/wp-json\/wp\/v2\/comments?post=43582"}],"version-history":[{"count":1,"href":"https:\/\/gnews.cz\/cs_cz\/wp-json\/wp\/v2\/posts\/43582\/revisions"}],"predecessor-version":[{"id":43584,"href":"https:\/\/gnews.cz\/cs_cz\/wp-json\/wp\/v2\/posts\/43582\/revisions\/43584"}],"wp:featuredmedia":[{"embeddable":true,"href":"https:\/\/gnews.cz\/cs_cz\/wp-json\/wp\/v2\/media\/43583"}],"wp:attachment":[{"href":"https:\/\/gnews.cz\/cs_cz\/wp-json\/wp\/v2\/media?parent=43582"}],"wp:term":[{"taxonomy":"category","embeddable":true,"href":"https:\/\/gnews.cz\/cs_cz\/wp-json\/wp\/v2\/categories?post=43582"},{"taxonomy":"post_tag","embeddable":true,"href":"https:\/\/gnews.cz\/cs_cz\/wp-json\/wp\/v2\/tags?post=43582"}],"curies":[{"name":"wp","href":"https:\/\/api.w.org\/{rel}","templated":true}]}}