{"id":43585,"date":"2026-04-07T09:00:00","date_gmt":"2026-04-07T07:00:00","guid":{"rendered":"https:\/\/gnews.cz\/?p=43585"},"modified":"2026-04-07T08:13:19","modified_gmt":"2026-04-07T06:13:19","slug":"denni-shrnuti-ekonomiky-v-cr-orlen-a-mol-colt-cz-group-akzonobel-axalta-coating-systems-tui-a-lufthansa-7-dubna-2026","status":"publish","type":"post","link":"https:\/\/gnews.cz\/cs_cz\/neprehlednete\/denni-shrnuti-ekonomiky-v-cr-orlen-a-mol-colt-cz-group-akzonobel-axalta-coating-systems-tui-a-lufthansa-7-dubna-2026\/","title":{"rendered":"Denn\u00ed shrnut\u00ed ekonomiky v \u010cR: Orlen a MOL, Colt CZ Group, AkzoNobel, Axalta Coating Systems, TUI a Lufthansa (7. dubna 2026)"},"content":{"rendered":"\n<h2 class=\"wp-block-heading\">P\u0159ehled nejnov\u011bj\u0161\u00edch ekonomick\u00fdch ud\u00e1lost\u00ed v \u010cR<\/h2>\n\n\n\n<p>Dnes, v \u00fater\u00fd 7. dubna 2026, zve\u0159ejn\u00ed <strong>Ministerstvo financ\u00ed<\/strong> poprv\u00e9 maxim\u00e1ln\u00ed ceny pohonn\u00fdch hmot platn\u00e9 pro n\u00e1sleduj\u00edc\u00ed den. Jde o p\u0159elomov\u00fd krok v historii \u010desk\u00e9 energetick\u00e9 regulace \u2014 st\u00e1t odpoledne stanov\u00ed cenov\u00fd strop, kter\u00fd bude z\u00e1vazn\u00fd pro v\u0161echny \u010derpac\u00ed stanice v zemi od st\u0159edy 8. dubna. Maxim\u00e1ln\u00ed p\u0159\u00edpustn\u00e1 mar\u017ee u benzinu i nafty na \u010derpac\u00ed stanici bude od st\u0159edy 2,50 K\u010d a bude se vztahovat na nepr\u00e9miov\u00e1 paliva na v\u0161ech \u010derpac\u00edch stanic\u00edch v \u010cR. Ministerstvo financ\u00ed bude ka\u017ed\u00fd pracovn\u00ed den ve 14 hodin zve\u0159ej\u0148ovat maxim\u00e1ln\u00ed ceny platn\u00e9 pro n\u00e1sleduj\u00edc\u00ed den.<\/p>\n\n\n\n<p>Cel\u00fd bal\u00ed\u010dek opat\u0159en\u00ed schv\u00e1lila vl\u00e1da premi\u00e9ra Andreje Babi\u0161e na za\u010d\u00e1tku dubna. Spot\u0159ebn\u00ed da\u0148 u nafty klesne o 2,35 K\u010d za litr, u benzinu z\u016fstane beze zm\u011bny na 12,84 K\u010d. Opat\u0159en\u00ed reaguj\u00ed na prudk\u00e9 zdra\u017eov\u00e1n\u00ed paliv od za\u010d\u00e1tku b\u0159ezna, kdy konflikt na Bl\u00edzk\u00e9m v\u00fdchod\u011b vyst\u0159elil pr\u016fm\u011brnou cenu nafty p\u0159es 48 korun za litr. Distributo\u0159i pohonn\u00fdch hmot <strong>Orlen<\/strong> a <strong>MOL<\/strong>, kte\u0159\u00ed pat\u0159\u00ed k nejv\u011bt\u0161\u00edm hr\u00e1\u010d\u016fm na tuzemsk\u00e9m trhu, jednali o mar\u017e\u00edch p\u0159\u00edmo s premi\u00e9rem, av\u0161ak dobrovolnou dohodu nep\u0159ijali. Zastropov\u00e1n\u00ed mar\u017e\u00ed proto st\u00e1t zavedl autoritativn\u011b.<\/p>\n\n\n\n<p>Kritici z \u0159ad opozice opat\u0159en\u00ed zpochyb\u0148uj\u00ed. M\u00edstop\u0159edseda hnut\u00ed STAN Luk\u00e1\u0161 Vl\u010dek varoval, \u017ee zastropov\u00e1n\u00ed m\u016f\u017ee paradoxn\u011b v n\u011bkter\u00fdch regionech ceny zv\u00fd\u0161it, pokud jsou tamn\u00ed prodejci dnes pod stanovenou hranic\u00ed. P\u0159esto jde o nejv\u00fdrazn\u011bj\u0161\u00ed st\u00e1tn\u00ed z\u00e1sah do cen pohonn\u00fdch hmot v novodob\u00e9 historii \u010cR.<\/p>\n\n\n\n<h2 class=\"wp-block-heading\">Zahrani\u010dn\u00ed investice<\/h2>\n\n\n\n<p>\u010cesk\u00e1 zbrojovka <strong>Colt CZ Group<\/strong> se chyst\u00e1 na jeden z nejv\u011bt\u0161\u00edch kapit\u00e1lov\u00fdch krok\u016f ve sv\u00e9 historii. Spole\u010dnost po\u017e\u00e1d\u00e1 akcion\u00e1\u0159e na valn\u00e9 hromad\u011b konan\u00e9 10. dubna o souhlas s p\u0159ijet\u00edm akci\u00ed k obchodov\u00e1n\u00ed na burze <strong>Euronext Amsterdam<\/strong> a se zv\u00fd\u0161en\u00edm z\u00e1kladn\u00edho kapit\u00e1lu emis\u00ed a\u017e 9,4 milionu nov\u00fdch akci\u00ed, co\u017e by nav\u00fd\u0161ilo jejich po\u010det o p\u0159ibli\u017en\u011b 15 procent. V\u00fdnos z emise m\u00e1 poslou\u017eit na technologickou modernizaci, roz\u0161\u00ed\u0159en\u00ed v\u00fdrobn\u00edch kapacit a p\u0159\u00edpadn\u00e9 akvizice. Gener\u00e1ln\u00ed \u0159editel Radek Musil ozna\u010dil du\u00e1ln\u00ed listing za p\u0159irozen\u00fd krok ve v\u00fdvoji skupiny jako glob\u00e1ln\u00edho l\u00eddra v oboru.<\/p>\n\n\n\n<p>Krok sleduje \u00fasp\u011b\u0161n\u00fd p\u0159\u00edklad jin\u00e9 \u010desk\u00e9 zbrojovky \u2014 <strong>Czechoslovak Group (CSG)<\/strong> podnikatele Michala Strnada, jej\u00ed\u017e vstup na amsterdamskou burzu na za\u010d\u00e1tku leto\u0161n\u00edho roku p\u0159edstavoval historicky nejv\u011bt\u0161\u00ed IPO obrann\u00e9 firmy v Evrop\u011b s v\u00fdnosem 3,3 miliardy eur.<\/p>\n\n\n\n<p>V glob\u00e1ln\u00edm kontextu pokra\u010duje p\u0159\u00edprava mega-f\u00faze v odv\u011btv\u00ed n\u00e1t\u011brov\u00fdch hmot. Spole\u010dnosti <strong>AkzoNobel<\/strong> a <strong>Axalta Coating Systems<\/strong> postupuj\u00ed k dokon\u010den\u00ed slou\u010den\u00ed v hodnot\u011b 25 miliard dolar\u016f, p\u0159i\u010dem\u017e uzav\u0159en\u00ed transakce se o\u010dek\u00e1v\u00e1 na p\u0159elomu roku 2026 a 2027. Spojen\u00edm vznikne nov\u00fd sv\u011btov\u00fd l\u00eddr v oboru s ro\u010dn\u00edmi tr\u017ebami 17 miliard dolar\u016f.<\/p>\n\n\n\n<h2 class=\"wp-block-heading\">V\u00fdznamn\u00e9 ud\u00e1losti mimo \u010cR s glob\u00e1ln\u00edm dopadem<\/h2>\n\n\n\n<p>Glob\u00e1ln\u00ed finan\u010dn\u00ed trhy z\u016fst\u00e1vaj\u00ed pod tlakem geopolitick\u00e9 nejistoty. Akciov\u00e9 trhy v Asii v pond\u011bl\u00ed 6. dubna m\u00edrn\u011b rostly, zat\u00edmco ropa odmaz\u00e1vala sv\u016fj p\u0159edchoz\u00ed cenov\u00fd n\u00e1r\u016fst \u2014 burzy p\u0159\u00edli\u0161 nev\u011b\u0159\u00ed, \u017ee Spojen\u00e9 st\u00e1ty podniknou bezprost\u0159edn\u00ed fat\u00e1ln\u00ed \u00fader na \u00cdr\u00e1n. Analytici banky <strong>Bank of America<\/strong> varuj\u00ed, \u017ee i pokud konflikt b\u011bhem n\u011bkolika t\u00fddn\u016f skon\u010d\u00ed, cena ropy Brent z\u016fstane po zbytek roku 2026 kolem 100 dolar\u016f za barel. Podle hlavn\u00edho ekonoma banky nejde pouze o ropn\u00fd, ale o celkov\u00fd energetick\u00fd \u0161ok, proto\u017ee sv\u011btov\u00e1 ekonomika je dnes citliv\u00e1 i na v\u00fdkyvy cen zemn\u00edho plynu a hnojiv.<\/p>\n\n\n\n<p>Nervozita na trz\u00edch se projevila i na akci\u00edch aerolini\u00ed. Akcie evropsk\u00e9 cestovn\u00ed skupiny <strong>TUI<\/strong> oslabily o deset procent, proto\u017ee investo\u0159i o\u010dek\u00e1vaj\u00ed negativn\u00ed dopad konfliktu na cestovn\u00ed ruch. Akcie <strong>Lufthansy<\/strong> odepsaly v\u00edce ne\u017e procento v d\u016fsledku prodlou\u017een\u00ed pozastaven\u00ed let\u016f do regionu Bl\u00edzk\u00e9ho v\u00fdchodu.<\/p>\n\n\n\n<p>\u010cesk\u00e1 ekonomika zat\u00edm dr\u017e\u00ed. P\u0159\u00edm\u00fd dopad konfliktu na ni z\u016fst\u00e1v\u00e1 zprost\u0159edkovan\u00fd \u2014 hlavn\u00ed cestou jsou pr\u00e1v\u011b zdra\u017euj\u00edc\u00ed pohonn\u00e9 hmoty a energetick\u00e9 vstupy do pr\u016fmyslu. Dne\u0161n\u00ed prvn\u00ed zve\u0159ejn\u011bn\u00ed maxim\u00e1ln\u00edch cen paliv Ministerstvem financ\u00ed je prvn\u00edm testem toho, zda st\u00e1tn\u00ed regulace dok\u00e1\u017ee tento tlak alespo\u0148 \u010d\u00e1ste\u010dn\u011b zm\u00edrnit.<\/p>\n\n\n\n<p><strong>gnews.cz &#8211; GH<\/strong><\/p>\n\n\n<p>[currency_and_metal_rates]<\/p>\n\n\n\n<figure class=\"wp-block-image size-full\"><img fetchpriority=\"high\" decoding=\"async\" width=\"876\" height=\"412\" src=\"https:\/\/gnews.cz\/wp-content\/uploads\/2026\/04\/vcxfbdf.webp\" alt=\"\" class=\"wp-image-43587\" srcset=\"https:\/\/gnews.cz\/wp-content\/uploads\/2026\/04\/vcxfbdf.webp 876w, https:\/\/gnews.cz\/wp-content\/uploads\/2026\/04\/vcxfbdf-300x141.webp 300w, https:\/\/gnews.cz\/wp-content\/uploads\/2026\/04\/vcxfbdf-768x361.webp 768w, https:\/\/gnews.cz\/wp-content\/uploads\/2026\/04\/vcxfbdf-18x8.webp 18w, https:\/\/gnews.cz\/wp-content\/uploads\/2026\/04\/vcxfbdf-585x275.webp 585w\" sizes=\"(max-width: 876px) 100vw, 876px\" \/><\/figure>\n\n\n\n<figure class=\"wp-block-image size-full\"><img decoding=\"async\" width=\"877\" height=\"408\" src=\"https:\/\/gnews.cz\/wp-content\/uploads\/2026\/04\/oiuzt.webp\" alt=\"\" class=\"wp-image-43588\" srcset=\"https:\/\/gnews.cz\/wp-content\/uploads\/2026\/04\/oiuzt.webp 877w, https:\/\/gnews.cz\/wp-content\/uploads\/2026\/04\/oiuzt-300x140.webp 300w, https:\/\/gnews.cz\/wp-content\/uploads\/2026\/04\/oiuzt-768x357.webp 768w, https:\/\/gnews.cz\/wp-content\/uploads\/2026\/04\/oiuzt-18x8.webp 18w, https:\/\/gnews.cz\/wp-content\/uploads\/2026\/04\/oiuzt-585x272.webp 585w\" sizes=\"(max-width: 877px) 100vw, 877px\" \/><\/figure>\n\n\n\n<figure class=\"wp-block-image size-full\"><img decoding=\"async\" width=\"876\" height=\"300\" src=\"https:\/\/gnews.cz\/wp-content\/uploads\/2026\/04\/vbc.webp\" alt=\"\" class=\"wp-image-43589\" srcset=\"https:\/\/gnews.cz\/wp-content\/uploads\/2026\/04\/vbc.webp 876w, https:\/\/gnews.cz\/wp-content\/uploads\/2026\/04\/vbc-300x103.webp 300w, https:\/\/gnews.cz\/wp-content\/uploads\/2026\/04\/vbc-768x263.webp 768w, https:\/\/gnews.cz\/wp-content\/uploads\/2026\/04\/vbc-18x6.webp 18w, https:\/\/gnews.cz\/wp-content\/uploads\/2026\/04\/vbc-585x200.webp 585w\" sizes=\"(max-width: 876px) 100vw, 876px\" \/><\/figure>\n\n\n\n<figure class=\"wp-block-image size-full\"><img loading=\"lazy\" decoding=\"async\" width=\"876\" height=\"503\" src=\"https:\/\/gnews.cz\/wp-content\/uploads\/2026\/04\/gfhxf.webp\" alt=\"\" class=\"wp-image-43590\" srcset=\"https:\/\/gnews.cz\/wp-content\/uploads\/2026\/04\/gfhxf.webp 876w, https:\/\/gnews.cz\/wp-content\/uploads\/2026\/04\/gfhxf-300x172.webp 300w, https:\/\/gnews.cz\/wp-content\/uploads\/2026\/04\/gfhxf-768x441.webp 768w, https:\/\/gnews.cz\/wp-content\/uploads\/2026\/04\/gfhxf-18x10.webp 18w, https:\/\/gnews.cz\/wp-content\/uploads\/2026\/04\/gfhxf-585x336.webp 585w\" sizes=\"(max-width: 876px) 100vw, 876px\" \/><\/figure>\n\n\n\n<p><strong>tradingeconomics.com<\/strong><\/p>\n","protected":false},"excerpt":{"rendered":"<p>P\u0159ehled nejnov\u011bj\u0161\u00edch ekonomick\u00fdch ud\u00e1lost\u00ed v \u010cR Dnes, v \u00fater\u00fd 7. dubna 2026, zve\u0159ejn\u00ed Ministerstvo financ\u00ed poprv\u00e9 maxim\u00e1ln\u00ed ceny pohonn\u00fdch hmot platn\u00e9 pro&hellip;<\/p>\n","protected":false},"author":6,"featured_media":43586,"comment_status":"open","ping_status":"closed","sticky":false,"template":"","format":"standard","meta":{"_acf_changed":false,"_lmt_disableupdate":"","_lmt_disable":"","footnotes":""},"categories":[2968,4,3,2973],"tags":[12168,12175,12384,12172,5426,12382,12381,12383,12387,10380,2894,11028,2449,11199,12379,12389,12385,17,12386,12380,41,12378],"class_list":["post-43585","post","type-post","status-publish","format-standard","has-post-thumbnail","hentry","category-domaci","category-ekonomika","category-neprehlednete","category-zahranicni","tag-akzonobel","tag-axalta-coating-systems","tag-ceny-pohonnych-hmot-2026","tag-ceska-ekonomika-duben-2026","tag-colt-cz-group","tag-czechoslovak-group-csg-3","tag-dualni-listing","tag-euronext-amsterdam","tag-geopolitika-a-trhy-2026","tag-lufthansa","tag-ministerstvo-financi-cr","tag-mol","tag-orlen","tag-pohonne-hmoty-cesko","tag-regulace-cen-benzinu","tag-ropa-brent-2026","tag-spotrebni-dan-nafta","tag-top","tag-tui-akcie","tag-valka-iran-dopad-na-ekonomiku","tag-world","tag-zastropovani-marzi-paliva"],"acf":[],"aioseo_notices":[],"_links":{"self":[{"href":"https:\/\/gnews.cz\/cs_cz\/wp-json\/wp\/v2\/posts\/43585","targetHints":{"allow":["GET"]}}],"collection":[{"href":"https:\/\/gnews.cz\/cs_cz\/wp-json\/wp\/v2\/posts"}],"about":[{"href":"https:\/\/gnews.cz\/cs_cz\/wp-json\/wp\/v2\/types\/post"}],"author":[{"embeddable":true,"href":"https:\/\/gnews.cz\/cs_cz\/wp-json\/wp\/v2\/users\/6"}],"replies":[{"embeddable":true,"href":"https:\/\/gnews.cz\/cs_cz\/wp-json\/wp\/v2\/comments?post=43585"}],"version-history":[{"count":1,"href":"https:\/\/gnews.cz\/cs_cz\/wp-json\/wp\/v2\/posts\/43585\/revisions"}],"predecessor-version":[{"id":43591,"href":"https:\/\/gnews.cz\/cs_cz\/wp-json\/wp\/v2\/posts\/43585\/revisions\/43591"}],"wp:featuredmedia":[{"embeddable":true,"href":"https:\/\/gnews.cz\/cs_cz\/wp-json\/wp\/v2\/media\/43586"}],"wp:attachment":[{"href":"https:\/\/gnews.cz\/cs_cz\/wp-json\/wp\/v2\/media?parent=43585"}],"wp:term":[{"taxonomy":"category","embeddable":true,"href":"https:\/\/gnews.cz\/cs_cz\/wp-json\/wp\/v2\/categories?post=43585"},{"taxonomy":"post_tag","embeddable":true,"href":"https:\/\/gnews.cz\/cs_cz\/wp-json\/wp\/v2\/tags?post=43585"}],"curies":[{"name":"wp","href":"https:\/\/api.w.org\/{rel}","templated":true}]}}