{"id":43613,"date":"2026-04-07T18:00:00","date_gmt":"2026-04-07T16:00:00","guid":{"rendered":"https:\/\/gnews.cz\/?p=43613"},"modified":"2026-04-07T13:45:00","modified_gmt":"2026-04-07T11:45:00","slug":"pakistan-se-stava-prostrednikem-v-konfliktu-mezi-usa-izraelem-a-iranem","status":"publish","type":"post","link":"https:\/\/gnews.cz\/cs_cz\/neprehlednete\/pakistan-se-stava-prostrednikem-v-konfliktu-mezi-usa-izraelem-a-iranem\/","title":{"rendered":"P\u00e1kist\u00e1n se st\u00e1v\u00e1 prost\u0159edn\u00edkem v konfliktu mezi USA, Izraelem a \u00cdr\u00e1nem"},"content":{"rendered":"\n<p><strong>Zah\u00e1jen\u00ed Sino\u2013South Africa Press Clubu v Pretorii 2. dubna nemohlo p\u0159ij\u00edt v p\u0159\u00edhodn\u011bj\u0161\u00ed chv\u00edli. Akce za\u010dala v\u00fdrazn\u00fdm diplomatick\u00fdm t\u00f3nem, kdy\u017e \u010d\u00ednsk\u00fd velvyslanec v Ji\u017en\u00ed Africe Wu Peng p\u0159edstavil \u010d\u00ednsko-p\u00e1kist\u00e1nskou P\u011bti bodovou iniciativu pro m\u00edr. Pro p\u0159\u00edtomn\u00e9 novin\u00e1\u0159e a medi\u00e1ln\u00ed pracovn\u00edky \u0161lo nejen o briefing, ale i o moment konfrontace s realitou na pozad\u00ed dlouhodob\u011b nestabiln\u00edho konfliktu mezi Izraelem, \u00cdr\u00e1nem a Spojen\u00fdmi st\u00e1ty, kter\u00fd opakovan\u011b eskaluje a p\u0159etv\u00e1\u0159\u00ed glob\u00e1ln\u00ed nap\u011bt\u00ed. V tomto vyhrocen\u00e9m prost\u0159ed\u00ed iniciativa p\u0159edstavila politick\u00fd r\u00e1mec a z\u00e1rove\u0148 signalizovala n\u00e1stup alternativn\u00edho diplomatick\u00e9ho veden\u00ed v dob\u011b, kdy tradi\u010dn\u00ed mechanismy selh\u00e1vaj\u00ed.<\/strong><\/p>\n\n\n\n<p>Spole\u010dn\u00e1 \u201eP\u011bti bodov\u00e1 iniciativa\u201c, kterou prosazuj\u00ed \u010d\u00ednsk\u00fd ministr zahrani\u010d\u00ed <strong>Wang Yi <\/strong>a p\u00e1kist\u00e1nsk\u00fd vicepremi\u00e9r a ministr zahrani\u010d\u00ed <strong>Ishaq Dar<\/strong>, p\u016fsob\u00ed na prvn\u00ed pohled jako vyv\u00e1\u017een\u00fd diplomatick\u00fd z\u00e1sah, jeho\u017e c\u00edlem je vr\u00e1tit eskaluj\u00edc\u00ed krizi do r\u00e1mce mezin\u00e1rodn\u00edho pr\u00e1va, multilateralismu a zdr\u017eenlivosti. Pod t\u00edmto opatrn\u011b formulovan\u00fdm jazykem se v\u0161ak skr\u00fdv\u00e1 jasn\u00e9 varov\u00e1n\u00ed: oblast Persk\u00e9ho z\u00e1livu a \u0161ir\u0161\u00ed Bl\u00edzk\u00fd v\u00fdchod se znovu ocitaj\u00ed na pokraji syst\u00e9mov\u00e9 destabilizace, zp\u016fsoben\u00e9 sp\u00ed\u0161e politick\u00fdmi chybami, ideologickou rigiditou a rozd\u011blen\u00fdmi aliancemi ne\u017e nevyhnutelnost\u00ed.<\/p>\n\n\n\n<p><strong>Region na pokraji<\/strong><\/p>\n\n\n\n<p>Eskalace mezi Izraelem, \u00cdr\u00e1nem a zapojen\u00edm Spojen\u00fdch st\u00e1t\u016f odr\u00e1\u017e\u00ed hlub\u0161\u00ed struktur\u00e1ln\u00ed krizi glob\u00e1ln\u00edho \u0159\u00edzen\u00ed. D\u016fraz iniciativy na \u201eokam\u017eit\u00e9 zastaven\u00ed boj\u016f\u201c a dodr\u017eov\u00e1n\u00ed princip\u016f OSN je nep\u0159\u00edmou kritikou sv\u011btov\u00e9ho \u0159\u00e1du, kter\u00fd st\u00e1le m\u00e9n\u011b dok\u00e1\u017ee omezovat jednostrann\u00e9 vojensk\u00e9 akce.<\/p>\n\n\n\n<p>\u00datok na \u00cdr\u00e1n je nevyprovokovan\u00fd a neleg\u00e1ln\u00ed a vytv\u00e1\u0159\u00ed nebezpe\u010dn\u00fd precedens, kter\u00fd naru\u0161uje normy suverenity platn\u00e9 od konce druh\u00e9 sv\u011btov\u00e9 v\u00e1lky. Normalizace preventivn\u00edch nebo ideologicky od\u016fvodn\u011bn\u00fdch \u00fatok\u016f hroz\u00ed prom\u011bnit region v trval\u00e9 boji\u0161t\u011b, kde odstra\u0161en\u00ed ustupuje eskalaci.<\/p>\n\n\n\n<p><strong>Ne\u010dekan\u00e1 role P\u00e1kist\u00e1nu<\/strong><\/p>\n\n\n\n<p>V tomto kontextu se P\u00e1kist\u00e1n profiluje jako prost\u0159edn\u00edk s unik\u00e1tn\u00ed pozic\u00ed. Geografick\u00e1 bl\u00edzkost k \u00cdr\u00e1nu, siln\u00e9 vazby na st\u00e1ty Persk\u00e9ho z\u00e1livu a dlouhodob\u00e9, by\u0165 slo\u017eit\u00e9 vztahy se Spojen\u00fdmi st\u00e1ty mu d\u00e1vaj\u00ed mimo\u0159\u00e1dn\u00fd diplomatick\u00fd dosah. Spolu se strategick\u00fdm partnerstv\u00edm s \u010c\u00ednou, zejm\u00e9na v r\u00e1mci iniciativy P\u00e1su a stezky, se P\u00e1kist\u00e1n pohybuje mezi konkuren\u010dn\u00edmi geopolitick\u00fdmi bloky.<\/p>\n\n\n\n<p>Tato pozice je v\u0161ak dvojse\u010dn\u00e1. D\u016fv\u011bryhodnost P\u00e1kist\u00e1nu jako prost\u0159edn\u00edka z\u00e1vis\u00ed na schopnosti p\u0159ekonat vn\u00edm\u00e1n\u00ed zaujatosti, zvl\u00e1\u0161t\u011b vzhledem k historick\u00e9 bezpe\u010dnostn\u00ed spolupr\u00e1ci s Washingtonem a ekonomick\u00e9 z\u00e1vislosti na Pekingu. P\u011bti bodov\u00e1 iniciativa nazna\u010duje snahu vytvo\u0159it novou diplomatickou identitu zalo\u017eenou na zprost\u0159edkov\u00e1n\u00ed, nikoli na stranictv\u00ed.<\/p>\n\n\n\n<p>Z\u00e1rove\u0148 tato situace p\u0159edstavuje pro P\u00e1kist\u00e1n vz\u00e1cnou p\u0159\u00edle\u017eitost upravit svou vnit\u0159n\u00ed trajektorii. Aktivn\u00ed role na mezin\u00e1rodn\u00ed sc\u00e9n\u011b m\u016f\u017ee pos\u00edlit d\u016fv\u011bru investor\u016f, podpo\u0159it region\u00e1ln\u00ed obchod a urychlit infrastrukturn\u00ed rozvoj. Politicky umo\u017e\u0148uje Isl\u00e1m\u00e1b\u00e1du prezentovat stabilitu a pos\u00edlit legitimitu instituc\u00ed. Pokud bude tato p\u0159\u00edle\u017eitost vyu\u017eita, m\u016f\u017ee se P\u00e1kist\u00e1n posunout od reaktivn\u00edho st\u00e1tu k aktivn\u00edmu akt\u00e9rovi glob\u00e1ln\u00edho d\u011bn\u00ed.<\/p>\n\n\n\n<p><strong>Rozpad arabsk\u00e9 jednoty<\/strong><\/p>\n\n\n\n<p>V\u00fdznamn\u00fd je tak\u00e9 posun postoj\u016f st\u00e1t\u016f Persk\u00e9ho z\u00e1livu. D\u0159\u00edve relativn\u011b jednotn\u00e1 pozice, zejm\u00e9na ve vztahu k palestinsk\u00e9 ot\u00e1zce, se rozpad\u00e1. Normaliza\u010dn\u00ed dohody s Izraelem, bezpe\u010dnostn\u00ed spolupr\u00e1ce a ekonomick\u00e9 strategie ukazuj\u00ed pragmatick\u00fd, ale kontroverzn\u00ed odklon od ideologick\u00e9 solidarity.<\/p>\n\n\n\n<p>Tato rozt\u0159\u00ed\u0161t\u011bnost oslabuje schopnost kolektivn\u00ed deeskalace a otev\u00edr\u00e1 prostor pro vliv vn\u011bj\u0161\u00edch mocnost\u00ed. Z\u00e1rove\u0148 hroz\u00ed legitimizace bezpe\u010dnostn\u00edho uspo\u0159\u00e1d\u00e1n\u00ed, kter\u00e9 up\u0159ednost\u0148uje stabilitu re\u017eim\u016f p\u0159ed spravedlnost\u00ed v regionu.<\/p>\n\n\n\n<p><strong>Strategie Izraele a jej\u00ed d\u016fsledky<\/strong><\/p>\n\n\n\n<p>Sou\u010dasn\u00e1 strategie Izraele nese z\u00e1sadn\u00ed a potenci\u00e1ln\u011b kontraproduktivn\u00ed d\u016fsledky. Politika zalo\u017een\u00e1 na preventivn\u00edch vojensk\u00fdch akc\u00edch a tvrd\u00e9m pojet\u00ed bezpe\u010dnosti prohlubuje cyklus konfrontace m\u00edsto jeho \u0159e\u0161en\u00ed. To, co je prezentov\u00e1no jako nutnost, se m\u016f\u017ee st\u00e1t strategick\u00fdm p\u0159esahem, kter\u00fd oslabuje mezin\u00e1rodn\u00ed legitimitu a zvy\u0161uje izolaci.<\/p>\n\n\n\n<p>Problematick\u00e9 jsou tak\u00e9 narativy, kter\u00e9 ospravedl\u0148uj\u00ed destabilizaci regionu existenci\u00e1ln\u00ed nejistotou Izraele. Takov\u00fd p\u0159\u00edstup je nejen nelogick\u00fd, ale i nebezpe\u010dn\u011b eskala\u010dn\u00ed. Stabiln\u00ed region\u00e1ln\u00ed \u0159\u00e1d nelze budovat na principu sd\u00edlen\u00e9 nejistoty, ale naopak na vz\u00e1jemn\u00e9m uzn\u00e1n\u00ed a rovnov\u00e1ze.<\/p>\n\n\n\n<p><strong>Z\u00e1vod ke dnu?<\/strong><\/p>\n\n\n\n<p>V\u00fdzvy iniciativy k dialogu, ochran\u011b civiln\u00ed infrastruktury a bezpe\u010dnosti n\u00e1mo\u0159n\u00edch tras, zejm\u00e9na v Hormuzsk\u00e9m pr\u016flivu, ukazuj\u00ed glob\u00e1ln\u00ed v\u00fdznam konfliktu. Naru\u0161en\u00ed tohoto koridoru by mohlo vyvolat ekonomick\u00e9 ot\u0159esy daleko za hranicemi regionu.<\/p>\n\n\n\n<p>Ot\u00e1zkou v\u0161ak z\u016fst\u00e1v\u00e1, zda tyto n\u00e1vrhy sta\u010d\u00ed zastavit sm\u011b\u0159ov\u00e1n\u00ed k dal\u0161\u00edmu zhor\u0161ov\u00e1n\u00ed situace.<\/p>\n\n\n\n<p>\u00dasp\u011bch diplomacie vy\u017eaduje politickou v\u016fli, konkr\u00e9tn\u011b:<\/p>\n\n\n\n<p>\u2022 p\u0159ehodnocen\u00ed politiky USA sm\u011brem od podpory jednostrann\u00fdch akc\u00ed<br>\u2022 obnoven\u00ed kolektivn\u00ed role arabsk\u00fdch st\u00e1t\u016f<br>\u2022 ochotu Izraele p\u0159ehodnotit svou strategii ve prosp\u011bch dlouhodob\u00e9ho sou\u017eit\u00ed<br>\u2022 a uzn\u00e1n\u00ed, \u017ee bezpe\u010dnost nelze zajistit trvalou konfrontac\u00ed<\/p>\n\n\n\n<p><strong>Mezi beznad\u011bj\u00ed a mo\u017enost\u00ed<\/strong><\/p>\n\n\n\n<p>\u010c\u00ednsko-p\u00e1kist\u00e1nsk\u00e1 iniciativa nen\u00ed \u0159e\u0161en\u00edm sama o sob\u011b, ale v\u00fdchoz\u00edm r\u00e1mcem. Jej\u00ed v\u00fdznam spo\u010d\u00edv\u00e1 p\u0159edev\u0161\u00edm v tom, \u017ee ukazuje vznik nov\u00fdch diplomatick\u00fdch hlas\u016f ve sv\u011bt\u011b, kter\u00fd u\u017e nen\u00ed ovl\u00e1d\u00e1n jedinou hegemonn\u00ed silou.<\/p>\n\n\n\n<p>Budouc\u00ed v\u00fdvoj bude z\u00e1viset na rozhodnut\u00edch v n\u00e1sleduj\u00edc\u00edch t\u00fddnech. Hroz\u00ed, \u017ee zako\u0159en\u011bn\u00e9 postoje a ideologick\u00e9 jistoty p\u0159ev\u00e1\u017e\u00ed nad racion\u00e1ln\u00edm uva\u017eov\u00e1n\u00edm a povedou k hlub\u0161\u00ed fragmentaci regionu.<\/p>\n\n\n\n<p>St\u00e1le v\u0161ak existuje \u00fazk\u00e1 cesta, kde multilateralismus nen\u00ed jen deklarov\u00e1n, ale skute\u010dn\u011b uplat\u0148ov\u00e1n, kde diplomacie nahrazuje militarizaci a kde jsou historick\u00e9 lekce br\u00e1ny v\u00e1\u017en\u011b.<\/p>\n\n\n\n<p>Alternativou nen\u00ed pouze pokra\u010duj\u00edc\u00ed konflikt, ale normalizace chaosu.<\/p>\n\n\n\n<p><strong>Kirtan Bhana<\/strong> a <strong>Anisha Pemjee<\/strong><\/p>\n\n\n\n<p><strong><a href=\"https:\/\/www.thediplomaticsociety.co.za\/5586-pakistan-emerges-as-a-mediator-in-the-us-israel-iran-conflict\" title=\"\">Thediplomaticsociety<\/a>\/gnews.cz &#8211; GH<\/strong><\/p>\n","protected":false},"excerpt":{"rendered":"<p>Zah\u00e1jen\u00ed Sino\u2013South Africa Press Clubu v Pretorii 2. dubna nemohlo p\u0159ij\u00edt v p\u0159\u00edhodn\u011bj\u0161\u00ed chv\u00edli. Akce za\u010dala v\u00fdrazn\u00fdm diplomatick\u00fdm t\u00f3nem, kdy\u017e \u010d\u00ednsk\u00fd velvyslanec&hellip;<\/p>\n","protected":false},"author":6,"featured_media":43614,"comment_status":"open","ping_status":"closed","sticky":false,"template":"","format":"standard","meta":{"_acf_changed":false,"_lmt_disableupdate":"","_lmt_disable":"","footnotes":""},"categories":[3,7,2973],"tags":[680,1264,22,1523,2085,2464,760,12434,49,2252,5092,4778,3257,3415,3158,17,38,300,41],"class_list":["post-43613","post","type-post","status-publish","format-standard","has-post-thumbnail","hentry","category-neprehlednete","category-politika","category-zahranicni","tag-bezpecnost","tag-blizkay-vychod","tag-cina","tag-diplomacie","tag-geopolitika","tag-globalni-politika","tag-iran-3","tag-ishaq-dar","tag-izrael","tag-konflikt","tag-mezinarodni-vztahy","tag-multilateralismus","tag-pakistan-2","tag-persky-zaliv","tag-the-diplomatic-society","tag-top","tag-usa","tag-wang-yi","tag-world"],"acf":[],"aioseo_notices":[],"_links":{"self":[{"href":"https:\/\/gnews.cz\/cs_cz\/wp-json\/wp\/v2\/posts\/43613","targetHints":{"allow":["GET"]}}],"collection":[{"href":"https:\/\/gnews.cz\/cs_cz\/wp-json\/wp\/v2\/posts"}],"about":[{"href":"https:\/\/gnews.cz\/cs_cz\/wp-json\/wp\/v2\/types\/post"}],"author":[{"embeddable":true,"href":"https:\/\/gnews.cz\/cs_cz\/wp-json\/wp\/v2\/users\/6"}],"replies":[{"embeddable":true,"href":"https:\/\/gnews.cz\/cs_cz\/wp-json\/wp\/v2\/comments?post=43613"}],"version-history":[{"count":1,"href":"https:\/\/gnews.cz\/cs_cz\/wp-json\/wp\/v2\/posts\/43613\/revisions"}],"predecessor-version":[{"id":43615,"href":"https:\/\/gnews.cz\/cs_cz\/wp-json\/wp\/v2\/posts\/43613\/revisions\/43615"}],"wp:featuredmedia":[{"embeddable":true,"href":"https:\/\/gnews.cz\/cs_cz\/wp-json\/wp\/v2\/media\/43614"}],"wp:attachment":[{"href":"https:\/\/gnews.cz\/cs_cz\/wp-json\/wp\/v2\/media?parent=43613"}],"wp:term":[{"taxonomy":"category","embeddable":true,"href":"https:\/\/gnews.cz\/cs_cz\/wp-json\/wp\/v2\/categories?post=43613"},{"taxonomy":"post_tag","embeddable":true,"href":"https:\/\/gnews.cz\/cs_cz\/wp-json\/wp\/v2\/tags?post=43613"}],"curies":[{"name":"wp","href":"https:\/\/api.w.org\/{rel}","templated":true}]}}