{"id":43617,"date":"2026-04-07T21:00:00","date_gmt":"2026-04-07T19:00:00","guid":{"rendered":"https:\/\/gnews.cz\/?p=43617"},"modified":"2026-04-08T09:19:02","modified_gmt":"2026-04-08T07:19:02","slug":"divka-se-zlatem-v-hrdle-mimoradny-talent-valentiny-voznuk-z-prahy","status":"publish","type":"post","link":"https:\/\/gnews.cz\/cs_cz\/tema\/divka-se-zlatem-v-hrdle-mimoradny-talent-valentiny-voznuk-z-prahy\/","title":{"rendered":"D\u00edvka se zlatem v hrdle: mimo\u0159\u00e1dn\u00fd talent Valentiny Voz\u0148uk z Prahy"},"content":{"rendered":"\n<p><strong>Valentina Voz\u0148uk je nadan\u00e1 klav\u00edristka, zp\u011bva\u010dka i here\u010dka. Narodila se 21. \u010dervna 2014 v Praze, kde \u017eije a tvo\u0159\u00ed. Seznam \u010dinnost\u00ed a \u00fasp\u011bch\u016f t\u00e9to mladi\u010dk\u00e9 um\u011blkyn\u011b by vydal na n\u011bkolik stran textu. Ty nejd\u016fle\u017eit\u011bj\u0161\u00ed se pokus\u00edme vt\u011bsnat do n\u00e1sleduj\u00edc\u00edch \u0159\u00e1dk\u016f. Nejd\u0159\u00edve se v\u0161ak seznamte\u2026<\/strong><\/p>\n\n\n\n<p>Valentinka projevila z\u00e1jem o hudbu ji\u017e od \u00fatl\u00e9ho v\u011bku, kdy za\u010dala zp\u00edvat a zkou\u0161et hr\u00e1t na klav\u00edr. Jej\u00ed star\u0161\u00ed bratr Vladislav v t\u00e9 dob\u011b studoval hru na klav\u00edr a ona si broukala skladby, kter\u00e9 tr\u00e9noval. Rodi\u010de, nad\u0161en\u00ed jej\u00edm talentem, ji p\u0159ihl\u00e1sili na hodiny zp\u011bvu a klav\u00edru, kter\u00e9 piln\u011b nav\u0161t\u011bvuje od sv\u00fdch \u010dty\u0159 let. Nejd\u0159\u00edve \u201eopravovala\u201c skladby zn\u00e1m\u00fdch skladatel\u016f, jako jsou Mozart a Smetana, kter\u00e9 se zrovna u\u010dila hr\u00e1t na klav\u00edr, pozd\u011bji za\u010dala ps\u00e1t vlastn\u00ed skladby.<\/p>\n\n\n\n<p>Je \u017e\u00e1kyn\u00ed Z\u0160 Kladsk\u00e1 (\u0161kola s roz\u0161\u00ed\u0159enou v\u00fdukou jazyk\u016f \u2013 fakultn\u00ed \u0161kola Pedagogick\u00e9 fakulty UK na Vinohradech), kde rozv\u00edj\u00ed sv\u00e9 nad\u00e1n\u00ed pro studium ciz\u00edch jazyk\u016f. Dob\u0159e ovl\u00e1d\u00e1 angli\u010dtinu a n\u011bm\u010dinu a d\u00edky sv\u00e9 v\u00e1\u0161ni pro operu se nem\u016f\u017ee do\u010dkat, a\u017e se nau\u010d\u00ed italsky.<\/p>\n\n\n\n<p><strong>Klav\u00edristka<\/strong><\/p>\n\n\n\n<p>\u00dasp\u011bchy jeden\u00e1ctilet\u00e9 Valentiny Voz\u0148uk jsou vykoupeny ka\u017edodenn\u00edm, n\u011bkolikahodinov\u00fdm hran\u00edm na klav\u00edr. Jej\u00ed p\u00edle v\u0161ak p\u0159in\u00e1\u0161\u00ed ovoce.<br><\/p>\n\n\n\n<figure class=\"wp-block-image size-full is-resized\"><img fetchpriority=\"high\" decoding=\"async\" width=\"600\" height=\"900\" src=\"https:\/\/gnews.cz\/wp-content\/uploads\/2026\/04\/foto_Valentina_Voznuk.webp\" alt=\"\" class=\"wp-image-43619\" style=\"width:766px;height:auto\" srcset=\"https:\/\/gnews.cz\/wp-content\/uploads\/2026\/04\/foto_Valentina_Voznuk.webp 600w, https:\/\/gnews.cz\/wp-content\/uploads\/2026\/04\/foto_Valentina_Voznuk-200x300.webp 200w, https:\/\/gnews.cz\/wp-content\/uploads\/2026\/04\/foto_Valentina_Voznuk-8x12.webp 8w, https:\/\/gnews.cz\/wp-content\/uploads\/2026\/04\/foto_Valentina_Voznuk-585x878.webp 585w\" sizes=\"(max-width: 600px) 100vw, 600px\" \/><figcaption class=\"wp-element-caption\"><em>Prvn\u00ed skladby vzpom\u00ednan\u00e9ho muzik\u00e1lu p\u0159edstavila Valentina Voz\u0148uk nejd\u0159\u00edve na sout\u011b\u017e\u00edch Pra\u017esk\u00fd p\u011bvec a Allegro, kde se setkala s&nbsp;nad\u0161en\u00fdm p\u0159ijet\u00edm a obdr\u017eela ceny za vlastn\u00ed tvorbu.<\/em><\/figcaption><\/figure>\n\n\n\n<p>V posledn\u00edch dvou letech z\u00edskala 1. cenu na International Amadeus Piano Competition v It\u00e1lii a 1. cenu na Mezin\u00e1rodn\u00ed klav\u00edrn\u00ed sout\u011b\u017ei Franz Liszt Center v Ma\u010farsku. Stala se tak\u00e9 v\u00edt\u011bzkou profesion\u00e1ln\u00ed klav\u00edrn\u00ed kategorie na Golden Piano Talents International Piano Competition v Severn\u00ed Makedonii.<\/p>\n\n\n\n<p>T\u00edm to v\u0161ak nekon\u010d\u00ed. Zapomenout nesm\u00edme na prvn\u00ed cenu ve dvou kategori\u00edch \u2013 s\u00f3lov\u00fd a \u010dty\u0159ru\u010dn\u00ed klav\u00edr \u2013 na sout\u011b\u017ei Anton\u00edn Dvo\u0159\u00e1k mlad\u00fdm v \u010cesk\u00e9 republice ani na prvn\u00ed cenu v mezin\u00e1rodn\u00ed sout\u011b\u017ei Globe International Piano Competition v Nizozemsku. Doma se nav\u00edc stala absolutn\u00ed v\u00edt\u011bzkou sout\u011b\u017ee Allegro v instrument\u00e1ln\u00ed kategorii.<\/p>\n\n\n\n<p><strong>Zp\u011bva\u010dka, skladatelka<\/strong><\/p>\n\n\n\n<p>Valentina Voz\u0148uk ztv\u00e1rnila nap\u0159\u00edklad roli mal\u00e9 Cosette v muzik\u00e1lu <em>B\u00eddn\u00edci<\/em> v divadle GOJA a od b\u0159ezna 2026 hraje Malou Annu v muzik\u00e1lu <em>Ledov\u00e9 kr\u00e1lovstv\u00ed<\/em> v Hudebn\u00edm divadle Karl\u00edn. V divadle se sezn\u00e1mila s Felixem Slov\u00e1\u010dkem ml., se kter\u00fdm spole\u010dn\u011b nazp\u00edvala p\u00edse\u0148 <em>Karma zdarma<\/em>, jej\u00edm\u017e autorem je pr\u00e1v\u011b Valentinka.<\/p>\n\n\n\n<p>Jej\u00ed v\u00e1no\u010dn\u00ed p\u00edsni\u010dka <em>Popleten\u00e9 V\u00e1noce<\/em> se hr\u00e1la v rozhlase a setkala se s pozitivn\u00edmi ohlasy. To ji inspirovalo k naps\u00e1n\u00ed autorsk\u00e9ho muzik\u00e1lu s v\u00e1no\u010dn\u00ed tematikou.<\/p>\n\n\n\n<p>V\u011bnuje se i kompozici \u2013 jako skladatelka se stala laure\u00e1tkou lucembursk\u00e9 mezin\u00e1rodn\u00ed sout\u011b\u017ee Artistes en Herbe 2025. Slo\u017eila mimo jin\u00e9 vlastn\u00ed muzik\u00e1l <em>M\u016fj stra\u0161ideln\u00fd sv\u011bt<\/em>, kter\u00fd m\u011bl premi\u00e9ru na mal\u00e9 sc\u00e9n\u011b divadla Karl\u00edn. Vystupuje tak\u00e9 se sv\u00fdm po\u0159adem <em>Zrozen\u00ed stra\u0161ideln\u00e9ho sv\u011bta<\/em> (nap\u0159\u00edklad na festivalu Praha \u017eije hudbou \u010di na festivalu Jihlava d\u011btem).<\/p>\n\n\n\n<figure class=\"wp-block-image size-full is-resized\"><img decoding=\"async\" width=\"599\" height=\"900\" src=\"https:\/\/gnews.cz\/wp-content\/uploads\/2026\/04\/IMG_1379_002.webp\" alt=\"\" class=\"wp-image-43620\" style=\"aspect-ratio:0.6655381944444444;width:779px;height:auto\" srcset=\"https:\/\/gnews.cz\/wp-content\/uploads\/2026\/04\/IMG_1379_002.webp 599w, https:\/\/gnews.cz\/wp-content\/uploads\/2026\/04\/IMG_1379_002-200x300.webp 200w, https:\/\/gnews.cz\/wp-content\/uploads\/2026\/04\/IMG_1379_002-8x12.webp 8w, https:\/\/gnews.cz\/wp-content\/uploads\/2026\/04\/IMG_1379_002-585x879.webp 585w\" sizes=\"(max-width: 599px) 100vw, 599px\" \/><figcaption class=\"wp-element-caption\"><em>Nejmlad\u0161\u00ed finalistka sout\u011b\u017ee Hlas \u010ceska v&nbsp;kategorii vlastn\u00ed tvorba<\/em><\/figcaption><\/figure>\n\n\n\n<p>V roce 2024 se stala nejmlad\u0161\u00ed finalistkou sout\u011b\u017ee Hlas \u010ceska 2024 v kategorii vlastn\u00ed tvorba. Je tak\u00e9 finalistkou sout\u011b\u017e\u00ed Top Voice 2025 a BonArt Junior Fest 2025, absolutn\u00ed v\u00edt\u011bzkou sout\u011b\u017ee Skalka Star a dr\u017eitelkou Grand Prix Diamond\u2019s Voice 2025. Zasedne i do poroty sout\u011b\u017ee Diamond\u2019s Voice 2026, jej\u00ed\u017e fin\u00e1le se kon\u00e1 18. \u010dervna 2026 v Praze.<\/p>\n\n\n\n<p>D\u00edky v\u00fdh\u0159e v Talent Show na Prague Ice Cream Festivalu se Valentinka 20. \u010dervna p\u0159edstav\u00ed se sv\u00fdm programem na hlavn\u00ed stage tohoto festivalu, kde zazn\u00ed i p\u00edse\u0148 <em>Ice-cream Holic<\/em>, kterou pro tuto p\u0159\u00edle\u017eitost slo\u017eila.<\/p>\n\n\n\n<p>Na jej\u00ed vztah k hudb\u011b a zp\u011bvu, \u017eivotn\u00ed cestu za spln\u011bn\u00fdmi sny i na to, jak\u00e9 ob\u011bti sv\u00e9mu talentu dosud musela p\u0159in\u00e9st, se zam\u011b\u0159\u00ed p\u0159ipravovan\u00fd redak\u010dn\u00ed rozhovor s touto mimo\u0159\u00e1dn\u011b nadanou a nad\u011bjnou um\u011blkyn\u00ed.<\/p>\n\n\n\n<p><strong>Ivan \u010cern\u00fd<\/strong><\/p>\n","protected":false},"excerpt":{"rendered":"<p>Valentina Voz\u0148uk je nadan\u00e1 klav\u00edristka, zp\u011bva\u010dka i here\u010dka. Narodila se 21. \u010dervna 2014 v Praze, kde \u017eije a tvo\u0159\u00ed. Seznam \u010dinnost\u00ed a&hellip;<\/p>\n","protected":false},"author":6,"featured_media":43618,"comment_status":"open","ping_status":"closed","sticky":false,"template":"","format":"standard","meta":{"_acf_changed":false,"_lmt_disableupdate":"","_lmt_disable":"","footnotes":""},"categories":[2968,6,3,1,8],"tags":[12437,12443,12441,12442,12440,12435,12436,269,12438,12439,41],"class_list":["post-43617","post","type-post","status-publish","format-standard","has-post-thumbnail","hentry","category-domaci","category-kultura","category-neprehlednete","category-tema","category-zabava","tag-detska-zpevacka","tag-detsky-talent","tag-hudebni-divadlo-karlin","tag-hudebni-nadani","tag-klavirni-souteze","tag-ledove-kralovstvi-muzikal","tag-mlada-pianistka","tag-praha","tag-valentina-voznuk","tag-vlastni-tvorba","tag-world"],"acf":[],"aioseo_notices":[],"_links":{"self":[{"href":"https:\/\/gnews.cz\/cs_cz\/wp-json\/wp\/v2\/posts\/43617","targetHints":{"allow":["GET"]}}],"collection":[{"href":"https:\/\/gnews.cz\/cs_cz\/wp-json\/wp\/v2\/posts"}],"about":[{"href":"https:\/\/gnews.cz\/cs_cz\/wp-json\/wp\/v2\/types\/post"}],"author":[{"embeddable":true,"href":"https:\/\/gnews.cz\/cs_cz\/wp-json\/wp\/v2\/users\/6"}],"replies":[{"embeddable":true,"href":"https:\/\/gnews.cz\/cs_cz\/wp-json\/wp\/v2\/comments?post=43617"}],"version-history":[{"count":3,"href":"https:\/\/gnews.cz\/cs_cz\/wp-json\/wp\/v2\/posts\/43617\/revisions"}],"predecessor-version":[{"id":43638,"href":"https:\/\/gnews.cz\/cs_cz\/wp-json\/wp\/v2\/posts\/43617\/revisions\/43638"}],"wp:featuredmedia":[{"embeddable":true,"href":"https:\/\/gnews.cz\/cs_cz\/wp-json\/wp\/v2\/media\/43618"}],"wp:attachment":[{"href":"https:\/\/gnews.cz\/cs_cz\/wp-json\/wp\/v2\/media?parent=43617"}],"wp:term":[{"taxonomy":"category","embeddable":true,"href":"https:\/\/gnews.cz\/cs_cz\/wp-json\/wp\/v2\/categories?post=43617"},{"taxonomy":"post_tag","embeddable":true,"href":"https:\/\/gnews.cz\/cs_cz\/wp-json\/wp\/v2\/tags?post=43617"}],"curies":[{"name":"wp","href":"https:\/\/api.w.org\/{rel}","templated":true}]}}