{"id":43622,"date":"2026-04-08T04:00:00","date_gmt":"2026-04-08T02:00:00","guid":{"rendered":"https:\/\/gnews.cz\/?p=43622"},"modified":"2026-04-07T20:57:04","modified_gmt":"2026-04-07T18:57:04","slug":"cinsky-premier-vyzval-k-rozsireni-cinsko-australskeho-obchodu-pro-oboustranne-vyhodnou-spolupraci","status":"publish","type":"post","link":"https:\/\/gnews.cz\/cs_cz\/ekonomika\/cinsky-premier-vyzval-k-rozsireni-cinsko-australskeho-obchodu-pro-oboustranne-vyhodnou-spolupraci\/","title":{"rendered":"\u010c\u00ednsk\u00fd premi\u00e9r vyzval k roz\u0161\u00ed\u0159en\u00ed \u010d\u00ednsko-australsk\u00e9ho obchodu pro oboustrann\u011b v\u00fdhodnou spolupr\u00e1ci"},"content":{"rendered":"\n<p><strong>\u010c\u00ednsk\u00fd premi\u00e9r Li Qiang vyzval k dal\u0161\u00edmu prohlubov\u00e1n\u00ed obchodn\u00edch vztah\u016f s Austr\u00e1li\u00ed a zd\u016fraznil v\u00fdznam vz\u00e1jemn\u011b v\u00fdhodn\u00e9 spolupr\u00e1ce. Uvedl, \u017ee rozs\u00e1hl\u00fd \u010d\u00ednsk\u00fd trh z\u016fst\u00e1v\u00e1 otev\u0159en\u00fd sv\u011btu a \u017ee \u010c\u00edna je p\u0159ipravena dov\u00e1\u017eet v\u00edce kvalitn\u00edch australsk\u00fdch produkt\u016f.<\/strong><\/p>\n\n\n\n<p>B\u011bhem telefonick\u00e9ho rozhovoru s australsk\u00fdm premi\u00e9rem Anthony Albanese Li Qiang zd\u016fraznil, \u017ee ob\u011b zem\u011b by m\u011bly spole\u010dn\u011b pracovat na roz\u0161\u00ed\u0159en\u00ed a zkvalitn\u011bn\u00ed vz\u00e1jemn\u00e9ho obchodu. Z\u00e1rove\u0148 podpo\u0159il v\u011bt\u0161\u00ed zapojen\u00ed firem z obou zem\u00ed, kter\u00e9 by m\u011bly spolupracovat na z\u00e1klad\u011b tr\u017en\u00edch princip\u016f a sm\u011b\u0159ovat k oboustrann\u011b p\u0159\u00ednosn\u00fdm v\u00fdsledk\u016fm.<\/p>\n\n\n\n<p>D\u016fle\u017eit\u00fdm krokem by podle n\u011bj m\u011blo b\u00fdt tak\u00e9 urychlen\u00ed p\u0159ezkumu dohody o voln\u00e9m obchodu mezi ob\u011bma zem\u011bmi a jedn\u00e1n\u00ed o jej\u00edm dal\u0161\u00edm vylep\u0161en\u00ed. Takov\u00fd krok by mohl vytvo\u0159it pevn\u011bj\u0161\u00ed institucion\u00e1ln\u00ed z\u00e1klad pro budouc\u00ed spolupr\u00e1ci.<\/p>\n\n\n\n<p>Velk\u00fd potenci\u00e1l vid\u00ed \u010d\u00ednsk\u00e1 strana zejm\u00e9na v oblasti zelen\u00e9 ekonomiky. Li Qiang zm\u00ednil mo\u017enosti u\u017e\u0161\u00ed spolupr\u00e1ce v sektorech, jako jsou \u010dist\u00e1 energie, nov\u00e1 energetick\u00e1 vozidla, skladov\u00e1n\u00ed energie nebo sni\u017eov\u00e1n\u00ed emis\u00ed uhl\u00edku. Pr\u00e1v\u011b tyto oblasti by podle n\u011bj mohly b\u00fdt kl\u00ed\u010dov\u00fdm motorem dal\u0161\u00edho hospod\u00e1\u0159sk\u00e9ho r\u016fstu.<\/p>\n\n\n\n<p>Australsk\u00fd premi\u00e9r Anthony Albanese potvrdil, \u017ee jeho vl\u00e1da m\u00e1 z\u00e1jem o stabiln\u00ed a konstruktivn\u00ed vztahy s \u010c\u00ednou. P\u0159ipomn\u011bl, \u017ee Austr\u00e1lie dlouhodob\u011b dodr\u017euje politiku jedn\u00e9 \u010c\u00edny, a vyj\u00e1d\u0159il ochotu rozv\u00edjet spolupr\u00e1ci nejen v obchodu a investic\u00edch, ale tak\u00e9 v t\u011b\u017eb\u011b, energetice a mezilidsk\u00fdch v\u00fdm\u011bn\u00e1ch.<\/p>\n\n\n\n<p>Z\u00e1rove\u0148 zd\u016fraznil, \u017ee je d\u016fle\u017eit\u00e9 \u0159e\u0161it p\u0159\u00edpadn\u00e9 rozd\u00edly s respektem a udr\u017eovat dialog. Albanese tak\u00e9 uvedl, \u017ee se t\u011b\u0161\u00ed na svou pl\u00e1novanou n\u00e1v\u0161t\u011bvu \u010c\u00edny a na \u00fa\u010dast na setk\u00e1n\u00ed ekonomick\u00fdch l\u00eddr\u016f Asia-Pacific Economic Cooperation v roce 2026.<\/p>\n\n\n\n<p><strong><a href=\"https:\/\/czech.cri.cn\/2026\/04\/07\/ARTI1775567327852386\" title=\"\">CMG<\/a><\/strong><\/p>\n","protected":false},"excerpt":{"rendered":"<p>\u010c\u00ednsk\u00fd premi\u00e9r Li Qiang vyzval k dal\u0161\u00edmu prohlubov\u00e1n\u00ed obchodn\u00edch vztah\u016f s Austr\u00e1li\u00ed a zd\u016fraznil v\u00fdznam vz\u00e1jemn\u011b v\u00fdhodn\u00e9 spolupr\u00e1ce. Uvedl, \u017ee rozs\u00e1hl\u00fd \u010d\u00ednsk\u00fd&hellip;<\/p>\n","protected":false},"author":6,"featured_media":43623,"comment_status":"open","ping_status":"closed","sticky":false,"template":"","format":"standard","meta":{"_acf_changed":false,"_lmt_disableupdate":"","_lmt_disable":"","footnotes":""},"categories":[4,2973],"tags":[12444,490,22,18,1582,2421],"class_list":["post-43622","post","type-post","status-publish","format-standard","has-post-thumbnail","hentry","category-ekonomika","category-zahranicni","tag-anthony-albanese","tag-australie","tag-cina","tag-cmg","tag-li-qiang-2","tag-obchod"],"acf":[],"aioseo_notices":[],"_links":{"self":[{"href":"https:\/\/gnews.cz\/cs_cz\/wp-json\/wp\/v2\/posts\/43622","targetHints":{"allow":["GET"]}}],"collection":[{"href":"https:\/\/gnews.cz\/cs_cz\/wp-json\/wp\/v2\/posts"}],"about":[{"href":"https:\/\/gnews.cz\/cs_cz\/wp-json\/wp\/v2\/types\/post"}],"author":[{"embeddable":true,"href":"https:\/\/gnews.cz\/cs_cz\/wp-json\/wp\/v2\/users\/6"}],"replies":[{"embeddable":true,"href":"https:\/\/gnews.cz\/cs_cz\/wp-json\/wp\/v2\/comments?post=43622"}],"version-history":[{"count":1,"href":"https:\/\/gnews.cz\/cs_cz\/wp-json\/wp\/v2\/posts\/43622\/revisions"}],"predecessor-version":[{"id":43624,"href":"https:\/\/gnews.cz\/cs_cz\/wp-json\/wp\/v2\/posts\/43622\/revisions\/43624"}],"wp:featuredmedia":[{"embeddable":true,"href":"https:\/\/gnews.cz\/cs_cz\/wp-json\/wp\/v2\/media\/43623"}],"wp:attachment":[{"href":"https:\/\/gnews.cz\/cs_cz\/wp-json\/wp\/v2\/media?parent=43622"}],"wp:term":[{"taxonomy":"category","embeddable":true,"href":"https:\/\/gnews.cz\/cs_cz\/wp-json\/wp\/v2\/categories?post=43622"},{"taxonomy":"post_tag","embeddable":true,"href":"https:\/\/gnews.cz\/cs_cz\/wp-json\/wp\/v2\/tags?post=43622"}],"curies":[{"name":"wp","href":"https:\/\/api.w.org\/{rel}","templated":true}]}}