{"id":43639,"date":"2026-04-08T15:00:00","date_gmt":"2026-04-08T13:00:00","guid":{"rendered":"https:\/\/gnews.cz\/?p=43639"},"modified":"2026-04-08T11:23:28","modified_gmt":"2026-04-08T09:23:28","slug":"usa-a-iran-uzavrely-primeri-trumpovo-vitezstvi-nebo-spickova-diplomacie-pakistanu-a-ciny","status":"publish","type":"post","link":"https:\/\/gnews.cz\/cs_cz\/tema\/usa-a-iran-uzavrely-primeri-trumpovo-vitezstvi-nebo-spickova-diplomacie-pakistanu-a-ciny\/","title":{"rendered":"USA a \u00cdr\u00e1n uzav\u0159ely p\u0159\u00edm\u011b\u0159\u00ed. Trumpovo &#8222;v\u00edt\u011bzstv\u00ed&#8220; nebo \u0161pi\u010dkov\u00e1 diplomacie P\u00e1kist\u00e1nu a \u010c\u00edny?"},"content":{"rendered":"\n<p><strong>Americk\u00fd prezident Donald Trump v noci na st\u0159edu ozn\u00e1mil dvout\u00fddenn\u00ed p\u0159\u00edm\u011b\u0159\u00ed s \u00cdr\u00e1nem \u2013 m\u00e9n\u011b ne\u017e dv\u011b hodiny p\u0159ed vypr\u0161en\u00edm j\u00edm stanoven\u00e9ho ultim\u00e1ta, po jeho\u017e uplynut\u00ed hrozil masivn\u00edmi \u00fatoky na \u00edr\u00e1nskou civiln\u00ed infrastrukturu. Sv\u011bt vydechl. Ale jen nap\u016fl.<\/strong><\/p>\n\n\n\n<p><strong>P\u00e1kist\u00e1n jako hasi\u010d na posledn\u00ed chv\u00edli<\/strong><\/p>\n\n\n\n<p>Kl\u00ed\u010dovou roli v z\u00e1chrann\u00e9 diplomatick\u00e9 misi sehr\u00e1l P\u00e1kist\u00e1n. N\u00e1\u010deln\u00edk p\u00e1kist\u00e1nsk\u00fdch ozbrojen\u00fdch sil <strong>Asim Mun\u00edr <\/strong>str\u00e1vil celou noc ve spojen\u00ed s americk\u00fdm viceprezidentem <strong>J. D. Vancem<\/strong> a \u00edr\u00e1nsk\u00fdm ministrem zahrani\u010d\u00ed Abb\u00e1sem Arak\u010d\u00edm, p\u0159i\u010dem\u017e P\u00e1kist\u00e1n fungoval jako jedin\u00fd komunika\u010dn\u00ed kan\u00e1l mezi znep\u0159\u00e1telen\u00fdmi stranami.<\/p>\n\n\n\n<p>P\u00e1kist\u00e1nsk\u00fd premi\u00e9r <strong>\u0160ahb\u00e1z \u0160ar\u00edf<\/strong> pot\u00e9 na platform\u011b X ozn\u00e1mil, \u017ee \u00cdr\u00e1n a USA spolu se sv\u00fdmi spojenci se dohodly na okam\u017eit\u00e9m p\u0159\u00edm\u011b\u0159\u00ed <em>\u201ev\u0161ude, v\u010detn\u011b Libanonu&#8220;<\/em>. Trump v p\u0159\u00edsp\u011bvku na Truth Social napsal, \u017ee se rozhodl pozastavit bombardov\u00e1n\u00ed \u00cdr\u00e1nu na z\u00e1klad\u011b rozhovoru s p\u00e1kist\u00e1nsk\u00fdm premi\u00e9rem a poln\u00edm mar\u0161\u00e1lem Mun\u00edrem, kte\u0159\u00ed ho po\u017e\u00e1dali, aby dnes v noci nepou\u0161t\u011bl ke slovu ni\u010divou s\u00edlu.<\/p>\n\n\n\n<p><strong>\u010c\u00edna jako z\u00e1kulisn\u00ed hr\u00e1\u010d<\/strong><\/p>\n\n\n\n<p>Za p\u00e1kist\u00e1nskou frontou stoj\u00ed i Peking. Trump v rozhovoru s AFP po ozn\u00e1men\u00ed p\u0159\u00edm\u011b\u0159\u00ed p\u0159ipustil, \u017ee podle jeho p\u0159esv\u011bd\u010den\u00ed pomohla \u010c\u00edna p\u0159im\u011bt \u00cdr\u00e1n k jednac\u00edmu stolu. \u010c\u00ednsk\u00fd ministr zahrani\u010d\u00ed <strong>Wang Yi<\/strong> v pr\u016fb\u011bhu konfliktu uskute\u010dnil 26 telefon\u00e1t\u016f s p\u0159edstaviteli \u00cdr\u00e1nu, Izraele, Ruska a arabsk\u00fdch zem\u00ed Persk\u00e9ho z\u00e1livu. Zvl\u00e1\u0161tn\u00ed vyslanec \u010d\u00ednsk\u00e9 vl\u00e1dy pro Bl\u00edzk\u00fd v\u00fdchod rovn\u011b\u017e osobn\u011b nav\u0161t\u00edvil region.<\/p>\n\n\n\n<p>Na konci b\u0159ezna \u010c\u00edna a P\u00e1kist\u00e1n spole\u010dn\u011b p\u0159edstavily p\u011btibodov\u00fd pl\u00e1n vyz\u00fdvaj\u00edc\u00ed k p\u0159\u00edm\u011b\u0159\u00ed a obnoven\u00ed voln\u00e9 plavby v Hormuzsk\u00e9m pr\u016flivu. Peking se v\u0161ak z\u00e1m\u011brn\u011b dr\u017e\u00ed ve st\u00ednu \u2013 \u010d\u00ednsk\u00e9 ministerstvo zahrani\u010d\u00ed sd\u011blilo CNN, \u017ee Peking <em>\u201epodporuje zprost\u0159edkovatelsk\u00e9 \u00fasil\u00ed P\u00e1kist\u00e1nu a dal\u0161\u00edch zem\u00ed&#8220; <\/em>a je ochoten <em>\u201eudr\u017eovat komunikaci a koordinaci se v\u0161emi stranami&#8220;<\/em>.<\/p>\n\n\n\n<p><strong>\u00cdr\u00e1nsk\u00fd desetibodov\u00fd pl\u00e1n: z\u00e1klad, nebo slep\u00e1 uli\u010dka?<\/strong><\/p>\n\n\n\n<p>J\u00e1drem p\u0159\u00edm\u011b\u0159\u00ed je \u00edr\u00e1nsk\u00fd desetibodov\u00fd m\u00edrov\u00fd n\u00e1vrh. \u00cdr\u00e1n zaslal tento dokument p\u00e1kist\u00e1nsk\u00fdm medi\u00e1tor\u016fm pot\u00e9, co jej dv\u011b t\u00fddny p\u0159ipravoval. Americk\u00fd p\u0159edstavitel, kter\u00fd n\u00e1vrh vid\u011bl, jej ozna\u010dil za <em>\u201emaximalistick\u00fd&#8220;<\/em>.<\/p>\n\n\n\n<p>Pl\u00e1n podle shrnut\u00ed \u00cdr\u00e1nsk\u00e9 Nejvy\u0161\u0161\u00ed rady n\u00e1rodn\u00ed bezpe\u010dnosti zahrnuje: otev\u0159en\u00ed Hormuzsk\u00e9ho pr\u016flivu pod koordinac\u00ed \u00edr\u00e1nsk\u00fdch ozbrojen\u00fdch sil, ukon\u010den\u00ed v\u00e1lky proti v\u0161em slo\u017ek\u00e1m tzv. Osy odporu, sta\u017een\u00ed americk\u00fdch sil ze v\u0161ech z\u00e1kladen v regionu, zaplacen\u00ed reparac\u00ed za v\u00e1le\u010dn\u00e9 \u0161kody a zru\u0161en\u00ed sankc\u00ed v\u010detn\u011b uvoln\u011bn\u00ed zmrazen\u00fdch aktiv. N\u00e1vrh p\u0159itom neobsahuje \u017e\u00e1dn\u00fd z\u00e1vazek k omezen\u00ed \u00edr\u00e1nsk\u00e9ho jadern\u00e9ho programu \u2013 p\u0159itom jde o dlouhodobou prioritu Trumpovy administrativy.<\/p>\n\n\n\n<p>\u00cdr\u00e1n sou\u010dasn\u011b odm\u00edtl americk\u00fd patn\u00e1ctibodov\u00fd protin\u00e1vrh, kter\u00fd zahrnoval t\u0159icetidenn\u00ed p\u0159\u00edm\u011b\u0159\u00ed, demont\u00e1\u017e \u00edr\u00e1nsk\u00fdch jadern\u00fdch za\u0159\u00edzen\u00ed a omezen\u00ed raketov\u00e9ho programu v\u00fdm\u011bnou za zru\u0161en\u00ed sankc\u00ed. \u00cdr\u00e1nsk\u00fd zdroj jej ozna\u010dil za <em>\u201ekrajn\u011b maximalistick\u00fd a nerozumn\u00fd&#8220;<\/em>. Trump p\u0159esto prohl\u00e1sil, \u017ee \u00edr\u00e1nsk\u00fd pl\u00e1n p\u0159edstavuje<em> \u201efunk\u010dn\u00ed z\u00e1klad pro jedn\u00e1n\u00ed&#8220;<\/em> a \u017ee <em>\u201et\u00e9m\u011b\u0159 v\u0161echny sporn\u00e9 body ji\u017e byly dohodnuty&#8220;<\/em>.<\/p>\n\n\n\n<p><strong>Izrael: za p\u0159\u00edm\u011b\u0159\u00ed, ale ne za ka\u017edou cenu<\/strong><\/p>\n\n\n\n<p>Izraelsk\u00fd premi\u00e9r <strong>Benjamin Netanjahu<\/strong> podle serveru Axios p\u016fvodn\u011b varoval Trumpa p\u0159ed uzav\u0159en\u00edm p\u0159\u00edm\u011b\u0159\u00ed. Nakonec jej v\u0161ak podpo\u0159il \u2013 s podm\u00ednkami. Netanjahu prohl\u00e1sil, \u017ee jeho vl\u00e1da p\u0159\u00edm\u011b\u0159\u00ed podporuje, ale nam\u00edtl, \u017ee dohoda se nevztahuje na boje v Libanonu.<\/p>\n\n\n\n<p>\u00cdr\u00e1nsk\u00e1 Nejvy\u0161\u0161\u00ed rada n\u00e1rodn\u00ed bezpe\u010dnosti p\u0159\u00edm\u011b\u0159\u00ed p\u0159ijala, ale zd\u016fraznila, \u017ee<em> \u201eto neznamen\u00e1 ukon\u010den\u00ed v\u00e1lky&#8220;<\/em>. Prohl\u00e1\u0161en\u00ed dodalo: <em>\u201eNa\u0161e ruce z\u016fst\u00e1vaj\u00ed na spou\u0161ti a jak\u00e1koli sebemen\u0161\u00ed chyba nep\u0159\u00edtele bude okam\u017eit\u011b op\u011btov\u00e1na plnou silou.&#8220;<\/em><\/p>\n\n\n\n<p><strong>Co bude d\u00e1l?<\/strong><\/p>\n\n\n\n<p>\u00cdr\u00e1nsk\u00fd ministr zahrani\u010d\u00ed Arak\u010d\u00ed potvrdil, \u017ee \u00cdr\u00e1n bude k isl\u00e1m\u00e1b\u00e1dsk\u00fdm jedn\u00e1n\u00edm p\u0159istupovat na z\u00e1klad\u011b sv\u00e9ho desetibodov\u00e9ho pl\u00e1nu i americk\u00e9ho patn\u00e1ctibodov\u00e9ho n\u00e1vrhu. Analytik <strong>Alex Vatanka<\/strong> z Middle East Institute \u0159ekl listu The National, \u017ee p\u0159es z\u00e1sadn\u00ed rozd\u00edly mezi stranami existuje potenci\u00e1l pro dohodu: <em>\u201eMluv\u00ed zp\u016fsobem, kter\u00fd alespo\u0148 umo\u017e\u0148uje dohodnout se na z\u00e1kladn\u00edm r\u00e1mci.&#8220;<\/em> Zdroj bl\u00edzk\u00fd jedn\u00e1n\u00edm vyj\u00e1d\u0159il agentu\u0159e Reuters pochybnosti, zda dvout\u00fddenn\u00ed klid zbran\u00ed vydr\u017e\u00ed, a ozna\u010dil ho za <em>\u201ecvi\u010den\u00ed v budov\u00e1n\u00ed d\u016fv\u011bry&#8220;<\/em>. Isl\u00e1m\u00e1b\u00e1dsk\u00e1 jedn\u00e1n\u00ed za\u010d\u00ednaj\u00ed v p\u00e1tek 10. dubna.<\/p>\n\n\n\n<p><strong>gnews.cz &#8211; GH<\/strong><\/p>\n","protected":false},"excerpt":{"rendered":"<p>Americk\u00fd prezident Donald Trump v noci na st\u0159edu ozn\u00e1mil dvout\u00fddenn\u00ed p\u0159\u00edm\u011b\u0159\u00ed s \u00cdr\u00e1nem \u2013 m\u00e9n\u011b ne\u017e dv\u011b hodiny p\u0159ed vypr\u0161en\u00edm j\u00edm stanoven\u00e9ho&hellip;<\/p>\n","protected":false},"author":6,"featured_media":26450,"comment_status":"open","ping_status":"closed","sticky":false,"template":"","format":"standard","meta":{"_acf_changed":false,"_lmt_disableupdate":"","_lmt_disable":"","footnotes":""},"categories":[3,7,1,2973],"tags":[12455,1264,22,1523,496,3710,760,49,4203,3257,1728,350,12460,17,38,41],"class_list":["post-43639","post","type-post","status-publish","format-standard","has-post-thumbnail","hentry","category-neprehlednete","category-politika","category-tema","category-zahranicni","tag-asim-munir","tag-blizkay-vychod","tag-cina","tag-diplomacie","tag-donald-trump","tag-hormuzsky-pruliv","tag-iran-3","tag-izrael","tag-jaderny-program","tag-pakistan-2","tag-primeri","tag-sankce","tag-shehbaz-sharif","tag-top","tag-usa","tag-world"],"acf":[],"aioseo_notices":[],"_links":{"self":[{"href":"https:\/\/gnews.cz\/cs_cz\/wp-json\/wp\/v2\/posts\/43639","targetHints":{"allow":["GET"]}}],"collection":[{"href":"https:\/\/gnews.cz\/cs_cz\/wp-json\/wp\/v2\/posts"}],"about":[{"href":"https:\/\/gnews.cz\/cs_cz\/wp-json\/wp\/v2\/types\/post"}],"author":[{"embeddable":true,"href":"https:\/\/gnews.cz\/cs_cz\/wp-json\/wp\/v2\/users\/6"}],"replies":[{"embeddable":true,"href":"https:\/\/gnews.cz\/cs_cz\/wp-json\/wp\/v2\/comments?post=43639"}],"version-history":[{"count":2,"href":"https:\/\/gnews.cz\/cs_cz\/wp-json\/wp\/v2\/posts\/43639\/revisions"}],"predecessor-version":[{"id":43647,"href":"https:\/\/gnews.cz\/cs_cz\/wp-json\/wp\/v2\/posts\/43639\/revisions\/43647"}],"wp:featuredmedia":[{"embeddable":true,"href":"https:\/\/gnews.cz\/cs_cz\/wp-json\/wp\/v2\/media\/26450"}],"wp:attachment":[{"href":"https:\/\/gnews.cz\/cs_cz\/wp-json\/wp\/v2\/media?parent=43639"}],"wp:term":[{"taxonomy":"category","embeddable":true,"href":"https:\/\/gnews.cz\/cs_cz\/wp-json\/wp\/v2\/categories?post=43639"},{"taxonomy":"post_tag","embeddable":true,"href":"https:\/\/gnews.cz\/cs_cz\/wp-json\/wp\/v2\/tags?post=43639"}],"curies":[{"name":"wp","href":"https:\/\/api.w.org\/{rel}","templated":true}]}}