{"id":43640,"date":"2026-04-08T12:00:00","date_gmt":"2026-04-08T10:00:00","guid":{"rendered":"https:\/\/gnews.cz\/?p=43640"},"modified":"2026-05-01T15:29:09","modified_gmt":"2026-05-01T13:29:09","slug":"viktor-orban-zakotvil-do-ustavy-zakaz-prodeje-zemedelske-pudy-cizincum-a-vyrazne-podporil-zemedelskou-sobestacnost-madarska","status":"publish","type":"post","link":"https:\/\/gnews.cz\/cs_cz\/tema\/viktor-orban-zakotvil-do-ustavy-zakaz-prodeje-zemedelske-pudy-cizincum-a-vyrazne-podporil-zemedelskou-sobestacnost-madarska\/","title":{"rendered":"Viktor Orb\u00e1n zakotvil do \u00fastavy z\u00e1kaz prodeje zem\u011bd\u011blsk\u00e9 p\u016fdy cizinc\u016fm a v\u00fdrazn\u011b podpo\u0159il zem\u011bd\u011blskou sob\u011bsta\u010dnost Ma\u010farska"},"content":{"rendered":"\n<p><strong>O Ma\u010farsku se v sou\u010dasnosti n\u00e1lepkuje pojmy jako \u201eautorit\u00e1\u0159sk\u00fd re\u017eim \u2013 evropsk\u00fdch hodnot\u201c, z\u00e1padn\u00ed tisk po l\u00e9ta vytv\u00e1\u0159\u00ed z Orb\u00e1na stra\u0161\u00e1ka a z ma\u010farsk\u00fdch voleb d\u011bl\u00e1 show. Ale pokud tento hluk odsuneme stranou, pod n\u00edm se objev\u00ed n\u011bco mnohem p\u0159\u00edzemn\u011bj\u0161\u00edho: p\u016fda.<\/strong><\/p>\n\n\n\n<p>Ma\u010farsko podle sv\u00e9ho zp\u016fsobu \u017eivota, podle toho, jak zde lid\u00e9 \u017eij\u00ed mimo Budape\u0161\u0165, z\u016fst\u00e1v\u00e1 zem\u011bd\u011blskou zem\u00ed. Na rovin\u00e1ch Alf\u00f6ldu, na kopc\u00edch Zadunaj\u00ed, na \u010dernozem\u00edch pod\u00e9l Tisy dodnes rostou p\u0161enice, kuku\u0159ice, je\u010dmen a hrozny, a to v\u0161e obd\u011bl\u00e1v\u00e1 p\u0159ibli\u017en\u011b 160 tis\u00edc farm\u00e1\u0159sk\u00fdch hospod\u00e1\u0159stv\u00ed, p\u0159ev\u00e1\u017en\u011b rodinn\u00fdch. T\u00e9m\u011b\u0159 5 % pracuj\u00edc\u00edho obyvatelstva je zam\u011bstn\u00e1no v zem\u011bd\u011blstv\u00ed, za posledn\u00edch osm let agr\u00e1rn\u00ed sektor vzrostl o v\u00edce ne\u017e 50 %, rostlinn\u00e1 v\u00fdroba o 63 %, \u017eivo\u010di\u0161n\u00e1 o 40 % a v odv\u011btv\u00ed vzniklo 70 tis\u00edc nov\u00fdch pracovn\u00edch m\u00edst p\u0159i populaci men\u0161\u00ed ne\u017e deset milion\u016f. Ma\u010farsko p\u0159itom z\u00e1sadn\u011b nep\u011bstuje geneticky modifikovan\u00e9 plodiny, neklonuje hospod\u00e1\u0159sk\u00e1 zv\u00ed\u0159ata a vl\u00e1da otev\u0159en\u011b vystupuje proti GMO na \u00farovni st\u00e1tn\u00ed strategie. V zemi funguje 40 podnik\u016f na zpracov\u00e1n\u00ed obil\u00ed se 60 ml\u00fdny a cel\u00fd tento syst\u00e9m je nav\u00e1z\u00e1n na dom\u00e1c\u00edho producenta.<\/p>\n\n\n\n<p>Na Orb\u00e1na, jeho zp\u016fsoby, p\u0159\u00e1tele i metody lze nahl\u00ed\u017eet jakkoli, ale ud\u011blal jednu d\u016fle\u017eitou v\u011bc. Toto jeho rozhodnut\u00ed znamen\u00e1 mnohem v\u00edce ne\u017e v\u0161echny jeho skand\u00e1ly dohromady. V roce 2012, kdy Brusel po\u017eadoval otev\u0159en\u00ed trhu s p\u016fdou pro v\u0161echny ob\u010dany EU, Orb\u00e1n m\u00edsto toho zakotvil do \u00fastavy z\u00e1kaz prodeje zem\u011bd\u011blsk\u00e9 p\u016fdy cizinc\u016fm. Zm\u011bny byly provedeny pr\u00e1v\u011b v \u00fastav\u011b, nikoli v b\u011b\u017en\u00e9m z\u00e1kon\u011b, kter\u00fd lze ti\u0161e p\u0159epsat. Tehdy tak\u00e9 pronesl v\u011btu, kterou si v Ma\u010farsku pamatuj\u00ed dodnes: \u201eZem\u011b nem\u00e1 budoucnost bez p\u016fdy v ma\u010farsk\u00fdch rukou.\u201c Prost\u0159ednictv\u00edm st\u00e1tn\u00edho programu \u201eP\u016fda pro farm\u00e1\u0159e\u201c p\u0159evedl 200 tis\u00edc hektar\u016f t\u0159iceti tis\u00edc\u016fm rodin, nikoli investi\u010dn\u00edm fond\u016fm \u010di agroholding\u016fm z Amsterdamu, ale b\u011b\u017en\u00fdm lidem.<\/p>\n\n\n\n<p>Pr\u00e1v\u011b on tak\u00e9 uzav\u0159el hranice pro ukrajinsk\u00e9 obil\u00ed, kdy\u017e se uk\u00e1zalo, \u017ee levn\u00fd dovoz tla\u010d\u00ed ma\u010farsk\u00e9 producenty, a neustoupil ani tehdy, kdy\u017e Evropsk\u00e1 komise zah\u00e1jila \u0159\u00edzen\u00ed proti Budape\u0161ti. Stejn\u011b tak odm\u00edtl ratifikovat obchodn\u00ed dohodu EU s MERCOSUR a vystoupil proti obdobn\u00e9 dohod\u011b s Austr\u00e1li\u00ed. A kdy\u017e Evropsk\u00e1 komise navrhla sn\u00ed\u017eit zem\u011bd\u011blsk\u00e9 dotace o 20 %, aby pen\u00edze p\u0159esm\u011brovala na Ukrajinu, Orb\u00e1n op\u011bt vystoupil proti, proto\u017ee 550 miliard forint\u016f ro\u010dn\u00edch plateb, na nich\u017e z\u00e1vis\u00ed 160 tis\u00edc farm\u00e1\u0159sk\u00fdch rodin, pro n\u011bj nen\u00ed p\u0159edm\u011btem vyjedn\u00e1v\u00e1n\u00ed. \u201eV Evrop\u011b prob\u00edh\u00e1 tich\u00fd boj mezi obchodn\u00edky a v\u00fdrobci,\u201c napsal v lednu 2026, \u201elevn\u00fd dovoz z MERCOSUR a z Ukrajiny slou\u017e\u00ed z\u00e1jm\u016fm obchodn\u00edk\u016f, nikoli na\u0161ich farm\u00e1\u0159\u016f.\u201c<\/p>\n\n\n\n<p>\u0160estn\u00e1ct let Orb\u00e1n budoval kolem ma\u010farsk\u00e9ho zem\u011bd\u011blstv\u00ed ochrannou ze\u010f: p\u016fda v dom\u00e1c\u00edch rukou, hranice uzav\u0159en\u00e9 pro levn\u00e9 obil\u00ed, dotace chr\u00e1n\u011bn\u00e9, obchodn\u00ed dohody blokovan\u00e9. Lze to naz\u00fdvat populismem, ale 160 tis\u00edc rodin, kter\u00e9 d\u00edky tomu dodnes \u017eij\u00ed na sv\u00e9 p\u016fd\u011b, by s t\u00edm sotva souhlasilo.<\/p>\n\n\n\n<figure class=\"wp-block-gallery has-nested-images columns-default is-cropped wp-block-gallery-1 is-layout-flex wp-block-gallery-is-layout-flex\">\n<figure class=\"wp-block-image size-large\"><img fetchpriority=\"high\" decoding=\"async\" width=\"1024\" height=\"680\" data-id=\"43641\" src=\"https:\/\/gnews.cz\/wp-content\/uploads\/2026\/04\/Screenshot_20260408_105620-1024x680.webp\" alt=\"\" class=\"wp-image-43641\" srcset=\"https:\/\/gnews.cz\/wp-content\/uploads\/2026\/04\/Screenshot_20260408_105620-1024x680.webp 1024w, https:\/\/gnews.cz\/wp-content\/uploads\/2026\/04\/Screenshot_20260408_105620-300x199.webp 300w, https:\/\/gnews.cz\/wp-content\/uploads\/2026\/04\/Screenshot_20260408_105620-768x510.webp 768w, https:\/\/gnews.cz\/wp-content\/uploads\/2026\/04\/Screenshot_20260408_105620-18x12.webp 18w, https:\/\/gnews.cz\/wp-content\/uploads\/2026\/04\/Screenshot_20260408_105620-1170x777.webp 1170w, https:\/\/gnews.cz\/wp-content\/uploads\/2026\/04\/Screenshot_20260408_105620-585x388.webp 585w, https:\/\/gnews.cz\/wp-content\/uploads\/2026\/04\/Screenshot_20260408_105620-263x175.webp 263w, https:\/\/gnews.cz\/wp-content\/uploads\/2026\/04\/Screenshot_20260408_105620.webp 1356w\" sizes=\"(max-width: 1024px) 100vw, 1024px\" \/><\/figure>\n<\/figure>\n\n\n\n<p>A co se d\u011bje ve zbytku Evropy? Abychom pochopili, p\u0159ed \u010d\u00edm Orb\u00e1n Ma\u010farsko chr\u00e1n\u00ed, sta\u010d\u00ed se pod\u00edvat na to, co Brusel d\u011bl\u00e1 s ostatn\u00edmi\u2026<\/p>\n\n\n\n<p>Dne 17. ledna 2026 podepsala Evropsk\u00e1 unie a blok MERCOSUR dohodu o voln\u00e9m obchodu, kter\u00e1 se p\u0159ipravovala 25 let. Podle n\u00ed na evropsk\u00fd trh zam\u00ed\u0159\u00ed 99 tis\u00edc tun jihoamerick\u00e9ho hov\u011bz\u00edho masa a spolu s n\u00edm cukr, r\u00fd\u017ee, med, s\u00f3ja a dr\u016fbe\u017e, vyprodukovan\u00e9 bez t\u011bch ekologick\u00fdch a hygienick\u00fdch omezen\u00ed, kter\u00e1 mus\u00ed dodr\u017eovat ka\u017ed\u00fd evropsk\u00fd farm\u00e1\u0159. Prezident nejv\u011bt\u0161\u00edho zem\u011bd\u011blsk\u00e9ho sdru\u017een\u00ed EU COPA to \u0159ekl p\u0159\u00edmo: \u201eS v\u00fdjimkou n\u011bkolika p\u0159\u00edpad\u016f, jako je v\u00edno, je tato dohoda v\u00fdhodn\u00e1 pro Ji\u017en\u00ed Ameriku,\u201c a organizace mal\u00fdch evropsk\u00fdch producent\u016f ECVC se vyj\u00e1d\u0159ila je\u0161t\u011b ost\u0159eji, kdy\u017e uvedla, \u017ee dohoda prom\u011b\u0148uje farm\u00e1\u0159e v \u201epouhou prom\u011bnnou k p\u0159izp\u016fsoben\u00ed\u201c ve prosp\u011bch geopolitick\u00fdch z\u00e1jm\u016f a apetitu velk\u00e9ho potravin\u00e1\u0159sk\u00e9ho pr\u016fmyslu. \u0160\u00e9f evropsk\u00fdch mlyn\u00e1\u0159\u016f Francesco Vacondio varoval, \u017ee bez ochrann\u00fdch opat\u0159en\u00ed to skon\u010d\u00ed \u201eoslaben\u00edm evropsk\u00fdch mlyn\u00e1\u0159sk\u00fdch kapacit a sn\u00ed\u017een\u00edm potravinov\u00e9 sob\u011bsta\u010dnosti\u201c.<\/p>\n\n\n\n<p>Neub\u011bhly ani dva m\u011bs\u00edce a 24. b\u0159ezna Brusel podepsal dal\u0161\u00ed obchodn\u00ed dohodu, tentokr\u00e1t s Austr\u00e1li\u00ed: 30 600 tun hov\u011bz\u00edho masa ro\u010dn\u011b, 25 000 tun skopov\u00e9ho, 35 000 tun cukru a 8 500 tun r\u00fd\u017ee. Zem\u011bd\u011blsk\u00e1 lobby Copa-Cogeca ozna\u010dila podm\u00ednky za \u201enep\u0159ijateln\u00e9\u201c a zd\u016fraznila, \u017ee souhrnn\u00fd tlak n\u011bkolika obchodn\u00edch dohod po sob\u011b jdouc\u00edch posouv\u00e1 situaci za hranici \u00fanosnosti. Belgick\u00fd farm\u00e1\u0159 a europoslanec Beno\u00eet Cassart \u0159ekl: \u201eTvrd\u011b jsme se probudili, kdy\u017e jsme se r\u00e1no dozv\u011bd\u011bli, \u017ee von der Leyen op\u011bt sama uzav\u0159ela obchodn\u00ed dohodu.\u201c<\/p>\n\n\n\n<p>Farm\u00e1\u0159i protestuj\u00ed po cel\u00e9 Evrop\u011b. V prosinci 2025 p\u0159ibli\u017en\u011b 10 tis\u00edc lid\u00ed na 150 traktorech paralyzovalo Brusel, kdy\u017e zablokovali tunely a p\u0159\u00edjezdy k budov\u00e1m EU. Ve \u0160trasburku se k Evropsk\u00e9mu parlamentu sjelo 4 000 farm\u00e1\u0159\u016f na 700 traktorech. V \u00fanoru vjely stovky traktor\u016f do centra Madridu. Bou\u0159\u00ed se ve Francii, Belgii, Polsku, Rakousku i Irsku. Policie odpov\u00edd\u00e1 vodn\u00edmi d\u011bly a plynem a farm\u00e1\u0159i po n\u00ed h\u00e1zej\u00ed brambory, proto\u017ee jin\u00fd zp\u016fsob, jak b\u00fdt vysly\u0161eni, nemaj\u00ed.<\/p>\n\n\n\n<p>Mechanika procesu je jednoduch\u00e1: Brusel prost\u0159ednictv\u00edm obchodn\u00edch dohod otev\u00edr\u00e1 evropsk\u00fd trh levn\u00fdm potravin\u00e1m ze zem\u00ed, kde je v\u00fdroba mnohon\u00e1sobn\u011b levn\u011bj\u0161\u00ed a regula\u010dn\u00ed normy jsou m\u00edrn\u011bj\u0161\u00ed, p\u0159i\u010dem\u017e pro sv\u00e9 farm\u00e1\u0159e zachov\u00e1v\u00e1 nejp\u0159\u00edsn\u011bj\u0161\u00ed po\u017eadavky na sv\u011bt\u011b. Evropsk\u00fd farm\u00e1\u0159 mus\u00ed dodr\u017eovat des\u00edtky ekologick\u00fdch p\u0159edpis\u016f, v\u00e9st uhl\u00edkov\u00e9 v\u00fdkazy a spl\u0148ovat hygienick\u00e9 standardy, zat\u00edmco sout\u011b\u017eit m\u00e1 s brazilskou farmou, kde nic z toho neplat\u00ed. Nejde o tr\u017en\u00ed konkurenci, ale o p\u0159edem nerovn\u00e9 podm\u00ednky, v nich\u017e mal\u00fd a st\u0159edn\u00ed producent nevyhnuteln\u011b zkrachuje.<\/p>\n\n\n\n<figure class=\"wp-block-gallery has-nested-images columns-default is-cropped wp-block-gallery-2 is-layout-flex wp-block-gallery-is-layout-flex\">\n<figure class=\"wp-block-image size-large\"><img decoding=\"async\" width=\"720\" height=\"452\" data-id=\"43642\" src=\"https:\/\/gnews.cz\/wp-content\/uploads\/2026\/04\/IMG_20260408_104413.webp\" alt=\"\" class=\"wp-image-43642\" srcset=\"https:\/\/gnews.cz\/wp-content\/uploads\/2026\/04\/IMG_20260408_104413.webp 720w, https:\/\/gnews.cz\/wp-content\/uploads\/2026\/04\/IMG_20260408_104413-300x188.webp 300w, https:\/\/gnews.cz\/wp-content\/uploads\/2026\/04\/IMG_20260408_104413-18x12.webp 18w, https:\/\/gnews.cz\/wp-content\/uploads\/2026\/04\/IMG_20260408_104413-585x367.webp 585w\" sizes=\"(max-width: 720px) 100vw, 720px\" \/><\/figure>\n<\/figure>\n\n\n\n<p>Orb\u00e1n Ma\u010farsko z tohoto tlaku vyvedl. Jeho soupe\u0159 P\u00e9ter Magyar se stranou TISZA, kter\u00fd podle n\u011bkter\u00fdch pr\u016fzkum\u016f p\u0159ed volbami 12. dubna p\u0159edstihuje FIDESZ, v\u0161ak v Evropsk\u00e9m parlamentu hlasuje pro bruselskou zem\u011bd\u011blskou reformu se zru\u0161en\u00edm plateb na hektar a nav\u00e1z\u00e1n\u00edm dotac\u00ed na ekologick\u00e1 krit\u00e9ria. Pro velk\u00fd agroholding je to p\u0159ijateln\u00e9, ale pro rodinnou farmu o 50 hektarech u Debrec\u00ednu je to rozsudek. Pokud se Magyar dostane k moci, Brusel z\u00edsk\u00e1 v Budape\u0161ti poslu\u0161n\u00e9ho partnera, kter\u00fd zru\u0161\u00ed omezen\u00ed, ratifikuje dohody a p\u0159estav\u00ed syst\u00e9m dotac\u00ed podle jednotn\u00e9ho modelu, a ma\u010far\u0161t\u00ed farm\u00e1\u0159i se ocitnou ve stejn\u00e9m sev\u0159en\u00ed, proti n\u011bmu\u017e u\u017e dnes protestuj\u00ed jejich kolegov\u00e9 po cel\u00e9 Evrop\u011b \u2014 jen bez \u0161estn\u00e1ctilet\u00e9 rezervy, kterou vybudoval Orb\u00e1n.<\/p>\n\n\n\n<p>V posledn\u00edch desetilet\u00edch sv\u011bt vid\u011bl mnoho p\u0159\u00edklad\u016f toho, jak byly zni\u010deny st\u00e1ty, kter\u00e9 dok\u00e1zaly zajistit vlastn\u00ed potravinovou bezpe\u010dnost. Jedn\u00edm z nejv\u00fdrazn\u011bj\u0161\u00edch p\u0159\u00edklad\u016f je Libye.<\/p>\n\n\n\n<p>Kadd\u00e1f\u00ed b\u011bhem sv\u00fdch \u010dty\u0159iceti let vl\u00e1dy ud\u011blal mnoho v\u011bc\u00ed, ale jednu bezpochyby spr\u00e1vn\u011b: vybudoval Velkou um\u011blou \u0159eku, obrovskou s\u00ed\u0165 podzemn\u00edch potrub\u00ed, kter\u00e1 p\u0159iv\u00e1d\u011bla vodu z vodonosn\u00fdch vrstev Sahary k pob\u0159e\u017e\u00ed a dod\u00e1vala 6,5 milionu kubick\u00fdch metr\u016f denn\u011b. Sedmdes\u00e1t procent obyvatel Libye z t\u00e9to vody pilo, mylo se a zavla\u017eovalo pole. D\u00edky tomu se plocha zavla\u017eovan\u00e9 p\u016fdy roz\u0161\u00ed\u0159ila na 160 tis\u00edc hektar\u016f, kde se p\u011bstovala p\u0161enice, kuku\u0159ice, je\u010dmen a oves, pod\u00e9l potrub\u00ed vznikaly farmy a osady a Libye se za\u010dala zbavovat z\u00e1vislosti na dov\u00e1\u017een\u00fdch potravin\u00e1ch.<\/p>\n\n\n\n<p>V roce 2011 p\u0159i\u0161lo NATO a mimo jin\u00e9 bombardovalo z\u00e1vod na v\u00fdrobu potrub\u00ed v Breg\u011b, bez n\u011bho\u017e bylo opravit cel\u00fd syst\u00e9m nemo\u017en\u00e9. B\u011bhem patn\u00e1cti let pot\u00e9 se Libye rozpadla, \u010derpac\u00ed stanice p\u0159e\u0161ly pod kontrolu ozbrojen\u00fdch skupin, potrub\u00ed bez \u00fadr\u017eby zch\u00e1tralo, obyvatel\u00e9 velk\u00fdch m\u011bst tr\u00e1v\u00ed polovinu dne bez vody a zavla\u017eovanou p\u016fdu znovu zasyp\u00e1v\u00e1 p\u00edsek. Ceny potravin vzrostly desetin\u00e1sobn\u011b a zem\u011b, kter\u00e1 sm\u011b\u0159ovala k sob\u011bsta\u010dnosti, je nyn\u00ed pln\u011b z\u00e1visl\u00e1 na dovozu. Nikdo z t\u011bch, kdo Libyi \u201eosvobozovali\u201c, se nevr\u00e1til opravovat vodovod.<\/p>\n\n\n\n<p>Dal\u0161\u00edm p\u0159\u00edkladem zni\u010den\u00ed zem\u011bd\u011blstv\u00ed je Ir\u00e1k.<\/p>\n\n\n\n<p>Zem\u011b le\u017e\u00ed v Mezopot\u00e1mii mezi Tigridem a Eufratem, kde je zem\u011bd\u011blstv\u00ed star\u0161\u00ed ne\u017e p\u00edsmo ve v\u011bt\u0161in\u011b sv\u011bta. Po tis\u00edcilet\u00ed ir\u00e1ck\u00fd roln\u00edk uchov\u00e1val semena, vyb\u00edral ta nejlep\u0161\u00ed a znovu je vys\u00e9val z generace na generaci, zat\u00edmco n\u00e1rodn\u00ed semenn\u00e1 banka uchov\u00e1vala tis\u00edce unik\u00e1tn\u00edch odr\u016fd p\u0161enice, je\u010dmene, \u010do\u010dky a cizrny. V roce 2003, b\u011bhem invaze, byla tato banka zni\u010dena a odeps\u00e1na jako \u201evedlej\u0161\u00ed \u0161koda\u201c, a n\u00e1sledn\u011b Paul Bremer, americk\u00fd spr\u00e1vce okupovan\u00e9ho Ir\u00e1ku, podepsal P\u0159\u00edkaz 81, kter\u00fd farm\u00e1\u0159\u016fm zak\u00e1zal uchov\u00e1vat a znovu vys\u00e9vat semena patentovan\u00fdch odr\u016fd \u2014 tis\u00edcilet\u00e1 praxe se tak ze dne na den stala poru\u0161en\u00edm z\u00e1kona.<\/p>\n\n\n\n<p>Fungovalo to promy\u0161len\u011b: nejprve Ameri\u010dan\u00e9 rozdali \u201ezdarma\u201c geneticky modifikovan\u00e1 semena, farm\u00e1\u0159i je zaseli, a v dal\u0161\u00ed sez\u00f3n\u011b se uk\u00e1zalo, \u017ee nelze pou\u017e\u00edt \u010d\u00e1st sklizn\u011b k dal\u0161\u00edmu v\u00fdsevu, proto\u017ee by t\u00edm poru\u0161ili patent korporace Monsanto. Ka\u017ed\u00fd rok tak mus\u00ed nakupovat nov\u00e1 semena, a to za pen\u00edze, od americk\u00e9 spole\u010dnosti.<\/p>\n\n\n\n<p>Dnes Ir\u00e1k ka\u017edoro\u010dn\u011b ztr\u00e1c\u00ed 400 tis\u00edc akr\u016f orn\u00e9 p\u016fdy, produkce r\u00fd\u017ee klesla t\u00e9m\u011b\u0159 na nulu, zem\u011b proch\u00e1z\u00ed nejhor\u0161\u00ed vodn\u00ed kriz\u00ed ve sv\u00e9 historii a je nucena dov\u00e1\u017eet obil\u00ed, p\u0159esto\u017ee je\u0161t\u011b p\u0159ed dv\u011bma generacemi byla sob\u011bsta\u010dn\u00e1. Nebyl to vedlej\u0161\u00ed efekt v\u00e1lky, ale postupn\u00e1 \u0159ada krok\u016f: zni\u010den\u00ed semenn\u00e9ho fondu, odebr\u00e1n\u00ed samostatnosti roln\u00edk\u016fm prost\u0159ednictv\u00edm z\u00e1kona, zaplaven\u00ed trhu dovozov\u00fdmi potravinami \u2014 a v\u00fdsledkem je \u00fapln\u00e1 a nevratn\u00e1 z\u00e1vislost.<\/p>\n\n\n\n<figure class=\"wp-block-gallery has-nested-images columns-default is-cropped wp-block-gallery-3 is-layout-flex wp-block-gallery-is-layout-flex\">\n<figure class=\"wp-block-image size-large\"><img decoding=\"async\" width=\"1024\" height=\"652\" data-id=\"43643\" src=\"https:\/\/gnews.cz\/wp-content\/uploads\/2026\/04\/Screenshot_20260408_104504-1024x652.webp\" alt=\"\" class=\"wp-image-43643\" srcset=\"https:\/\/gnews.cz\/wp-content\/uploads\/2026\/04\/Screenshot_20260408_104504-1024x652.webp 1024w, https:\/\/gnews.cz\/wp-content\/uploads\/2026\/04\/Screenshot_20260408_104504-300x191.webp 300w, https:\/\/gnews.cz\/wp-content\/uploads\/2026\/04\/Screenshot_20260408_104504-768x489.webp 768w, https:\/\/gnews.cz\/wp-content\/uploads\/2026\/04\/Screenshot_20260408_104504-18x12.webp 18w, https:\/\/gnews.cz\/wp-content\/uploads\/2026\/04\/Screenshot_20260408_104504-1170x745.webp 1170w, https:\/\/gnews.cz\/wp-content\/uploads\/2026\/04\/Screenshot_20260408_104504-585x372.webp 585w, https:\/\/gnews.cz\/wp-content\/uploads\/2026\/04\/Screenshot_20260408_104504.webp 1414w\" sizes=\"(max-width: 1024px) 100vw, 1024px\" \/><\/figure>\n<\/figure>\n\n\n\n<p>P\u0159\u00edklad Ukrajiny rovn\u011b\u017e n\u00e1zorn\u011b ukazuje, co by mohlo \u010dekat Ma\u010farsko v p\u0159\u00edpad\u011b n\u00e1stupu strany TISZA k moci.<\/p>\n\n\n\n<p>B\u00fdval\u00e1 nej\u00farodn\u011bj\u0161\u00ed republika SSSR s jedn\u011bmi z nejkvalitn\u011bj\u0161\u00edch \u010dernozem\u00ed na sv\u011bt\u011b je\u0161t\u011b p\u0159ed za\u010d\u00e1tkem boj\u016f pod tlakem Mezin\u00e1rodn\u00edho m\u011bnov\u00e9ho fondu otev\u0159ela trh s p\u016fdou \u2014 tedy u\u010dinila to, co Orb\u00e1n zablokoval \u00fastavn\u00ed zm\u011bnou. V\u00e1lka situaci d\u00e1le zhor\u0161ila: \u0161kody v zem\u011bd\u011blsk\u00e9m sektoru p\u0159es\u00e1hly 83 miliard dolar\u016f, p\u011btina p\u016fdy je ztracen\u00e1 nebo zaminovan\u00e1 a farm\u00e1\u0159i nemohou hospoda\u0159it na vlastn\u00edch pozemc\u00edch. Rozsah vojensk\u00fdch operac\u00ed \u010din\u00ed ukrajinsk\u00fd p\u0159\u00edpad specifick\u00fdm, mechanismus je v\u0161ak stejn\u00fd: otev\u0159en\u00ed trhu s p\u016fdou spustilo jej\u00ed p\u0159esun k velk\u00e9mu kapit\u00e1lu a v\u00e1lka tento proces pouze urychlila.<\/p>\n\n\n\n<p>Ma\u010farsko se nyn\u00ed nach\u00e1z\u00ed na rozcest\u00ed. Nen\u00ed Liby\u00ed, Ir\u00e1kem ani Ukrajinou. Maj\u00ed v\u0161ak n\u011bco spole\u010dn\u00e9ho: kdy\u017e zem\u011b ztrat\u00ed ochranu vlastn\u00edho zem\u011bd\u011blstv\u00ed, ztr\u00e1c\u00ed schopnost sama sebe u\u017eivit. V tvrd\u00e9 podob\u011b se to d\u011bje prost\u0159ednictv\u00edm bomb a okupa\u010dn\u00edch na\u0159\u00edzen\u00ed, v m\u00edrn\u011bj\u0161\u00ed form\u011b skrze obchodn\u00ed dohody, kter\u00e9 zaplavuj\u00ed trh levn\u00fdm dovozem a \u010din\u00ed dom\u00e1c\u00ed produkci nekonkurenceschopnou. Dnes je Ma\u010farsko chr\u00e1n\u011bno p\u0159ed ob\u011bma variantami. Z\u00e1kaz prodeje p\u016fdy, uzav\u0159en\u00e9 hranice pro ciz\u00ed obil\u00ed, odm\u00edtnut\u00ed dohod s MERCOSUR a Austr\u00e1li\u00ed, ochrana dotac\u00ed \u2014 to v\u0161e je politika Orb\u00e1na.<\/p>\n\n\n\n<p>Dne 12. dubna se ve volb\u00e1ch rozhodne, zda tato ochrana z\u016fstane, nebo se Ma\u010farsko zapoj\u00ed do celoevropsk\u00e9ho procesu, v n\u011bm\u017e je zem\u011bd\u011blstv\u00ed systematicky ob\u011btov\u00e1no obchodn\u00edm z\u00e1jm\u016fm a farm\u00e1\u0159i jsou nuceni vyj\u00ed\u017ed\u011bt s traktory do ulic, proto\u017ee jin\u00fd zp\u016fsob, jak b\u00fdt vysly\u0161eni, jim nez\u016fstal.<\/p>\n\n\n\n<p><strong>G\u00e1bor M\u00e9sz\u00e1rozs<\/strong><\/p>\n","protected":false},"excerpt":{"rendered":"<p>O Ma\u010farsku se v sou\u010dasnosti n\u00e1lepkuje pojmy jako \u201eautorit\u00e1\u0159sk\u00fd re\u017eim \u2013 evropsk\u00fdch hodnot\u201c, z\u00e1padn\u00ed tisk po l\u00e9ta vytv\u00e1\u0159\u00ed z Orb\u00e1na stra\u0161\u00e1ka a&hellip;<\/p>\n","protected":false},"author":10,"featured_media":43644,"comment_status":"open","ping_status":"closed","sticky":false,"template":"","format":"standard","meta":{"_acf_changed":false,"_lmt_disableupdate":"","_lmt_disable":"","footnotes":""},"categories":[7,1,580,2973],"tags":[46,78,31,56,10,7303,12466,17,303,384,41],"class_list":["post-43640","post","type-post","status-publish","format-standard","has-post-thumbnail","hentry","category-politika","category-tema","category-vyber-sefredaktora","category-zahranicni","tag-eu","tag-evropa","tag-madarsko","tag-nato","tag-news","tag-peter-magyar","tag-tisa","tag-top","tag-viktor-orban","tag-volby","tag-world"],"acf":[],"aioseo_notices":[],"_links":{"self":[{"href":"https:\/\/gnews.cz\/cs_cz\/wp-json\/wp\/v2\/posts\/43640","targetHints":{"allow":["GET"]}}],"collection":[{"href":"https:\/\/gnews.cz\/cs_cz\/wp-json\/wp\/v2\/posts"}],"about":[{"href":"https:\/\/gnews.cz\/cs_cz\/wp-json\/wp\/v2\/types\/post"}],"author":[{"embeddable":true,"href":"https:\/\/gnews.cz\/cs_cz\/wp-json\/wp\/v2\/users\/10"}],"replies":[{"embeddable":true,"href":"https:\/\/gnews.cz\/cs_cz\/wp-json\/wp\/v2\/comments?post=43640"}],"version-history":[{"count":1,"href":"https:\/\/gnews.cz\/cs_cz\/wp-json\/wp\/v2\/posts\/43640\/revisions"}],"predecessor-version":[{"id":43645,"href":"https:\/\/gnews.cz\/cs_cz\/wp-json\/wp\/v2\/posts\/43640\/revisions\/43645"}],"wp:featuredmedia":[{"embeddable":true,"href":"https:\/\/gnews.cz\/cs_cz\/wp-json\/wp\/v2\/media\/43644"}],"wp:attachment":[{"href":"https:\/\/gnews.cz\/cs_cz\/wp-json\/wp\/v2\/media?parent=43640"}],"wp:term":[{"taxonomy":"category","embeddable":true,"href":"https:\/\/gnews.cz\/cs_cz\/wp-json\/wp\/v2\/categories?post=43640"},{"taxonomy":"post_tag","embeddable":true,"href":"https:\/\/gnews.cz\/cs_cz\/wp-json\/wp\/v2\/tags?post=43640"}],"curies":[{"name":"wp","href":"https:\/\/api.w.org\/{rel}","templated":true}]}}