{"id":43660,"date":"2026-04-08T21:00:00","date_gmt":"2026-04-08T19:00:00","guid":{"rendered":"https:\/\/gnews.cz\/?p=43660"},"modified":"2026-04-08T18:49:19","modified_gmt":"2026-04-08T16:49:19","slug":"pavel-trva-na-ucasti-na-summitu-nato-dopis-babisovi-prekresluje-spor-o-zastoupeni-cr-v-ankare","status":"publish","type":"post","link":"https:\/\/gnews.cz\/cs_cz\/neprehlednete\/pavel-trva-na-ucasti-na-summitu-nato-dopis-babisovi-prekresluje-spor-o-zastoupeni-cr-v-ankare\/","title":{"rendered":"Pavel trv\u00e1 na \u00fa\u010dasti na summitu NATO: Dopis Babi\u0161ovi p\u0159ekresluje spor o zastoupen\u00ed \u010cR v Anka\u0159e"},"content":{"rendered":"\n<p><strong>Prezident Petr Pavel ve st\u0159edu zaslal premi\u00e9rovi Andreji Babi\u0161ovi dopis, v n\u011bm\u017e jasn\u011b deklaruje sv\u016fj z\u00e1m\u011br v\u00e9st \u010deskou delegaci na \u010dervencov\u00e9m summitu NATO v tureck\u00e9 Anka\u0159e. Dopis, zve\u0159ejn\u011bn\u00fd Pra\u017esk\u00fdm hradem, p\u0159ich\u00e1z\u00ed v dob\u011b, kdy se oba \u00fastavn\u00ed \u010dinitel\u00e9 nemohou osobn\u011b setkat \u2014 Babi\u0161 tr\u00e1vil velikono\u010dn\u00ed sv\u00e1tky v zahrani\u010d\u00ed, a to p\u0159esto, \u017ee ho v Praze \u010dek\u00e1 i n\u00e1v\u0161t\u011bva italsk\u00e9ho prezidenta Sergia Mattarellu.<\/strong><\/p>\n\n\n\n<p><em>\u201eVzhledem k nemo\u017enosti sej\u00edt se osobn\u011b a v n\u00e1vaznosti na n\u00e1\u0161 telefon\u00e1t si V\u00e1m dovoluji touto cestou ozn\u00e1mit, \u017ee se v souladu se sv\u00fdm \u00fastavn\u00edm postaven\u00edm hodl\u00e1m z\u00fa\u010dastnit v \u010dele delegace \u010cesk\u00e9 republiky setk\u00e1n\u00ed nejvy\u0161\u0161\u00edch p\u0159edstavitel\u016f st\u00e1t\u016f NATO, kter\u00e9 prob\u011bhne po\u010d\u00e1tkem \u010dervence t. r. v Anka\u0159e,&#8220;<\/em> napsal Pavel. Jako pr\u00e1vn\u00ed z\u00e1klad uv\u00e1d\u00ed \u010dl\u00e1nek 63 \u00dastavy \u010cesk\u00e9 republiky, kter\u00fd sv\u011b\u0159uje prezidentovi zastupov\u00e1n\u00ed st\u00e1tu navenek, a z\u00e1rove\u0148 apeluje na zachov\u00e1n\u00ed dlouhodob\u00fdch zvyklost\u00ed.<\/p>\n\n\n\n<p>Spor o to, kdo pojede do Ankary, trv\u00e1 od p\u0159elomu ledna a \u00fanora. Premi\u00e9r Babi\u0161 tehdy prohl\u00e1sil: <em>\u201eMysl\u00edm si, \u017ee bude nejlep\u0161\u00ed, kdy\u017e tam p\u016fjdu s Macinkou, proto\u017ee to budeme vysv\u011btlovat l\u00e9pe ne\u017e pan prezident, kter\u00fd n\u00e1s teda kv\u016fli tomu kritizuje.&#8220; <\/em>Nar\u00e1\u017eel t\u00edm na dlouhodob\u00fd spor o v\u00fd\u0161i \u010desk\u00fdch v\u00fddaj\u016f na obranu, kter\u00e9 vl\u00e1da oproti p\u0159edchoz\u00edm z\u00e1vazk\u016fm sn\u00ed\u017eila \u2014 krok, jen\u017e kritizoval nejen samotn\u00fd Pavel, ale i ameri\u010dt\u00ed diplomat\u00e9.<\/p>\n\n\n\n<p>V dopisu Pavel Babi\u0161ovi navrhuje, aby se summitu z\u00fa\u010dastnil spolu s n\u00edm. S ohledem na kl\u00ed\u010dov\u00e1 t\u00e9mata \u2014 obrann\u00e9 v\u00fddaje a pln\u011bn\u00ed z\u00e1vazk\u016f z lo\u0148sk\u00e9ho haagsk\u00e9ho summitu \u2014 prezident Babi\u0161e vyzval, aby mohl <em>\u201edetailn\u011b vysv\u011btlit pozici \u010desk\u00e9 vl\u00e1dy.&#8220;<\/em> Vl\u00e1dn\u00ed pl\u00e1ny p\u0159itom po\u010d\u00edtaj\u00ed s delegac\u00ed ve slo\u017een\u00ed Babi\u0161, Macinka a ministr obrany Jarom\u00edr Z\u016fna, bez prezidenta.<\/p>\n\n\n\n<p>Ministr zahrani\u010d\u00ed Petr Macinka na dopis reagoval tvrd\u011b. Prohl\u00e1sil, \u017ee \u010ceskou republiku by na form\u00e1ln\u00edch summitech v zahrani\u010d\u00ed m\u011bli zastupovat pouze ti ve\u0159ejn\u00ed \u010dinitel\u00e9, kte\u0159\u00ed maj\u00ed v zemi re\u00e1ln\u00fd politick\u00fd vliv, a prezidentovu <em>\u201eumanutost&#8220;<\/em> v t\u00e9to v\u011bci ozna\u010dil za p\u016fsob\u00edc\u00ed <em>\u201epom\u011brn\u011b ned\u016fstojn\u011b,&#8220;<\/em> uvedla \u010cesk\u00e1 televize. Macinka Pavla opakovan\u011b ozna\u010duje za p\u0159edstavitele opozice a v minulosti nazna\u010dil, \u017ee hodl\u00e1 blokovat i dal\u0161\u00ed prezidentovy zahrani\u010dn\u00ed cesty.<\/p>\n\n\n\n<p>Pavel se od sv\u00e9ho n\u00e1stupu do funkce z\u00fa\u010dastnil v\u0161ech summit\u016f NATO \u2014 v roce 2023 ve Vilniusu, v roce 2024 ve Washingtonu i loni v Haagu. Historick\u00e1 praxe p\u0159itom nen\u00ed jednozna\u010dn\u00e1: za prezidenta V\u00e1clava Klause bylo b\u011b\u017en\u00e9, \u017ee se summit\u016f \u00fa\u010dastnili prezident i premi\u00e9r. Za Milo\u0161e Zemana pak \u010deskou delegaci na \u0159ad\u011b summit\u016f vedl naopak prezident bez p\u0159\u00edtomnosti p\u0159edsedy vl\u00e1dy. V\u00fdjimkou byl summit v Madridu v roce 2022, kde Zemana po vz\u00e1jemn\u00e9 dohod\u011b zastoupil premi\u00e9r Petr Fiala.<\/p>\n\n\n\n<p>Summit NATO se v Anka\u0159e uskute\u010dn\u00ed 7. a 8. \u010dervence. Zda na n\u011bm bude st\u00e1t v \u010dele \u010desk\u00e9 delegace prezident, nebo premi\u00e9r, z\u016fst\u00e1v\u00e1 otev\u0159enou ot\u00e1zkou \u2014 a z\u0159ejm\u011b i p\u0159edm\u011btem dal\u0161\u00edho \u00fastavn\u00edho nap\u011bt\u00ed.<\/p>\n\n\n\n<p><strong>gnews.cz &#8211; GH<\/strong><\/p>\n","protected":false},"excerpt":{"rendered":"<p>Prezident Petr Pavel ve st\u0159edu zaslal premi\u00e9rovi Andreji Babi\u0161ovi dopis, v n\u011bm\u017e jasn\u011b deklaruje sv\u016fj z\u00e1m\u011br v\u00e9st \u010deskou delegaci na \u010dervencov\u00e9m summitu&hellip;<\/p>\n","protected":false},"author":6,"featured_media":38105,"comment_status":"open","ping_status":"closed","sticky":false,"template":"","format":"standard","meta":{"_acf_changed":false,"_lmt_disableupdate":"","_lmt_disable":"","footnotes":""},"categories":[2968,3,7],"tags":[5754,12470,12472,6066,1145,151,72,12468,17,12469,41,12471],"class_list":["post-43660","post","type-post","status-publish","format-standard","has-post-thumbnail","hentry","category-domaci","category-neprehlednete","category-politika","tag-andrej-babis","tag-ceska-delegace","tag-haagske-zavazky","tag-obranne-vydaje","tag-petr-macinka","tag-petr-pavel","tag-prazsky-hrad","tag-summit-nato-ankara","tag-top","tag-ustavni-kompetence","tag-world","tag-zahranicni-zastoupeni"],"acf":[],"aioseo_notices":[],"_links":{"self":[{"href":"https:\/\/gnews.cz\/cs_cz\/wp-json\/wp\/v2\/posts\/43660","targetHints":{"allow":["GET"]}}],"collection":[{"href":"https:\/\/gnews.cz\/cs_cz\/wp-json\/wp\/v2\/posts"}],"about":[{"href":"https:\/\/gnews.cz\/cs_cz\/wp-json\/wp\/v2\/types\/post"}],"author":[{"embeddable":true,"href":"https:\/\/gnews.cz\/cs_cz\/wp-json\/wp\/v2\/users\/6"}],"replies":[{"embeddable":true,"href":"https:\/\/gnews.cz\/cs_cz\/wp-json\/wp\/v2\/comments?post=43660"}],"version-history":[{"count":1,"href":"https:\/\/gnews.cz\/cs_cz\/wp-json\/wp\/v2\/posts\/43660\/revisions"}],"predecessor-version":[{"id":43661,"href":"https:\/\/gnews.cz\/cs_cz\/wp-json\/wp\/v2\/posts\/43660\/revisions\/43661"}],"wp:featuredmedia":[{"embeddable":true,"href":"https:\/\/gnews.cz\/cs_cz\/wp-json\/wp\/v2\/media\/38105"}],"wp:attachment":[{"href":"https:\/\/gnews.cz\/cs_cz\/wp-json\/wp\/v2\/media?parent=43660"}],"wp:term":[{"taxonomy":"category","embeddable":true,"href":"https:\/\/gnews.cz\/cs_cz\/wp-json\/wp\/v2\/categories?post=43660"},{"taxonomy":"post_tag","embeddable":true,"href":"https:\/\/gnews.cz\/cs_cz\/wp-json\/wp\/v2\/tags?post=43660"}],"curies":[{"name":"wp","href":"https:\/\/api.w.org\/{rel}","templated":true}]}}