{"id":43666,"date":"2026-04-09T09:00:00","date_gmt":"2026-04-09T07:00:00","guid":{"rendered":"https:\/\/gnews.cz\/?p=43666"},"modified":"2026-04-09T13:57:54","modified_gmt":"2026-04-09T11:57:54","slug":"denni-shrnuti-ekonomiky-v-cr-hypoindex-primoco-uav-pershing-square-a-universal-music-group-hd-hyundai-blackrock-a-hormuzsky-pruliv-9-dubna-2026","status":"publish","type":"post","link":"https:\/\/gnews.cz\/cs_cz\/tema\/denni-shrnuti-ekonomiky-v-cr-hypoindex-primoco-uav-pershing-square-a-universal-music-group-hd-hyundai-blackrock-a-hormuzsky-pruliv-9-dubna-2026\/","title":{"rendered":"Denn\u00ed shrnut\u00ed ekonomiky v \u010cR: Hypoindex, Primoco UAV,  Pershing Square a Universal Music Group, HD Hyundai, BlackRock a Hormuzsk\u00fd pr\u016fliv (9. dubna 2026)"},"content":{"rendered":"\n<h2 class=\"wp-block-heading\">P\u0159ehled nejnov\u011bj\u0161\u00edch ekonomick\u00fdch ud\u00e1lost\u00ed v \u010cR<\/h2>\n\n\n\n<p>\u010cesk\u00e1 ekonomika reagovala p\u0159edev\u0161\u00edm na uklidn\u011bn\u00ed geopolitick\u00e9ho nap\u011bt\u00ed na Bl\u00edzk\u00e9m v\u00fdchod\u011b. Pra\u017esk\u00e1 burza zaznamenala v\u00fdrazn\u00fd r\u016fst, kdy\u017e index PX pos\u00edlil o 3,01 % na 2624,14 bodu, co\u017e p\u0159edstavuje nejsiln\u011bj\u0161\u00ed \u00farove\u0148 za v\u00edce ne\u017e m\u011bs\u00edc. R\u016fst t\u00e1hly zejm\u00e9na bankovn\u00ed tituly jako <strong>Komer\u010dn\u00ed banka<\/strong>, <strong>Erste Group Bank<\/strong> a <strong>Moneta Money Bank<\/strong>, zat\u00edmco energetick\u00e1 spole\u010dnost <strong>\u010cEZ<\/strong> z\u016fstala jedin\u00fdm v\u00fdrazn\u011bj\u0161\u00edm ztr\u00e1tov\u00fdm titulem.<\/p>\n\n\n\n<p>Na finan\u010dn\u00edm trhu z\u00e1rove\u0148 pokra\u010duje tlak na \u00fav\u011brov\u00e9 podm\u00ednky. Pr\u016fm\u011brn\u00e1 sazba hypot\u00e9k podle Swiss Life Hypoindexu na za\u010d\u00e1tku dubna vzrostla na 5,18 %, co\u017e je nejvy\u0161\u0161\u00ed \u00farove\u0148 od konce roku 2024. Tento v\u00fdvoj reflektuje zv\u00fd\u0161en\u00e9 geopolitick\u00e9 riziko i opatrn\u011bj\u0161\u00ed p\u0159\u00edstup bank, mezi nimi\u017e dominuj\u00ed hr\u00e1\u010di jako <strong>\u010cesk\u00e1 spo\u0159itelna<\/strong> \u010di <strong>\u010cSOB<\/strong>.<\/p>\n\n\n\n<p>Z pohledu podnikov\u00fdch aktivit pokra\u010duje konsolidace i kapit\u00e1lov\u00e9 p\u0159esuny. Skupina <strong>PPF Group<\/strong> podle aktu\u00e1ln\u00edch informac\u00ed zva\u017euje dal\u0161\u00ed pos\u00edlen\u00ed v telekomunika\u010dn\u00edm sektoru ve st\u0159edn\u00ed Evrop\u011b, zat\u00edmco <strong>Czechoslovak Group<\/strong> roz\u0161i\u0159uje v\u00fdrobn\u00ed kapacity v obrann\u00e9m pr\u016fmyslu v reakci na rostouc\u00ed popt\u00e1vku v Evrop\u011b. Investi\u010dn\u00ed skupina <strong>J&amp;T Finance Group<\/strong> v t\u011bchto dnech dokon\u010duje transakci spojenou s roz\u0161\u00ed\u0159en\u00edm pod\u00edlu v energetick\u00fdch aktivech ve st\u0159edn\u00ed Evrop\u011b, co\u017e potvrzuje pokra\u010duj\u00edc\u00ed z\u00e1jem o strategickou infrastrukturu.<\/p>\n\n\n\n<h2 class=\"wp-block-heading\">Zahrani\u010dn\u00ed investice<\/h2>\n\n\n\n<p>Zahrani\u010dn\u00ed investi\u010dn\u00ed aktivita v posledn\u00edch dnech v\u00fdrazn\u011b zrychlila a p\u0159in\u00e1\u0161\u00ed konkr\u00e9tn\u00ed transakce nap\u0159\u00ed\u010d sektory. \u010cesk\u00fd v\u00fdrobce bezpilotn\u00edch letadel <strong>Primoco UAV<\/strong> z\u00edskal stavebn\u00ed povolen\u00ed pro nov\u00fd z\u00e1vod v P\u00edsku s investic\u00ed 750 milion\u016f korun. Projekt umo\u017en\u00ed zv\u00fd\u0161it produkci a\u017e na 300 letoun\u016f ro\u010dn\u011b a p\u0159edstavuje jednu z nejv\u00fdznamn\u011bj\u0161\u00edch pr\u016fmyslov\u00fdch investic v \u010cR s exportn\u00edm p\u0159esahem.<\/p>\n\n\n\n<p>Na glob\u00e1ln\u00ed \u00farovni se odehr\u00e1v\u00e1 n\u011bkolik z\u00e1sadn\u00edch akvizic. Investi\u010dn\u00ed spole\u010dnost <strong>Pershing Square<\/strong> p\u0159edlo\u017eila nab\u00eddku na p\u0159evzet\u00ed pod\u00edlu v <strong>Universal Music Group<\/strong> v hodnot\u011b zhruba 9,4 miliardy eur, \u010d\u00edm\u017e potvrzuje pokra\u010duj\u00edc\u00ed konsolidaci medi\u00e1ln\u00edho sektoru. V technologick\u00e9m odv\u011btv\u00ed pokra\u010duje expanze spole\u010dnosti <strong>Microsoft<\/strong>, kter\u00e1 v Evrop\u011b realizuje c\u00edlen\u00e9 akvizice men\u0161\u00edch AI firem s c\u00edlem pos\u00edlit cloudovou infrastrukturu a v\u00fdvojov\u00e9 kapacity.<\/p>\n\n\n\n<p>N\u011bmeck\u00fd <strong>Siemens<\/strong> rozv\u00edj\u00ed strategickou spolupr\u00e1ci s <strong>HD Hyundai<\/strong> zam\u011b\u0159enou na digitalizaci pr\u016fmyslov\u00e9 v\u00fdroby, co\u017e p\u0159edstavuje investice do automatizace a softwarov\u00fdch \u0159e\u0161en\u00ed nov\u00e9 generace.<\/p>\n\n\n\n<p>Ve finan\u010dn\u00edm sektoru pokra\u010duj\u00ed p\u0159esuny kapit\u00e1lu ze strany glob\u00e1ln\u00edch investor\u016f. Fondy jako <strong>BlackRock<\/strong> a <strong>Vanguard<\/strong> zvy\u0161uj\u00ed expozici v\u016f\u010di evropsk\u00fdm technologick\u00fdm a energetick\u00fdm firm\u00e1m, co\u017e nep\u0159\u00edmo podporuje i \u010desk\u00e9 dodavatelsk\u00e9 \u0159et\u011bzce. <\/p>\n\n\n\n<h2 class=\"wp-block-heading\">V\u00fdznamn\u00e9 ud\u00e1losti mimo \u010cR s glob\u00e1ln\u00edm dopadem<\/h2>\n\n\n\n<p>Glob\u00e1ln\u00ed ekonomiku nad\u00e1le z\u00e1sadn\u011b ovliv\u0148uje situace v oblasti Hormuzsk\u00e9ho pr\u016flivu. Po ozn\u00e1men\u00ed p\u0159\u00edm\u011b\u0159\u00ed na Bl\u00edzk\u00e9m v\u00fdchod\u011b do\u0161lo k poklesu cen ropy, co\u017e se okam\u017eit\u011b prom\u00edtlo do finan\u010dn\u00edch trh\u016f. Stabilizace t\u00e9to kl\u00ed\u010dov\u00e9 dopravn\u00ed tepny sn\u00ed\u017eila rizikovou p\u0159ir\u00e1\u017eku na energetick\u00fdch trz\u00edch a podpo\u0159ila r\u016fst akci\u00ed v Evrop\u011b i v \u010cR.<\/p>\n\n\n\n<p>P\u0159esto z\u016fst\u00e1v\u00e1 region jedn\u00edm z hlavn\u00edch geopolitick\u00fdch rizik. Jak\u00e9koliv naru\u0161en\u00ed dopravy v Hormuzsk\u00e9m pr\u016flivu by mohlo v\u00e9st k prudk\u00e9mu r\u016fstu cen ropy a plynu, co\u017e by m\u011blo p\u0159\u00edm\u00fd dopad na inflaci, pr\u016fmyslovou v\u00fdrobu i spot\u0159ebu dom\u00e1cnost\u00ed v Evrop\u011b.<\/p>\n\n\n\n<p>Na glob\u00e1ln\u00ed \u00farovni z\u00e1rove\u0148 pokra\u010duje vlna investic do technologick\u00e9 infrastruktury. Spole\u010dnosti jako <strong>Amazon<\/strong> a <strong>Google<\/strong> navy\u0161uj\u00ed investice do datov\u00fdch center v Evrop\u011b, co\u017e vytv\u00e1\u0159\u00ed tlak na energetickou infrastrukturu i dodavatelsk\u00e9 \u0159et\u011bzce. Tyto trendy maj\u00ed dlouhodob\u00fd dopad i na \u010deskou ekonomiku, kter\u00e1 se st\u00e1le v\u00edce zapojuje do evropsk\u00e9ho technologick\u00e9ho a pr\u016fmyslov\u00e9ho ekosyst\u00e9mu.<\/p>\n\n\n\n<p><strong>gnews.cz &#8211; GH<\/strong><\/p>\n\n\n<p>[currency_and_metal_rates]<\/p>\n\n\n\n<figure class=\"wp-block-image size-full\"><img fetchpriority=\"high\" decoding=\"async\" width=\"876\" height=\"409\" src=\"https:\/\/gnews.cz\/wp-content\/uploads\/2026\/04\/gfdgssg.webp\" alt=\"\" class=\"wp-image-43667\" srcset=\"https:\/\/gnews.cz\/wp-content\/uploads\/2026\/04\/gfdgssg.webp 876w, https:\/\/gnews.cz\/wp-content\/uploads\/2026\/04\/gfdgssg-300x140.webp 300w, https:\/\/gnews.cz\/wp-content\/uploads\/2026\/04\/gfdgssg-768x359.webp 768w, https:\/\/gnews.cz\/wp-content\/uploads\/2026\/04\/gfdgssg-18x8.webp 18w, https:\/\/gnews.cz\/wp-content\/uploads\/2026\/04\/gfdgssg-585x273.webp 585w\" sizes=\"(max-width: 876px) 100vw, 876px\" \/><\/figure>\n\n\n\n<figure class=\"wp-block-image size-full\"><img decoding=\"async\" width=\"876\" height=\"405\" src=\"https:\/\/gnews.cz\/wp-content\/uploads\/2026\/04\/dx.webp\" alt=\"\" class=\"wp-image-43668\" srcset=\"https:\/\/gnews.cz\/wp-content\/uploads\/2026\/04\/dx.webp 876w, https:\/\/gnews.cz\/wp-content\/uploads\/2026\/04\/dx-300x139.webp 300w, https:\/\/gnews.cz\/wp-content\/uploads\/2026\/04\/dx-768x355.webp 768w, https:\/\/gnews.cz\/wp-content\/uploads\/2026\/04\/dx-18x8.webp 18w, https:\/\/gnews.cz\/wp-content\/uploads\/2026\/04\/dx-585x270.webp 585w\" sizes=\"(max-width: 876px) 100vw, 876px\" \/><\/figure>\n\n\n\n<figure class=\"wp-block-image size-full\"><img decoding=\"async\" width=\"878\" height=\"300\" src=\"https:\/\/gnews.cz\/wp-content\/uploads\/2026\/04\/bvc.webp\" alt=\"\" class=\"wp-image-43669\" srcset=\"https:\/\/gnews.cz\/wp-content\/uploads\/2026\/04\/bvc.webp 878w, https:\/\/gnews.cz\/wp-content\/uploads\/2026\/04\/bvc-300x103.webp 300w, https:\/\/gnews.cz\/wp-content\/uploads\/2026\/04\/bvc-768x262.webp 768w, https:\/\/gnews.cz\/wp-content\/uploads\/2026\/04\/bvc-18x6.webp 18w, https:\/\/gnews.cz\/wp-content\/uploads\/2026\/04\/bvc-585x200.webp 585w\" sizes=\"(max-width: 878px) 100vw, 878px\" \/><\/figure>\n\n\n\n<figure class=\"wp-block-image size-full\"><img loading=\"lazy\" decoding=\"async\" width=\"878\" height=\"500\" src=\"https:\/\/gnews.cz\/wp-content\/uploads\/2026\/04\/qa.webp\" alt=\"\" class=\"wp-image-43670\" srcset=\"https:\/\/gnews.cz\/wp-content\/uploads\/2026\/04\/qa.webp 878w, https:\/\/gnews.cz\/wp-content\/uploads\/2026\/04\/qa-300x171.webp 300w, https:\/\/gnews.cz\/wp-content\/uploads\/2026\/04\/qa-768x437.webp 768w, https:\/\/gnews.cz\/wp-content\/uploads\/2026\/04\/qa-18x10.webp 18w, https:\/\/gnews.cz\/wp-content\/uploads\/2026\/04\/qa-585x333.webp 585w\" sizes=\"(max-width: 878px) 100vw, 878px\" \/><\/figure>\n\n\n\n<p><strong>tradingeconomics.com<\/strong><\/p>\n","protected":false},"excerpt":{"rendered":"<p>P\u0159ehled nejnov\u011bj\u0161\u00edch ekonomick\u00fdch ud\u00e1lost\u00ed v \u010cR \u010cesk\u00e1 ekonomika reagovala p\u0159edev\u0161\u00edm na uklidn\u011bn\u00ed geopolitick\u00e9ho nap\u011bt\u00ed na Bl\u00edzk\u00e9m v\u00fdchod\u011b. Pra\u017esk\u00e1 burza zaznamenala v\u00fdrazn\u00fd r\u016fst,&hellip;<\/p>\n","protected":false},"author":6,"featured_media":38701,"comment_status":"open","ping_status":"closed","sticky":false,"template":"","format":"standard","meta":{"_acf_changed":false,"_lmt_disableupdate":"","_lmt_disable":"","footnotes":""},"categories":[2968,4,3,1,2973],"tags":[11085,9616,12483,11961,9932,12480,12484,12475,12481,12502,12500,10328,12498,12473,12476,12485,12478,3546,11260,10799,12486,12477,12491,12482,5200,17,9573,12479,12474,41,3904],"class_list":["post-43666","post","type-post","status-publish","format-standard","has-post-thumbnail","hentry","category-domaci","category-ekonomika","category-neprehlednete","category-tema","category-zahranicni","tag-akvizice-firem-2026","tag-banky-v-cr","tag-blackrock-investice","tag-ceny-ropy-brent-2026","tag-ceska-ekonomika-2026","tag-cez-akcie-vyvoj","tag-datova-centra-evropa","tag-energeticky-sektor-investice","tag-erste-group-bank-vysledky","tag-fuze-a-akvizice-globalne","tag-geopoliticke-riziko-ekonomika","tag-globalni-financni-trhy","tag-hormuzsky-pruliv-dopad","tag-hypotecni-sazby-duben-2026","tag-komercni-banka-akcie","tag-lng-infrastruktura-evropa","tag-microsoft-akvizice-ai","tag-moneta-money-bank","tag-obranny-prumysl-evropa","tag-prazska-burza-px-index","tag-prime-zahranicni-investice-evropa","tag-primoco-uav-investice-pisek","tag-shell-investice-evropa","tag-siemens-energy-rust","tag-swiss-life-hypoindex","tag-top","tag-umela-inteligence-investice","tag-vanguard-fondy","tag-vyvoj-akcii-cr","tag-world","tag-zahranicni-investice-cesko"],"acf":[],"aioseo_notices":[],"_links":{"self":[{"href":"https:\/\/gnews.cz\/cs_cz\/wp-json\/wp\/v2\/posts\/43666","targetHints":{"allow":["GET"]}}],"collection":[{"href":"https:\/\/gnews.cz\/cs_cz\/wp-json\/wp\/v2\/posts"}],"about":[{"href":"https:\/\/gnews.cz\/cs_cz\/wp-json\/wp\/v2\/types\/post"}],"author":[{"embeddable":true,"href":"https:\/\/gnews.cz\/cs_cz\/wp-json\/wp\/v2\/users\/6"}],"replies":[{"embeddable":true,"href":"https:\/\/gnews.cz\/cs_cz\/wp-json\/wp\/v2\/comments?post=43666"}],"version-history":[{"count":3,"href":"https:\/\/gnews.cz\/cs_cz\/wp-json\/wp\/v2\/posts\/43666\/revisions"}],"predecessor-version":[{"id":43679,"href":"https:\/\/gnews.cz\/cs_cz\/wp-json\/wp\/v2\/posts\/43666\/revisions\/43679"}],"wp:featuredmedia":[{"embeddable":true,"href":"https:\/\/gnews.cz\/cs_cz\/wp-json\/wp\/v2\/media\/38701"}],"wp:attachment":[{"href":"https:\/\/gnews.cz\/cs_cz\/wp-json\/wp\/v2\/media?parent=43666"}],"wp:term":[{"taxonomy":"category","embeddable":true,"href":"https:\/\/gnews.cz\/cs_cz\/wp-json\/wp\/v2\/categories?post=43666"},{"taxonomy":"post_tag","embeddable":true,"href":"https:\/\/gnews.cz\/cs_cz\/wp-json\/wp\/v2\/tags?post=43666"}],"curies":[{"name":"wp","href":"https:\/\/api.w.org\/{rel}","templated":true}]}}