{"id":43673,"date":"2026-04-09T12:00:00","date_gmt":"2026-04-09T10:00:00","guid":{"rendered":"https:\/\/gnews.cz\/?p=43673"},"modified":"2026-04-09T10:20:53","modified_gmt":"2026-04-09T08:20:53","slug":"primeri-mezi-usa-a-iranem-visi-na-vlasku-svet-ceka-zda-klid-vydrzi","status":"publish","type":"post","link":"https:\/\/gnews.cz\/cs_cz\/neprehlednete\/primeri-mezi-usa-a-iranem-visi-na-vlasku-svet-ceka-zda-klid-vydrzi\/","title":{"rendered":"P\u0159\u00edm\u011b\u0159\u00ed mezi USA a \u00cdr\u00e1nem vis\u00ed na vl\u00e1sku. Sv\u011bt \u010dek\u00e1, zda klid vydr\u017e\u00ed"},"content":{"rendered":"\n<p><strong>Nap\u011bt\u00ed mezi Spojen\u00fdmi st\u00e1ty a \u00cdr\u00e1nem se po t\u00fddnech eskalace do\u010dasn\u011b zm\u00edrnilo, kdy\u017e Donald Trump ozn\u00e1mil dvout\u00fddenn\u00ed p\u0159\u00edm\u011b\u0159\u00ed. P\u0159esto z\u016fst\u00e1v\u00e1 jeho budoucnost nejist\u00e1 a podle mnoha analytik\u016f i politik\u016f nelze hovo\u0159it o jasn\u00e9m v\u00edt\u011bzi ani pora\u017een\u00e9m.<\/strong><\/p>\n\n\n\n<p><strong>Turecko v roli kl\u00ed\u010dov\u00e9ho prost\u0159edn\u00edka<\/strong><\/p>\n\n\n\n<p>Podle tureck\u00e9ho den\u00edku Hurriyet sehr\u00e1lo d\u016fle\u017eitou roli p\u0159i vyjedn\u00e1n\u00ed p\u0159\u00edm\u011b\u0159\u00ed Turecko, jeho\u017e veden\u00ed vedlo des\u00edtky telefonick\u00fdch rozhovor\u016f s p\u0159edstaviteli v Anka\u0159e, Washingtonu, Teher\u00e1nu i dal\u0161\u00edch metropol\u00edch. Ankara nyn\u00ed usiluje o to, aby se kr\u00e1tkodob\u00e9 p\u0159eru\u0161en\u00ed boj\u016f prom\u011bnilo v trvalej\u0161\u00ed dohodu. Jedn\u00e1n\u00ed mezi USA a \u00cdr\u00e1nem by m\u011bla pokra\u010dovat v Islamabad.<\/p>\n\n\n\n<p><strong>\u00cdr\u00e1n odolal, Z\u00e1pad nedos\u00e1hl c\u00edle<\/strong><\/p>\n\n\n\n<p>Koment\u00e1torka Hande Firat upozornila, \u017ee a\u010dkoli konflikt nem\u00e1 jasn\u00e9ho v\u00edt\u011bze, \u00cdr\u00e1n z n\u011bj nevy\u0161el pora\u017een\u00fd. Re\u017eim z\u016fstal stabiln\u00ed a jeho raketov\u00e9 kapacity nebyly z\u00e1sadn\u011b oslabeny. Naopak Spojen\u00e9 st\u00e1ty podle n\u00ed \u010delily ztr\u00e1t\u00e1m a vy\u010derpaly zna\u010dnou \u010d\u00e1st sv\u00fdch raketov\u00fdch z\u00e1sob. Izrael i USA tak nedos\u00e1hly pln\u00e9ho \u00fasp\u011bchu.<\/p>\n\n\n\n<p><strong>Hormuzsk\u00fd pr\u016fliv z\u016fst\u00e1v\u00e1 probl\u00e9mem<\/strong><\/p>\n\n\n\n<p>Navzdory p\u0159\u00edm\u011b\u0159\u00ed pokra\u010dovaly sporadick\u00e9 \u00fatoky mezi \u00cdr\u00e1nem a Izraelem a strategicky kl\u00ed\u010dov\u00fd Hormuzsk\u00fd pr\u016fliv<strong> <\/strong>z\u016fst\u00e1v\u00e1 fakticky uzav\u0159en\u00fd. Washington proto vyzval spojence v NATO, aby urychlen\u011b p\u0159edlo\u017eili pl\u00e1ny na zaji\u0161t\u011bn\u00ed bezpe\u010dnosti lodn\u00ed dopravy.<\/p>\n\n\n\n<p><strong>Ned\u016fv\u011bra \u00cdr\u00e1nu v\u016f\u010di USA p\u0159etrv\u00e1v\u00e1<\/strong><\/p>\n\n\n\n<p>\u00cdr\u00e1nsk\u00fd velvyslanec Ali Mojtaba Rouzbahani uvedl, \u017ee Teher\u00e1n vn\u00edm\u00e1 p\u0159\u00edm\u011b\u0159\u00ed jako test d\u016fv\u011bryhodnosti Spojen\u00fdch st\u00e1t\u016f. Zd\u016fraznil, \u017ee \u00cdr\u00e1n bude postup Washingtonu pe\u010dliv\u011b ov\u011b\u0159ovat a nespol\u00e9h\u00e1 se pouze na diplomatick\u00e9 sliby.<\/p>\n\n\n\n<p><strong>Nap\u011bt\u00ed mezi spojenci<\/strong><\/p>\n\n\n\n<p>Podle The Wall Street Journal nebyl Izrael spokojen s postupem USA. Benjamin Netanyahu m\u011bl b\u00fdt o dohod\u011b informov\u00e1n na posledn\u00ed chv\u00edli a bez koordinace. Tel Aviv nav\u00edc odm\u00edtl zahrnout do p\u0159\u00edm\u011b\u0159\u00ed i konflikt s Hizball\u00e1hem.<\/p>\n\n\n\n<p><strong>Dopady na ropu a sv\u011btov\u00e9 trhy<\/strong><\/p>\n\n\n\n<p>Konflikt v\u00fdrazn\u011b zas\u00e1hl i energetick\u00fd sektor. Obnoven\u00ed dod\u00e1vek ropy na p\u0159edchoz\u00ed \u00farove\u0148 m\u016f\u017ee podle expert\u016f trvat m\u011bs\u00edce, a to kv\u016fli po\u0161kozen\u00e9 infrastruktu\u0159e i omezen\u00e9mu provozu v oblasti Persk\u00e9ho z\u00e1livu.<\/p>\n\n\n\n<p><strong>Rozhoduj\u00edc\u00ed budou jedn\u00e1n\u00ed v P\u00e1kist\u00e1nu<\/strong><\/p>\n\n\n\n<p>Dal\u0161\u00ed v\u00fdvoj se bude odv\u00edjet od nadch\u00e1zej\u00edc\u00edch jedn\u00e1n\u00ed, kter\u00e1 maj\u00ed prob\u011bhnout v Isl\u00e1m\u00e1b\u00e1du za p\u0159\u00edsn\u00fdch bezpe\u010dnostn\u00edch opat\u0159en\u00ed. O\u010dek\u00e1v\u00e1 se, \u017ee rozhovory potrvaj\u00ed n\u011bkolik dn\u00ed a mohou rozhodnout o budoucnosti p\u0159\u00edm\u011b\u0159\u00ed.<\/p>\n\n\n\n<p><strong>gnews.cz &#8211; GH<\/strong><\/p>\n","protected":false},"excerpt":{"rendered":"<p>Nap\u011bt\u00ed mezi Spojen\u00fdmi st\u00e1ty a \u00cdr\u00e1nem se po t\u00fddnech eskalace do\u010dasn\u011b zm\u00edrnilo, kdy\u017e Donald Trump ozn\u00e1mil dvout\u00fddenn\u00ed p\u0159\u00edm\u011b\u0159\u00ed. P\u0159esto z\u016fst\u00e1v\u00e1 jeho budoucnost&hellip;<\/p>\n","protected":false},"author":6,"featured_media":29917,"comment_status":"open","ping_status":"closed","sticky":false,"template":"","format":"standard","meta":{"_acf_changed":false,"_lmt_disableupdate":"","_lmt_disable":"","footnotes":""},"categories":[3,7,2973],"tags":[12515,496,760,12512,49,56,1728,991,12508,17,38,41],"class_list":["post-43673","post","type-post","status-publish","format-standard","has-post-thumbnail","hentry","category-neprehlednete","category-politika","category-zahranicni","tag-benjamin-netanyahu","tag-donald-trump","tag-iran-3","tag-islamabad","tag-izrael","tag-nato","tag-primeri","tag-ropa","tag-strait-of-hormuz","tag-top","tag-usa","tag-world"],"acf":[],"aioseo_notices":[],"_links":{"self":[{"href":"https:\/\/gnews.cz\/cs_cz\/wp-json\/wp\/v2\/posts\/43673","targetHints":{"allow":["GET"]}}],"collection":[{"href":"https:\/\/gnews.cz\/cs_cz\/wp-json\/wp\/v2\/posts"}],"about":[{"href":"https:\/\/gnews.cz\/cs_cz\/wp-json\/wp\/v2\/types\/post"}],"author":[{"embeddable":true,"href":"https:\/\/gnews.cz\/cs_cz\/wp-json\/wp\/v2\/users\/6"}],"replies":[{"embeddable":true,"href":"https:\/\/gnews.cz\/cs_cz\/wp-json\/wp\/v2\/comments?post=43673"}],"version-history":[{"count":1,"href":"https:\/\/gnews.cz\/cs_cz\/wp-json\/wp\/v2\/posts\/43673\/revisions"}],"predecessor-version":[{"id":43674,"href":"https:\/\/gnews.cz\/cs_cz\/wp-json\/wp\/v2\/posts\/43673\/revisions\/43674"}],"wp:featuredmedia":[{"embeddable":true,"href":"https:\/\/gnews.cz\/cs_cz\/wp-json\/wp\/v2\/media\/29917"}],"wp:attachment":[{"href":"https:\/\/gnews.cz\/cs_cz\/wp-json\/wp\/v2\/media?parent=43673"}],"wp:term":[{"taxonomy":"category","embeddable":true,"href":"https:\/\/gnews.cz\/cs_cz\/wp-json\/wp\/v2\/categories?post=43673"},{"taxonomy":"post_tag","embeddable":true,"href":"https:\/\/gnews.cz\/cs_cz\/wp-json\/wp\/v2\/tags?post=43673"}],"curies":[{"name":"wp","href":"https:\/\/api.w.org\/{rel}","templated":true}]}}