{"id":43675,"date":"2026-04-09T15:00:00","date_gmt":"2026-04-09T13:00:00","guid":{"rendered":"https:\/\/gnews.cz\/?p=43675"},"modified":"2026-04-09T18:29:26","modified_gmt":"2026-04-09T16:29:26","slug":"easa-prodluzuje-zakaz-letu-nad-blizkym-vychodem-do-24-dubna","status":"publish","type":"post","link":"https:\/\/gnews.cz\/cs_cz\/neprehlednete\/easa-prodluzuje-zakaz-letu-nad-blizkym-vychodem-do-24-dubna\/","title":{"rendered":"EASA prodlu\u017euje z\u00e1kaz let\u016f nad Bl\u00edzk\u00fdm v\u00fdchodem do 24. dubna"},"content":{"rendered":"\n<p><strong>Evropsk\u00e1 agentura pro bezpe\u010dnost letectv\u00ed (EASA) op\u011bt prodlou\u017eila sv\u00e1 doporu\u010den\u00ed pro leteck\u00e9 dopravce, aby se vyh\u00fdbaly vzdu\u0161n\u00e9mu prostoru nad Bl\u00edzk\u00fdm v\u00fdchodem. Nov\u00e9 omezen\u00ed plat\u00ed do 24. dubna 2026, p\u0159i\u010dem\u017e agentura zd\u016fraznila, \u017ee obsah bulletinu z\u016fst\u00e1v\u00e1 beze zm\u011bny. P\u0159edchoz\u00ed doporu\u010den\u00ed vypr\u0161elo 10. dubna.<\/strong><\/p>\n\n\n\n<p>Bulletin pokr\u00fdv\u00e1 vzdu\u0161n\u00fd prostor Bahrajnu, \u00cdr\u00e1nu, Ir\u00e1ku, Izraele, Jord\u00e1nska, Kuvajtu, Libanonu, Om\u00e1nu, Kataru, Spojen\u00fdch arabsk\u00fdch emir\u00e1t\u016f a Sa\u00fadsk\u00e9 Ar\u00e1bie. Jedinou v\u00fdjimkou z\u016fst\u00e1vaj\u00ed lety nad ji\u017en\u00edmi \u010d\u00e1stmi Sa\u00fadsk\u00e9 Ar\u00e1bie a Om\u00e1nu, a to pouze ve v\u00fd\u0161ce nad letovou hladinou FL320 a za podm\u00ednky aktu\u00e1ln\u00edho hodnocen\u00ed rizik.<\/p>\n\n\n\n<p>Situaci odstartovaly vojensk\u00e9 \u00fadery USA a Izraele na \u00edr\u00e1nsk\u00e1 vojensk\u00e1 za\u0159\u00edzen\u00ed 28. \u00fanora 2026. \u00cdr\u00e1n v reakci zah\u00e1jil odvetn\u00e9 \u00fatoky, kter\u00e9 d\u00e1le destabilizovaly vzdu\u0161n\u00fd prostor sousedn\u00edch st\u00e1t\u016f. Riziko zasahuje i zem\u011b hostuj\u00edc\u00ed americk\u00e9 vojensk\u00e9 z\u00e1kladny, p\u0159i\u010dem\u017e p\u0159\u00edtomnost protiletadlov\u00fdch syst\u00e9m\u016f schopn\u00fdch zas\u00e1hnout v\u0161echny v\u00fd\u0161ky, stejn\u011b jako k\u0159i\u017euj\u00edc\u00edch a balistick\u00fdch st\u0159el, \u010din\u00ed ve\u0161ker\u00fd dot\u010den\u00fd vzdu\u0161n\u00fd prostor zraniteln\u00fdm.<\/p>\n\n\n\n<p><strong>Dopad na leteckou dopravu<\/strong><\/p>\n\n\n\n<p>Omezen\u00ed zp\u016fsobila jedno z nejv\u011bt\u0161\u00edch naru\u0161en\u00ed glob\u00e1ln\u00ed leteck\u00e9 dopravy od covidov\u00e9 pandemie. \u00cdr\u00e1nsk\u00fd, ir\u00e1ck\u00fd, kuvajtsk\u00fd a syrsk\u00fd vzdu\u0161n\u00fd prostor je uzav\u0159en form\u00e1ln\u00edmi NOTAMy. Evropsk\u00e9 aerolinky jako British Airways a Lufthansa pozastavily lety do Dubaje minim\u00e1ln\u011b do konce kv\u011btna 2026. Lety mezi Evropou a Asi\u00ed jsou p\u0159esm\u011brov\u00e1v\u00e1ny p\u0159es Kavkaz nebo St\u0159edn\u00ed Asii, p\u0159i\u010dem\u017e cesta se prodlu\u017euje o dv\u011b a\u017e \u010dty\u0159i hodiny.<\/p>\n\n\n\n<p>Emir\u00e1ty v dob\u011b vrcholu krize v\u00fdrazn\u011b omezily provoz \u2013 p\u0159ed konfliktem p\u0159epravovaly ro\u010dn\u011b p\u0159es 55 milion\u016f cestuj\u00edc\u00edch, nyn\u00ed operuj\u00ed na zlomku p\u016fvodn\u00ed kapacity. Pojistn\u00e9 kryt\u00ed evropsk\u00fdch dopravc\u016f je p\u0159\u00edmo v\u00e1z\u00e1no na hodnocen\u00ed EASA \u2013 bez zm\u011bny bulletinu nemohou poji\u0161\u0165ovny obnovit v\u00e1le\u010dn\u00e9 rizikov\u00e9 kryt\u00ed.<\/p>\n\n\n\n<p>Situace z\u016fst\u00e1v\u00e1 nad\u00e1le nestabiln\u00ed a EASA avizovala pr\u016fb\u011b\u017en\u00e9 monitorov\u00e1n\u00ed v\u00fdvoje p\u0159ed dal\u0161\u00edm p\u0159ehodnocen\u00edm platnosti bulletinu.<\/p>\n\n\n\n<p><strong>gnews.cz &#8211; GH<\/strong><\/p>\n","protected":false},"excerpt":{"rendered":"<p>Evropsk\u00e1 agentura pro bezpe\u010dnost letectv\u00ed (EASA) op\u011bt prodlou\u017eila sv\u00e1 doporu\u010den\u00ed pro leteck\u00e9 dopravce, aby se vyh\u00fdbaly vzdu\u0161n\u00e9mu prostoru nad Bl\u00edzk\u00fdm v\u00fdchodem. Nov\u00e9&hellip;<\/p>\n","protected":false},"author":6,"featured_media":43676,"comment_status":"open","ping_status":"closed","sticky":false,"template":"","format":"standard","meta":{"_acf_changed":false,"_lmt_disableupdate":"","_lmt_disable":"","footnotes":""},"categories":[2968,4,3,2973],"tags":[84,11822,12526,12519,46,78,12563,12564,11824,11645,12557,12559,11789,11788,12558,10380,10,12565,12560,9960,12562,12561,17,38,5325,41],"class_list":["post-43675","post","type-post","status-publish","format-standard","has-post-thumbnail","hentry","category-domaci","category-ekonomika","category-neprehlednete","category-zahranicni","tag-asie","tag-bahrajnu","tag-british-airways","tag-easa","tag-eu","tag-evropa","tag-evropska-agentura-pro-bezpecnost-letectvi","tag-fl320","tag-iraku","tag-iranu","tag-izraele","tag-jordanska","tag-kataru","tag-kuvajtu","tag-libanonu","tag-lufthansa","tag-news","tag-notam","tag-omanu","tag-riziko","tag-saaudska-arabie","tag-spojenych-arabskych-emiratu","tag-top","tag-usa","tag-vzdusny-prostor","tag-world"],"acf":[],"aioseo_notices":[],"_links":{"self":[{"href":"https:\/\/gnews.cz\/cs_cz\/wp-json\/wp\/v2\/posts\/43675","targetHints":{"allow":["GET"]}}],"collection":[{"href":"https:\/\/gnews.cz\/cs_cz\/wp-json\/wp\/v2\/posts"}],"about":[{"href":"https:\/\/gnews.cz\/cs_cz\/wp-json\/wp\/v2\/types\/post"}],"author":[{"embeddable":true,"href":"https:\/\/gnews.cz\/cs_cz\/wp-json\/wp\/v2\/users\/6"}],"replies":[{"embeddable":true,"href":"https:\/\/gnews.cz\/cs_cz\/wp-json\/wp\/v2\/comments?post=43675"}],"version-history":[{"count":1,"href":"https:\/\/gnews.cz\/cs_cz\/wp-json\/wp\/v2\/posts\/43675\/revisions"}],"predecessor-version":[{"id":43677,"href":"https:\/\/gnews.cz\/cs_cz\/wp-json\/wp\/v2\/posts\/43675\/revisions\/43677"}],"wp:featuredmedia":[{"embeddable":true,"href":"https:\/\/gnews.cz\/cs_cz\/wp-json\/wp\/v2\/media\/43676"}],"wp:attachment":[{"href":"https:\/\/gnews.cz\/cs_cz\/wp-json\/wp\/v2\/media?parent=43675"}],"wp:term":[{"taxonomy":"category","embeddable":true,"href":"https:\/\/gnews.cz\/cs_cz\/wp-json\/wp\/v2\/categories?post=43675"},{"taxonomy":"post_tag","embeddable":true,"href":"https:\/\/gnews.cz\/cs_cz\/wp-json\/wp\/v2\/tags?post=43675"}],"curies":[{"name":"wp","href":"https:\/\/api.w.org\/{rel}","templated":true}]}}