{"id":43683,"date":"2026-04-09T16:00:00","date_gmt":"2026-04-09T14:00:00","guid":{"rendered":"https:\/\/gnews.cz\/?p=43683"},"modified":"2026-04-27T14:06:42","modified_gmt":"2026-04-27T12:06:42","slug":"ceska-politicka-scena-v-plnem-proudu-prezident-pavel-si-stezuje-rozpoctovi-paraziti-dostali-ranu-a-petr-holec-ve-svem-viralnim-videu-odhalil-zaujatost-ceske-televize-petr-holec-zive-268","status":"publish","type":"post","link":"https:\/\/gnews.cz\/cs_cz\/rozhovory\/ceska-politicka-scena-v-plnem-proudu-prezident-pavel-si-stezuje-rozpoctovi-paraziti-dostali-ranu-a-petr-holec-ve-svem-viralnim-videu-odhalil-zaujatost-ceske-televize-petr-holec-zive-268\/","title":{"rendered":"\u010cesk\u00e1 politick\u00e1 sc\u00e9na v pln\u00e9m proudu: prezident Pavel si st\u011b\u017euje, rozpo\u010dtov\u00ed paraziti dostali r\u00e1nu a Petr Holec ve sv\u00e9m vir\u00e1ln\u00edm videu odhalil zaujatost \u010cesk\u00e9 televize (Petr Holec \u017eiv\u011b #268)"},"content":{"rendered":"\n<p><strong>Objevte v\u00fdbu\u0161n\u00e9 \u010desk\u00e9 politick\u00e9 drama, v n\u011bm\u017e prezident Petr Pavel f\u0148uk\u00e1 nad p\u0159ehl\u00ed\u017een\u00edm ze strany NATO, Filip Turek vy\u0159azuje \u201epijavice\u201c z \u0159ad ekologick\u00fdch nevl\u00e1dn\u00edch organizac\u00ed ze st\u00e1tn\u00edho rozpo\u010dtu a s\u00edl\u00ed vol\u00e1n\u00ed po privatizaci zaujat\u00e9 \u010cesk\u00e9 televize (\u010cT). Energick\u00fd YouTube stream Petra Holece \u010d. 268 rozeb\u00edr\u00e1 \u00fasp\u011bchy vl\u00e1dn\u00edch \u00fasporn\u00fdch opat\u0159en\u00ed, pokrytectv\u00ed v oblasti kulturn\u00edch dotac\u00ed a kolapsy opozice \u2013 nezbytn\u00e1 pod\u00edvan\u00e1 pro fanou\u0161ky sv\u011btov\u00e9 politiky, kte\u0159\u00ed sleduj\u00ed evropsk\u00e1 fisk\u00e1ln\u00ed opat\u0159en\u00ed.<\/strong><\/p>\n\n\n\n<p>Ve vzru\u0161uj\u00edc\u00edm sv\u011bt\u011b \u010desk\u00e9 politiky m\u00e1lokdo promlouv\u00e1 hlasit\u011bji ne\u017e <strong>mistr Petr Holec<\/strong>, koment\u00e1tor, kter\u00fd se s ni\u010d\u00edm nema\u017ee a jeho\u017e st\u0159ede\u010dn\u00ed ve\u010dern\u00ed \u017eiv\u00e9 vys\u00edl\u00e1n\u00ed na YouTube kan\u00e1le <strong>Xaver Live<\/strong> p\u0159itahuje desetitis\u00edce lid\u00ed tou\u017e\u00edc\u00edch po nezkreslen\u00e9 pravd\u011b. Epizoda \u010d. 268 s n\u00e1zvem \u201ePavel k\u0148u\u010d\u00ed, Turek hub\u00ed pijavice a dal\u0161\u00ed svinstvo \u010cesk\u00e9 televize\u201c je mistrovskou uk\u00e1zkou velk\u00e9ho z\u00e1palu. V p\u0159\u00edm\u00e9m p\u0159enosu 8. dubna 2026 p\u0159ed v\u00edce ne\u017e 10 600 div\u00e1ky Holec s naka\u017elivou energi\u00ed rozeb\u00edr\u00e1 odv\u00e1\u017en\u00e9 \u00fasporn\u00e9 kroky Fialovy vl\u00e1dy po volb\u00e1ch v roce 2021 \u2013 nyn\u00ed je\u0161t\u011b zes\u00edlen\u00e9 zm\u011bnami v roce 2025. Pro oby\u010dejn\u00e9 lidi po cel\u00e9m sv\u011bt\u011b, unaven\u00e9 pl\u00fdtv\u00e1n\u00edm da\u0148ov\u00fdch poplatn\u00edk\u016f a f\u0148uk\u00e1n\u00edm elit, je to politika jako thriller: hrdinov\u00e9 vy\u0159ez\u00e1vaj\u00edc\u00ed \u201epijavice\u201c z rozpo\u010dtu, padou\u0161i jako prezident Petr Pavel hraj\u00edc\u00ed si na v\u016fdce opozice a jasn\u00fd v\u00fdzva k odstran\u011bn\u00ed zaujatosti st\u00e1tn\u00edch m\u00e9di\u00ed.<\/p>\n\n\n\n<figure class=\"wp-block-image size-large\"><img fetchpriority=\"high\" decoding=\"async\" width=\"1024\" height=\"573\" src=\"https:\/\/gnews.cz\/wp-content\/uploads\/2026\/04\/holec04-1024x573.webp\" alt=\"Xaver Live\" class=\"wp-image-43694\" srcset=\"https:\/\/gnews.cz\/wp-content\/uploads\/2026\/04\/holec04-1024x573.webp 1024w, https:\/\/gnews.cz\/wp-content\/uploads\/2026\/04\/holec04-300x168.webp 300w, https:\/\/gnews.cz\/wp-content\/uploads\/2026\/04\/holec04-768x430.webp 768w, https:\/\/gnews.cz\/wp-content\/uploads\/2026\/04\/holec04-18x10.webp 18w, https:\/\/gnews.cz\/wp-content\/uploads\/2026\/04\/holec04-1170x655.webp 1170w, https:\/\/gnews.cz\/wp-content\/uploads\/2026\/04\/holec04-585x328.webp 585w, https:\/\/gnews.cz\/wp-content\/uploads\/2026\/04\/holec04.webp 1500w\" sizes=\"(max-width: 1024px) 100vw, 1024px\" \/><\/figure>\n\n\n\n<p>Petr Holec za\u010d\u00edn\u00e1 ostrou nar\u00e1\u017ekou na Petra Pavla, b\u00fdval\u00e9ho gener\u00e1la a sou\u010dasn\u00e9ho prezidenta, a posm\u00edv\u00e1 se jeho \u201ek\u0148u\u010den\u00ed\u201c kv\u016fli tomu, \u017ee nebyl pozv\u00e1n na summit NATO. \u201ePrezident Petr Pavel zle k\u0148u\u010d\u00ed. To nen\u00ed moje slovo, to je jeho obl\u00edben\u00e9 slovo,\u201c vtipkuje Holec a vychutn\u00e1v\u00e1 si zpr\u00e1vy z Pra\u017esk\u00e9ho hradu. Pavel, kter\u00fd je navzdory sv\u00e9 nez\u00e1vislosti pova\u017eov\u00e1n za levicov\u00e9ho, po\u017eaduje \u00fa\u010dast navzdory vetu ministra zahrani\u010d\u00ed Petra Macinky \u2013 \u00fastavn\u00ed protokol a\u0165 jde k \u010dertu. Holec bou\u0159\u00ed: \u201ePetr Pavel je l\u00edder opozice&#8230; prosazuje opozi\u010dn\u00ed program.\u201c B\u00fdval\u00ed prezidenti jako V\u00e1clav Klaus, Milo\u0161 Zeman a V\u00e1clav Havel se nikdy takto nest\u0159etli; Pavlovy hrozby \u017ealobami k \u00dastavn\u00edmu soudu (napln\u011bn\u00e9mu j\u00edm jmenovan\u00fdmi soudci) zav\u00e1n\u011bj\u00ed \u201e\u00fastavn\u00edm pu\u010distou\u201c. Div\u00e1ci j\u00e1saj\u00ed: \u201eMysl\u00edte si, \u017ee si ta ubulen\u00e1 l\u00edda vyvzdoruje na premi\u00e9rovi summit NATO?\u201c Holec p\u0159edpov\u00edd\u00e1, \u017ee Pavel bude pouh\u00fdm \u201efotografem\u201c na okraji d\u011bn\u00ed, a spojuje to se skand\u00e1ly, jako je zablokov\u00e1n\u00ed jmenov\u00e1n\u00ed Filipa Turka ministrem \u2013 nyn\u00ed je Turkova pomsta sladk\u00e1.<\/p>\n\n\n\n<figure class=\"wp-block-image size-large\"><img decoding=\"async\" width=\"1024\" height=\"574\" src=\"https:\/\/gnews.cz\/wp-content\/uploads\/2026\/04\/holec05-1024x574.webp\" alt=\"Xaver Live\" class=\"wp-image-43695\" srcset=\"https:\/\/gnews.cz\/wp-content\/uploads\/2026\/04\/holec05-1024x574.webp 1024w, https:\/\/gnews.cz\/wp-content\/uploads\/2026\/04\/holec05-300x168.webp 300w, https:\/\/gnews.cz\/wp-content\/uploads\/2026\/04\/holec05-768x431.webp 768w, https:\/\/gnews.cz\/wp-content\/uploads\/2026\/04\/holec05-18x10.webp 18w, https:\/\/gnews.cz\/wp-content\/uploads\/2026\/04\/holec05-1170x656.webp 1170w, https:\/\/gnews.cz\/wp-content\/uploads\/2026\/04\/holec05-585x328.webp 585w, https:\/\/gnews.cz\/wp-content\/uploads\/2026\/04\/holec05.webp 1500w\" sizes=\"(max-width: 1024px) 100vw, 1024px\" \/><\/figure>\n\n\n<div class=\"wp-block-image\">\n<figure class=\"aligncenter size-large\"><img decoding=\"async\" width=\"1024\" height=\"856\" src=\"https:\/\/gnews.cz\/wp-content\/uploads\/2026\/04\/holec07-1024x856.webp\" alt=\"Xaver Live\" class=\"wp-image-43693\" srcset=\"https:\/\/gnews.cz\/wp-content\/uploads\/2026\/04\/holec07-1024x856.webp 1024w, https:\/\/gnews.cz\/wp-content\/uploads\/2026\/04\/holec07-300x251.webp 300w, https:\/\/gnews.cz\/wp-content\/uploads\/2026\/04\/holec07-768x642.webp 768w, https:\/\/gnews.cz\/wp-content\/uploads\/2026\/04\/holec07-14x12.webp 14w, https:\/\/gnews.cz\/wp-content\/uploads\/2026\/04\/holec07-585x489.webp 585w, https:\/\/gnews.cz\/wp-content\/uploads\/2026\/04\/holec07.webp 1077w\" sizes=\"(max-width: 1024px) 100vw, 1024px\" \/><\/figure>\n<\/div>\n\n\n<p>Na sc\u00e9nu vstupuje hv\u011bzda: Filip Turek, t\u011b\u017ek\u00e1 v\u00e1ha Strany motorist\u016f a komisa\u0159 pro d\u00e1lnice, oslavovan\u00fd jako \u201edrs\u0148\u00e1k\u201c podobn\u011b jako slovensk\u00fd Robert Fico. Turek se pustil do honu na \u201epijavice\u201c a drasticky omezuje dotace parazitick\u00fdm subjekt\u016fm. Ministr kultury Otakar \u201eOtok\u201c Klemp\u00ed\u0159 propou\u0161t\u00ed \u0161\u00e9fa festivalu Pra\u017esk\u00e9 jaro Martina Baxu: \u201eKlemp\u00ed\u0159 odvolal Baxu&#8230; To se mi l\u00edb\u00ed!\u201c Turek v\u0161ak krade show, st\u00e1v\u00e1 se m\u00edstop\u0159edsedou St\u00e1tn\u00edho fondu \u017eivotn\u00edho prost\u0159ed\u00ed a omezuje financov\u00e1n\u00ed Hnut\u00ed Duha \u2013 ozna\u010dovan\u00e9ho za \u201eekoteroristy\u201c a lobbisty \u201edeep state\u201c napojen\u00e9 na George Sorose. \u201eU\u017e nedostanete ani korunu,\u201c tweetuje Turek a odhaluje fale\u0161n\u00e1 tvrzen\u00ed Duhy o \u201esoukrom\u00fdch d\u00e1rc\u00edch\u201c pomoc\u00ed diagram\u016f pr\u00e1vn\u00edka Roberta Koci\u00e1na: miliony z ministerstev prot\u00e9kaj\u00edc\u00ed p\u0159es smy\u010dky. Turek \u0161krt\u00e1 128,5 milionu K\u010d na ekologick\u00e9 konference GF9: \u201eDoporu\u010dil nechat \u0161krtnout&#8230; na konferenc\u00edch a trousit ty ekoprdy.\u201c Holec vybuchuje: \u201eMotoristi se pustili do rozkrejv\u00e1n\u00ed t\u011bhlet\u011bch chobotnic&#8230; Tohleto je rakovina politiky!\u201c Dokonce i \u00fa\u0159edn\u00edk Prahy 20 Jan Biderman vyhro\u017euje Turkovi kv\u016fli loajalit\u011b k&nbsp;Petru Pavlovi, co\u017e podtrhuje odpor elit.<\/p>\n\n\n\n<figure class=\"wp-block-image size-large\"><img loading=\"lazy\" decoding=\"async\" width=\"1024\" height=\"573\" src=\"https:\/\/gnews.cz\/wp-content\/uploads\/2026\/04\/holec01-1024x573.webp\" alt=\"Xaver Live\" class=\"wp-image-43685\" srcset=\"https:\/\/gnews.cz\/wp-content\/uploads\/2026\/04\/holec01-1024x573.webp 1024w, https:\/\/gnews.cz\/wp-content\/uploads\/2026\/04\/holec01-300x168.webp 300w, https:\/\/gnews.cz\/wp-content\/uploads\/2026\/04\/holec01-768x430.webp 768w, https:\/\/gnews.cz\/wp-content\/uploads\/2026\/04\/holec01-18x10.webp 18w, https:\/\/gnews.cz\/wp-content\/uploads\/2026\/04\/holec01-1170x655.webp 1170w, https:\/\/gnews.cz\/wp-content\/uploads\/2026\/04\/holec01-585x328.webp 585w, https:\/\/gnews.cz\/wp-content\/uploads\/2026\/04\/holec01.webp 1500w\" sizes=\"(max-width: 1024px) 100vw, 1024px\" \/><\/figure>\n\n\n\n<p>Demonstranti z hnut\u00ed \u201eN\u00e1rodn\u00ed kulturn\u00ed fronta\u201c volaj\u00ed po nezm\u011bn\u011bn\u00fdch rozpo\u010dtech, p\u0159esto\u017ee Babi\u0161ovo hnut\u00ed ANO hl\u00e1s\u00e1 \u00fasporn\u00e1 opat\u0159en\u00ed. Petr Holec odhaluje pokrytectv\u00ed: \u201eN\u00e1rodn\u00ed kulturn\u00ed fronta\u2026 kde se to v&nbsp;nich bere\u2026 mus\u00edme \u0161et\u0159it.\u201c Here\u010dka Dagmar Zlatohl\u00e1vkov\u00e1 propaguje j\u00edzdu na kole nam\u00edsto pou\u017e\u00edv\u00e1n\u00ed ropy; Holec j\u00ed odv\u011bt\u00ed: \u201eD\u00edky vlastn\u011b za here\u010dku Zlatohl\u00e1vkovou\u2026 Zkusili si aspo\u0148 jednou v \u017eivot\u011b vyd\u011blat si ty pen\u00edze sami?\u201c Soukrom\u00e1 divadla jako ostravsk\u00e9 Divadlo M\u00edr prosperuj\u00ed bez dotac\u00ed \u2013 d\u016fkaz, \u017ee um\u011bn\u00ed nepot\u0159ebuje \u201eciz\u00ed prachy\u201c (pen\u00edze jin\u00fdch).<\/p>\n\n\n\n<figure class=\"wp-block-image size-large\"><img loading=\"lazy\" decoding=\"async\" width=\"1024\" height=\"573\" src=\"https:\/\/gnews.cz\/wp-content\/uploads\/2026\/04\/holec02-1024x573.webp\" alt=\"Xaver Live\" class=\"wp-image-43686\" srcset=\"https:\/\/gnews.cz\/wp-content\/uploads\/2026\/04\/holec02-1024x573.webp 1024w, https:\/\/gnews.cz\/wp-content\/uploads\/2026\/04\/holec02-300x168.webp 300w, https:\/\/gnews.cz\/wp-content\/uploads\/2026\/04\/holec02-768x430.webp 768w, https:\/\/gnews.cz\/wp-content\/uploads\/2026\/04\/holec02-18x10.webp 18w, https:\/\/gnews.cz\/wp-content\/uploads\/2026\/04\/holec02-1170x655.webp 1170w, https:\/\/gnews.cz\/wp-content\/uploads\/2026\/04\/holec02-585x328.webp 585w, https:\/\/gnews.cz\/wp-content\/uploads\/2026\/04\/holec02.webp 1500w\" sizes=\"(max-width: 1024px) 100vw, 1024px\" \/><\/figure>\n\n\n\n<p>Klenot v korun\u011b? \u010cesk\u00e1 televize (\u010cT) a \u010cesk\u00fd rozhlas (\u010cRO), kritizovan\u00e9 jako \u201est\u00e1tn\u00ed televize\u201c, kter\u00e1 se vyd\u00e1v\u00e1 za nez\u00e1vislou. Petr Holec ost\u0159e kritizuje report\u00e1\u017e \u010cT ze z\u00e1pasu Sparta\u2013Pardubice a zmanipulovan\u00e9 debaty: jeden kritik (Ladislav Jakl) proti p\u0159edem vybran\u00fdm obh\u00e1jc\u016fm. Jakl to vystihl p\u0159esn\u011b: \u201eSvobodn\u00e9 um\u011bn\u00ed jako pr\u00e1vo na ciz\u00ed pen\u00edze&#8230; Nez\u00e1visl\u00e1 kultura&#8230; jsou stejn\u011b nez\u00e1visl\u00ed jako fe\u0165\u00e1k na sv\u00fd droze.\u201c Holec po\u017eaduje: \u201eM\u00e1me zru\u0161it \u010ceskou televizi&#8230; Poj\u010fme to ukon\u010dit.\u201c Zna\u010dku a archiv levn\u011b privatizovat \u2013 mega-studia nejsou pot\u0159eba. \u201eKoup\u00edte zna\u010dku&#8230; nepot\u0159ebujete mega are\u00e1l&#8230; koupili byste obsah, koupili byste n\u011bjak\u00fd person\u00e1l.\u201c Zam\u011bstnanci \u010cT l\u017eou o \u201etotalit\u011b\u201c ve financov\u00e1n\u00ed; Holec ozna\u010duje \u201ePou\u017e\u00edv\u00e1n\u00ed slova nez\u00e1visl\u00fd za trestn\u00e9.\u201c Skand\u00e1ly jako Tak\u00e1\u010d, \u0158ezn\u00ed\u010dek a mobilizace dokazuj\u00ed nenapravitelnost \u2013 stejn\u011b jako \u201erakovina slinivky\u201c (rakovina slinivky b\u0159i\u0161n\u00ed).<\/p>\n\n\n\n<figure class=\"wp-block-image size-large\"><img loading=\"lazy\" decoding=\"async\" width=\"1024\" height=\"573\" src=\"https:\/\/gnews.cz\/wp-content\/uploads\/2026\/04\/holec03-1024x573.webp\" alt=\"Xaver Live\" class=\"wp-image-43687\" srcset=\"https:\/\/gnews.cz\/wp-content\/uploads\/2026\/04\/holec03-1024x573.webp 1024w, https:\/\/gnews.cz\/wp-content\/uploads\/2026\/04\/holec03-300x168.webp 300w, https:\/\/gnews.cz\/wp-content\/uploads\/2026\/04\/holec03-768x430.webp 768w, https:\/\/gnews.cz\/wp-content\/uploads\/2026\/04\/holec03-18x10.webp 18w, https:\/\/gnews.cz\/wp-content\/uploads\/2026\/04\/holec03-1170x655.webp 1170w, https:\/\/gnews.cz\/wp-content\/uploads\/2026\/04\/holec03-585x328.webp 585w, https:\/\/gnews.cz\/wp-content\/uploads\/2026\/04\/holec03.webp 1500w\" sizes=\"(max-width: 1024px) 100vw, 1024px\" \/><\/figure>\n\n\n\n<p>Petr Holec, kter\u00fd h\u00e1j\u00ed vl\u00e1du po t\u0159ech m\u011bs\u00edc\u00edch u moci, vyz\u00fdv\u00e1 k trp\u011blivosti: \u201eM\u011bjte trp\u011blivost, nesu\u010fte ji podle t\u0159\u00ed m\u011bs\u00edc\u016f.\u201c Pavel Novotn\u00fd z ODS se vrac\u00ed po propu\u0161t\u011bn\u00ed z v\u011bzen\u00ed (\u201eZ v\u011bzen\u00ed do ODS\u201c), v Brn\u011b zu\u0159\u00ed razie kv\u016fli dotac\u00edm, ukrajin\u0161t\u00ed veter\u00e1ni p\u0159edstavuj\u00ed riziko (Fico p\u0159ed t\u00edm varoval u\u017e p\u0159ed lety). Komise pro dozimetry (Dr. Rajchl, Renata Veseck\u00e1) vy\u0161et\u0159uje chaos kolem bitcoin\u016f; odhaleny kryc\u00ed man\u00e9vry kolem st\u0159elby v Praze. Tweety opozice, jako ten od Jany \u2013 \u201eStrana se 7 % tu bude ur\u010dovat, kam m\u016f\u017ee cestovat prezident\u201c \u2013 odhaluj\u00ed \u201etotalitn\u00ed my\u0161len\u00ed\u201c. Holec se posm\u00edv\u00e1: \u201eDemokracie je jen to a plat\u00ed jen tehdy, kdy\u017e oni vyhraj\u00ed.\u201c<\/p>\n\n\n\n<p><\/p>\n\n\n\n<p><strong>gnews.cz \u2013 GH<\/strong><\/p>\n\n\n\n<p><\/p>\n\n\n\n<p>Na cel\u00e9 video se m\u016f\u017eete pod\u00edvat zde: <strong><a href=\"https:\/\/www.youtube.com\/watch?v=0pAd4ywZVnU\" target=\"_blank\" rel=\"noopener\" title=\"\">https:\/\/www.youtube.com\/watch?v=0pAd4ywZVnU<\/a><\/strong><\/p>\n\n\n\n<figure class=\"wp-block-image size-large\"><a href=\"https:\/\/www.youtube.com\/watch?v=0pAd4ywZVnU\" target=\"_blank\" rel=\" noreferrer noopener\"><img loading=\"lazy\" decoding=\"async\" width=\"1024\" height=\"573\" src=\"https:\/\/gnews.cz\/wp-content\/uploads\/2026\/04\/holec0-1024x573.webp\" alt=\"\" class=\"wp-image-43356\" srcset=\"https:\/\/gnews.cz\/wp-content\/uploads\/2026\/04\/holec0-1024x573.webp 1024w, https:\/\/gnews.cz\/wp-content\/uploads\/2026\/04\/holec0-300x168.webp 300w, https:\/\/gnews.cz\/wp-content\/uploads\/2026\/04\/holec0-768x430.webp 768w, https:\/\/gnews.cz\/wp-content\/uploads\/2026\/04\/holec0-18x10.webp 18w, https:\/\/gnews.cz\/wp-content\/uploads\/2026\/04\/holec0-1170x654.webp 1170w, https:\/\/gnews.cz\/wp-content\/uploads\/2026\/04\/holec0-585x327.webp 585w, https:\/\/gnews.cz\/wp-content\/uploads\/2026\/04\/holec0.webp 1500w\" sizes=\"(max-width: 1024px) 100vw, 1024px\" \/><\/a><\/figure>\n","protected":false},"excerpt":{"rendered":"<p>Objevte v\u00fdbu\u0161n\u00e9 \u010desk\u00e9 politick\u00e9 drama, v n\u011bm\u017e prezident Petr Pavel f\u0148uk\u00e1 nad p\u0159ehl\u00ed\u017een\u00edm ze strany NATO, Filip Turek vy\u0159azuje \u201epijavice\u201c z \u0159ad&hellip;<\/p>\n","protected":false},"author":3,"featured_media":43350,"comment_status":"open","ping_status":"closed","sticky":false,"template":"","format":"standard","meta":{"_acf_changed":false,"_lmt_disableupdate":"","_lmt_disable":"","footnotes":""},"categories":[2968,3,7,658,2],"tags":[8189,45,6807,3953,3480,1939,12543,12546,958,12547,1537,12544,74,56,419,12151,1145,151,44,71,12545,17,8547,92,12152],"class_list":["post-43683","post","type-post","status-publish","format-standard","has-post-thumbnail","hentry","category-domaci","category-neprehlednete","category-politika","category-prectete-si","category-rozhovory","tag-ceska-politika","tag-cr","tag-ceska-televize","tag-cesky-rozhlas","tag-demokracie","tag-dotace","tag-dotace-na-kulturu","tag-ekoteroriste","tag-filip-turek","tag-fiskalni-skrty","tag-george-soros","tag-hnuti-duha","tag-kultura","tag-nato","tag-petr-fiala","tag-petr-holec","tag-petr-macinka","tag-petr-pavel","tag-politika","tag-prezident","tag-privatizace-ceske-televize","tag-top","tag-top-2","tag-vlada","tag-xaver-live"],"acf":[],"aioseo_notices":[],"_links":{"self":[{"href":"https:\/\/gnews.cz\/cs_cz\/wp-json\/wp\/v2\/posts\/43683","targetHints":{"allow":["GET"]}}],"collection":[{"href":"https:\/\/gnews.cz\/cs_cz\/wp-json\/wp\/v2\/posts"}],"about":[{"href":"https:\/\/gnews.cz\/cs_cz\/wp-json\/wp\/v2\/types\/post"}],"author":[{"embeddable":true,"href":"https:\/\/gnews.cz\/cs_cz\/wp-json\/wp\/v2\/users\/3"}],"replies":[{"embeddable":true,"href":"https:\/\/gnews.cz\/cs_cz\/wp-json\/wp\/v2\/comments?post=43683"}],"version-history":[{"count":1,"href":"https:\/\/gnews.cz\/cs_cz\/wp-json\/wp\/v2\/posts\/43683\/revisions"}],"predecessor-version":[{"id":43696,"href":"https:\/\/gnews.cz\/cs_cz\/wp-json\/wp\/v2\/posts\/43683\/revisions\/43696"}],"wp:featuredmedia":[{"embeddable":true,"href":"https:\/\/gnews.cz\/cs_cz\/wp-json\/wp\/v2\/media\/43350"}],"wp:attachment":[{"href":"https:\/\/gnews.cz\/cs_cz\/wp-json\/wp\/v2\/media?parent=43683"}],"wp:term":[{"taxonomy":"category","embeddable":true,"href":"https:\/\/gnews.cz\/cs_cz\/wp-json\/wp\/v2\/categories?post=43683"},{"taxonomy":"post_tag","embeddable":true,"href":"https:\/\/gnews.cz\/cs_cz\/wp-json\/wp\/v2\/tags?post=43683"}],"curies":[{"name":"wp","href":"https:\/\/api.w.org\/{rel}","templated":true}]}}