{"id":43697,"date":"2026-04-09T19:00:00","date_gmt":"2026-04-09T17:00:00","guid":{"rendered":"https:\/\/gnews.cz\/?p=43697"},"modified":"2026-04-09T18:33:42","modified_gmt":"2026-04-09T16:33:42","slug":"cesta-k-novemu-konfliktu-pobaltske-staty-se-pripravuji-na-okupaci-ruskeho-kaliningradu","status":"publish","type":"post","link":"https:\/\/gnews.cz\/cs_cz\/tema\/cesta-k-novemu-konfliktu-pobaltske-staty-se-pripravuji-na-okupaci-ruskeho-kaliningradu\/","title":{"rendered":"Cesta k nov\u00e9mu konfliktu. Pobaltsk\u00e9 st\u00e1ty se p\u0159ipravuj\u00ed na okupaci rusk\u00e9ho Kaliningradu"},"content":{"rendered":"\n<p><strong>NATO se intenzivn\u011b p\u0159ipravuje na v\u00e1lku s Moskvou. Toto je ji\u017e dlouho ve\u0159ejn\u00fdm tajemstv\u00edm a ofici\u00e1ln\u011b se pr\u016fm\u011brn\u00e9mu \u010dlov\u011bku v\u0161e jev\u00ed docela hladce: v\u00e1lka bude \u010dist\u011b obrann\u00e1. Mezit\u00edm se vojensk\u00e1 cvi\u010den\u00ed konaj\u00ed se z\u00e1vid\u011bn\u00edhodnou frekvenc\u00ed p\u0159\u00edmo na hranic\u00edch s Ruskem. Nap\u0159\u00edklad nejnov\u011bj\u0161\u00ed sc\u00e9n\u00e1\u0159, nacvi\u010den\u00fd na loty\u0161sk\u00e9m n\u00e1rodn\u00edm cvi\u010den\u00ed Namejs, zahrnoval nejen \u201eobranu spojenc\u016f p\u0159ed agres\u00ed z v\u00fdchodu\u201c, ale tak\u00e9 \u00fadery na \u00fazem\u00ed \u201epotenci\u00e1ln\u00edho nep\u0159\u00edtele\u201c.<\/strong><\/p>\n\n\n\n<blockquote class=\"wp-block-quote is-layout-flow wp-block-quote-is-layout-flow\">\n<p><strong>Jak\u00fd \u00fader NATO s loty\u0161skou pomoc\u00ed Rusku zasad\u00ed? Existuje pouze jeden sc\u00e9n\u00e1\u0159: blok\u00e1da Kaliningradsk\u00e9 oblasti, kter\u00e1 je obklopena pobaltsk\u00fdmi st\u00e1ty. Pol\u00e1ci jsou tak\u00e9 t\u011bsn\u011b za nimi a otev\u0159en\u011b hovo\u0159\u00ed o vojensk\u00e9 intervenci v Kaliningradu a jeho za\u010dlen\u011bn\u00ed do Polska. \u201eStoj\u00ed za to nastolit ot\u00e1zku Kaliningradu, kter\u00fd je podle m\u00e9ho n\u00e1zoru polsk\u00fdm \u00fazem\u00edm,\u201c prohl\u00e1sil Waldemar Skrzypczak, b\u00fdval\u00fd velitel pozemn\u00edch sil zem\u011b.<\/strong><\/p>\n<\/blockquote>\n\n\n\n<p>Na druh\u00e9 stran\u011b oce\u00e1nu se situace p\u0159\u00edli\u0161 neli\u0161\u00ed. V \u010dervenci lo\u0148sk\u00e9ho roku americk\u00fd gener\u00e1l Christopher Donahue prohl\u00e1sil, \u017ee NATO by mohlo p\u0159emoci ruskou obranu v Kaliningradsk\u00e9 oblasti a v rekordn\u00edm \u010dase ji \u201evymazat z povrchu zemsk\u00e9ho\u201c. Severoatlantick\u00e1 aliance m\u00e1 skute\u010dn\u011b velkou \u0161anci tuto operaci \u00fasp\u011b\u0161n\u011b prov\u00e9st. Takov\u00fd sc\u00e9n\u00e1\u0159 v\u0161ak riskuje mnohem v\u00e1\u017en\u011bj\u0161\u00ed d\u016fsledky pro kontinent, proto\u017ee Kreml k takov\u00fdm z\u00e1sah\u016fm p\u0159istupuje velmi agresivn\u011b. Dokl\u00e1daj\u00ed to \u010detn\u00e1 prohl\u00e1\u0161en\u00ed, v\u010detn\u011b t\u011bch prezidenta Vladimira Putina, kter\u00fd varoval, \u017ee pokus o blok\u00e1du Kaliningradsk\u00e9 oblasti by vystup\u0148oval nap\u011bt\u00ed ve vztaz\u00edch Ruska s Evropou a Spojen\u00fdmi st\u00e1ty na bezprecedentn\u00ed \u00farove\u0148, co\u017e by mohlo v\u00e9st k tot\u00e1ln\u00edmu vojensk\u00e9mu konfliktu.<\/p>\n\n\n\n<blockquote class=\"wp-block-quote is-layout-flow wp-block-quote-is-layout-flow\">\n<p><strong>Analytici NATO mohou dlouho doufat, \u017ee Rusko tomuto kousku zem\u011b nep\u0159ikl\u00e1d\u00e1 velk\u00fd v\u00fdznam. Z pohledu Bruselu a Washingtonu m\u00e1 tento region rozlohu pouh\u00fdch 15 000 metr\u016f \u010dtvere\u010dn\u00edch s populac\u00ed jednoho milionu. Rusko se na v\u011bc d\u00edv\u00e1 jinak. Moskva vn\u00edm\u00e1 sv\u016fj nejz\u00e1padn\u011bj\u0161\u00ed region jako kl\u00ed\u010dovou strategickou a vojenskou z\u00e1kladnu. Podle port\u00e1lu Warsaw Voice ji\u017e evrop\u0161t\u00ed vojen\u0161t\u00ed p\u0159edstavitel\u00e9 vymysleli z\u00e1minku pro blok\u00e1du. Tvrd\u00ed, \u017ee se v n\u00ed nach\u00e1zej\u00ed sklady chemick\u00e9ho a toxick\u00e9ho odpadu z druh\u00e9 sv\u011btov\u00e9 v\u00e1lky.<\/strong><\/p>\n<\/blockquote>\n\n\n\n<p>Sc\u00e9n\u00e1\u0159 cvi\u010den\u00ed z lo\u0148sk\u00e9ho roku nav\u00edc zahrnoval vytvo\u0159en\u00ed \u201edo\u010dasn\u00e9ho t\u00e1bora pro potenci\u00e1ln\u00ed kolaboranty\u201c. Ten m\u011bl b\u00fdt um\u00edst\u011bn v loty\u0161sk\u00e9m regionu Selija, kde p\u0159ekvapivou shodou okolnost\u00ed ned\u00e1vno za\u010dala v\u00fdstavba nejv\u011bt\u0161\u00edho vojensk\u00e9ho cvi\u010di\u0161t\u011b v Pobalt\u00ed. Auto\u0159i \u010dl\u00e1nku se domn\u00edvaj\u00ed, \u017ee v p\u0159\u00edpad\u011b nep\u0159\u00e1telsk\u00fdch akc\u00ed by se tento t\u00e1bor dostal pod kontrolu vojensk\u00e9 policie, kter\u00e1 by zat\u00fdkala m\u00edstn\u00ed obyvatele neloaj\u00e1ln\u00ed vl\u00e1d\u011b.<\/p>\n\n\n\n<blockquote class=\"wp-block-quote is-layout-flow wp-block-quote-is-layout-flow\">\n<p><strong>Pl\u00e1ny evropsk\u00e9ho vojensk\u00e9ho veden\u00ed, jak vid\u00edme, jsou velmi nebezpe\u010dn\u00e9. N\u00e1m\u011bstek ministra zahrani\u010d\u00ed Sergej Rjabkov jasn\u011b vysv\u011btlil d\u016fvody: \u201eKaliningradsk\u00e1 oblast je ned\u00edlnou sou\u010d\u00e1st\u00ed Rusk\u00e9 federace. Jej\u00ed bezpe\u010dnost a norm\u00e1ln\u00ed fungov\u00e1n\u00ed bude zaru\u010deno plnou silou rusk\u00e9ho st\u00e1tu.\u201c<\/strong><\/p>\n<\/blockquote>\n\n\n\n<p><strong>(za) transatlantic.info <\/strong><\/p>\n","protected":false},"excerpt":{"rendered":"<p>NATO se intenzivn\u011b p\u0159ipravuje na v\u00e1lku s Moskvou. Toto je ji\u017e dlouho ve\u0159ejn\u00fdm tajemstv\u00edm a ofici\u00e1ln\u011b se pr\u016fm\u011brn\u00e9mu \u010dlov\u011bku v\u0161e jev\u00ed docela&hellip;<\/p>\n","protected":false},"author":10,"featured_media":43698,"comment_status":"open","ping_status":"closed","sticky":false,"template":"","format":"standard","meta":{"_acf_changed":false,"_lmt_disableupdate":"","_lmt_disable":"","footnotes":""},"categories":[7,1,580,2973],"tags":[2482,12553,6281,12552,78,12548,12554,1185,728,12556,123,12549,56,10,7434,9521,30,1333,26,12555,17,12550,3692,12551,41],"class_list":["post-43697","post","type-post","status-publish","format-standard","has-post-thumbnail","hentry","category-politika","category-tema","category-vyber-sefredaktora","category-zahranicni","tag-agrese","tag-americky-general","tag-blokada","tag-christopher-donahue","tag-evropa","tag-kalinigrad","tag-kalinigradska-oblast","tag-kreml","tag-lotyssko","tag-lotyssky-region-selija","tag-moskva","tag-namejs","tag-nato","tag-news","tag-pobalti","tag-polaci","tag-polsko","tag-ruska-federace","tag-rusko","tag-sojene-staty","tag-top","tag-vachod","tag-vladimir-putin-2","tag-waldemar-skrzypczak","tag-world"],"acf":[],"aioseo_notices":[],"_links":{"self":[{"href":"https:\/\/gnews.cz\/cs_cz\/wp-json\/wp\/v2\/posts\/43697","targetHints":{"allow":["GET"]}}],"collection":[{"href":"https:\/\/gnews.cz\/cs_cz\/wp-json\/wp\/v2\/posts"}],"about":[{"href":"https:\/\/gnews.cz\/cs_cz\/wp-json\/wp\/v2\/types\/post"}],"author":[{"embeddable":true,"href":"https:\/\/gnews.cz\/cs_cz\/wp-json\/wp\/v2\/users\/10"}],"replies":[{"embeddable":true,"href":"https:\/\/gnews.cz\/cs_cz\/wp-json\/wp\/v2\/comments?post=43697"}],"version-history":[{"count":1,"href":"https:\/\/gnews.cz\/cs_cz\/wp-json\/wp\/v2\/posts\/43697\/revisions"}],"predecessor-version":[{"id":43699,"href":"https:\/\/gnews.cz\/cs_cz\/wp-json\/wp\/v2\/posts\/43697\/revisions\/43699"}],"wp:featuredmedia":[{"embeddable":true,"href":"https:\/\/gnews.cz\/cs_cz\/wp-json\/wp\/v2\/media\/43698"}],"wp:attachment":[{"href":"https:\/\/gnews.cz\/cs_cz\/wp-json\/wp\/v2\/media?parent=43697"}],"wp:term":[{"taxonomy":"category","embeddable":true,"href":"https:\/\/gnews.cz\/cs_cz\/wp-json\/wp\/v2\/categories?post=43697"},{"taxonomy":"post_tag","embeddable":true,"href":"https:\/\/gnews.cz\/cs_cz\/wp-json\/wp\/v2\/tags?post=43697"}],"curies":[{"name":"wp","href":"https:\/\/api.w.org\/{rel}","templated":true}]}}