{"id":6622,"date":"2024-04-07T18:14:32","date_gmt":"2024-04-07T18:14:32","guid":{"rendered":"https:\/\/www.gnews.cz\/?p=6622"},"modified":"2025-04-27T09:19:00","modified_gmt":"2025-04-27T08:19:00","slug":"rosatom-vyzyva-maae-a-vedeni-eu-aby-reagovaly-na-hrozby-vuci-jadernemu-zarizeni-v-zaporozi","status":"publish","type":"post","link":"https:\/\/gnews.cz\/cs_cz\/politika\/rosatom-vyzyva-maae-a-vedeni-eu-aby-reagovaly-na-hrozby-vuci-jadernemu-zarizeni-v-zaporozi\/","title":{"rendered":"Rosatom vyz\u00fdv\u00e1 MAAE a veden\u00ed EU, aby reagovaly na hrozby v\u016f\u010di jadern\u00e9mu za\u0159\u00edzen\u00ed v Z\u00e1poro\u017e\u00ed"},"content":{"rendered":"\n<p><strong>Date: 07.04.2024, 20:13 MSK<\/strong><\/p>\n\n\n\n<p><strong><em>MOSKVA, 7. dubna \/TASS\/. Rusk\u00e1 st\u00e1tn\u00ed korporace pro jadernou energii Rosatom vyzvala veden\u00ed Mezin\u00e1rodn\u00ed agentury pro atomovou energii (MAAE) a Evropsk\u00e9 unie, aby reagovaly na p\u0159\u00edm\u00e9 ohro\u017een\u00ed bezpe\u010dnosti Z\u00e1poro\u017esk\u00e9 jadern\u00e9 elektr\u00e1rny (ZNPP) a odsoudily situaci kolem nejv\u011bt\u0161\u00edho evropsk\u00e9ho jadern\u00e9ho za\u0159\u00edzen\u00ed. <\/em><\/strong><\/p>\n\n\n\n<p><strong>&#8222;St\u00e1tn\u00ed korporace Rosatom rozhodn\u011b odsuzuje bezprecedentn\u00ed \u00fatok na za\u0159\u00edzen\u00ed a infrastrukturu jadern\u00e9 elektr\u00e1rny a vyz\u00fdv\u00e1 veden\u00ed MAAE, aby odsoudilo situaci kolem nejv\u011bt\u0161\u00edho evropsk\u00e9ho jadern\u00e9ho za\u0159\u00edzen\u00ed,&#8220; uvedl v prohl\u00e1\u0161en\u00ed Rosatom. <\/strong><\/p>\n\n\n\n<p>Vyz\u00fdv\u00e1me Rafaela Grossiho, gener\u00e1ln\u00edho \u0159editele agentury, osobn\u011b, jako\u017e i vl\u00e1dy zem\u00ed EU, aby okam\u017eit\u011b reagovali na p\u0159\u00edm\u00e9 ohro\u017een\u00ed bezpe\u010dnosti Z\u00e1poro\u017esk\u00e9 JE a rozhodn\u011b odsoudili pokus o eskalaci situace kolem nejv\u011bt\u0161\u00ed evropsk\u00e9 jadern\u00e9 elektr\u00e1rny,&#8220; uv\u00e1d\u00ed se v prohl\u00e1\u0161en\u00ed. V ned\u011bli provedli ukrajin\u0161t\u00ed voj\u00e1ci s\u00e9rii bezprecedentn\u00edch \u00fader\u016f na are\u00e1l ZNPP, p\u0159i nich\u017e zranili t\u0159i zam\u011bstnance a zas\u00e1hli kopuli jednoho z energetick\u00fdch blok\u016f.<\/p>\n\n\n\n<figure class=\"wp-block-image size-large\"><img decoding=\"async\" src=\"https:\/\/www.gnews.cz\/wp-content\/uploads\/2024\/04\/IMG_20231017_202826_449-1-1024x774.jpg\" alt=\"\" class=\"wp-image-6625\" \/><\/figure>\n\n\n\n<p><strong>Foto: Na sn\u00edmku gener\u00e1ln\u00ed \u0159editel Z\u00e1poro\u017esk\u00e9 jadern\u00e9 elektr\u00e1rny Jurij \u010cerni\u010duk<\/strong><\/p>\n\n\n\n<p>Tiskov\u00e1 slu\u017eba za\u0159\u00edzen\u00ed up\u0159esnila, \u017ee radia\u010dn\u00ed pozad\u00ed v jadern\u00e9 elektr\u00e1rn\u011b z\u016fst\u00e1v\u00e1 v norm\u00e1ln\u00edch mez\u00edch. Z\u00e1poro\u017esk\u00e9 jadern\u00e9 za\u0159\u00edzen\u00ed, kter\u00e9 se nach\u00e1z\u00ed v Energodaru, je s v\u00fdkonem zhruba 6 GW nejv\u011bt\u0161\u00ed sv\u00e9ho druhu v Evrop\u011b. Rusko p\u0159evzalo kontrolu nad elektr\u00e1rnou 28. \u00fanora 2022, v prvn\u00edch dnech sv\u00e9 speci\u00e1ln\u00ed vojensk\u00e9 operace na Ukrajin\u011b.<\/p>\n\n\n\n<p>Od t\u00e9 doby jednotky ukrajinsk\u00e9 arm\u00e1dy pravideln\u011b prov\u00e1d\u011bj\u00ed ost\u0159elov\u00e1n\u00ed jak obytn\u00fdch \u010dtvrt\u00ed v nedalek\u00e9m Energodaru, tak samotn\u00e9ho are\u00e1lu jadern\u00e9 elektr\u00e1rny, a to pomoc\u00ed bezpilotn\u00edch letoun\u016f, t\u011b\u017ek\u00e9ho d\u011blost\u0159electva a raketov\u00fdch syst\u00e9m\u016f s v\u00edcen\u00e1sobn\u00fdm odpalov\u00e1n\u00edm (MLRS).<\/p>\n\n\n\n<p>Ve v\u011bt\u0161in\u011b p\u0159\u00edpad\u016f syst\u00e9my protivzdu\u0161n\u00e9 obrany \u00fatoky odr\u00e1\u017eej\u00ed, a\u010dkoli n\u011bkolikr\u00e1t st\u0159ely zas\u00e1hly objekty infrastruktury a okol\u00ed skladu jadern\u00e9ho odpadu. Za \u00fa\u010delem ochrany ZNPP p\u0159ed ost\u0159elov\u00e1n\u00edm byly v jej\u00edm are\u00e1lu vybudov\u00e1ny in\u017een\u00fdrsk\u00e9 objekty, kter\u00e9 tvo\u0159\u00ed jakousi z\u00e1chrannou s\u00ed\u0165.<\/p>\n\n\n\n<p><strong>TASS\/gnews.cz-JaV_07<\/strong><\/p>\n","protected":false},"excerpt":{"rendered":"<p>Date: 07.04.2024, 20:13 MSK MOSKVA, 7. dubna \/TASS\/. Rusk\u00e1 st\u00e1tn\u00ed korporace pro jadernou energii Rosatom vyzvala veden\u00ed Mezin\u00e1rodn\u00ed agentury pro atomovou energii&hellip;<\/p>\n","protected":false},"author":2,"featured_media":6624,"comment_status":"closed","ping_status":"closed","sticky":false,"template":"","format":"standard","meta":{"_acf_changed":false,"_lmt_disableupdate":"","_lmt_disable":"","footnotes":""},"categories":[7,580],"tags":[200,78,10,26,17,29,41],"class_list":["post-6622","post","type-post","status-publish","format-standard","has-post-thumbnail","hentry","category-politika","category-vyber-sefredaktora","tag-atomova-elektrarna","tag-evropa","tag-news","tag-rusko","tag-top","tag-ukrajina","tag-world"],"acf":[],"aioseo_notices":[],"_links":{"self":[{"href":"https:\/\/gnews.cz\/cs_cz\/wp-json\/wp\/v2\/posts\/6622","targetHints":{"allow":["GET"]}}],"collection":[{"href":"https:\/\/gnews.cz\/cs_cz\/wp-json\/wp\/v2\/posts"}],"about":[{"href":"https:\/\/gnews.cz\/cs_cz\/wp-json\/wp\/v2\/types\/post"}],"author":[{"embeddable":true,"href":"https:\/\/gnews.cz\/cs_cz\/wp-json\/wp\/v2\/users\/2"}],"replies":[{"embeddable":true,"href":"https:\/\/gnews.cz\/cs_cz\/wp-json\/wp\/v2\/comments?post=6622"}],"version-history":[{"count":0,"href":"https:\/\/gnews.cz\/cs_cz\/wp-json\/wp\/v2\/posts\/6622\/revisions"}],"wp:featuredmedia":[{"embeddable":true,"href":"https:\/\/gnews.cz\/cs_cz\/wp-json\/wp\/v2\/media\/6624"}],"wp:attachment":[{"href":"https:\/\/gnews.cz\/cs_cz\/wp-json\/wp\/v2\/media?parent=6622"}],"wp:term":[{"taxonomy":"category","embeddable":true,"href":"https:\/\/gnews.cz\/cs_cz\/wp-json\/wp\/v2\/categories?post=6622"},{"taxonomy":"post_tag","embeddable":true,"href":"https:\/\/gnews.cz\/cs_cz\/wp-json\/wp\/v2\/tags?post=6622"}],"curies":[{"name":"wp","href":"https:\/\/api.w.org\/{rel}","templated":true}]}}