{"id":19128,"date":"2025-01-04T18:12:00","date_gmt":"2025-01-04T17:12:00","guid":{"rendered":"https:\/\/www.gnews.cz\/?p=19128"},"modified":"2025-01-28T17:51:42","modified_gmt":"2025-01-28T16:51:42","slug":"vergessen-sie-nicht-die-fuhrung-mit-der-kuratorin-veronika-hulikova-in-der-nationalgalerie-in-prag-am-18-januar","status":"publish","type":"post","link":"https:\/\/gnews.cz\/de\/kultura\/nezapomente-na-komentovanou-prohlidku-s-kuratorkou-veronikou-hulikovou-v-narodni-galerii-praha-ve-veletrznim-palaci-18-ledna\/","title":{"rendered":"Vergessen Sie nicht die F\u00fchrung mit der Kuratorin Veronika Hul\u00edkov\u00e1 in der Nationalgalerie Prag im Veletr\u017en\u00ed pal\u00e1c am 18. Januar"},"content":{"rendered":"<p>F\u00fchrung mit der Ausstellungskuratorin Veronika Hul\u00edkov\u00e1, Direktorin der Sammlung der Kunst des 19. Jahrhunderts und der Klassischen Moderne. Gemeinsam mit der Autorin der Ausstellung werden wir die Darstellung von Stadtteilen und Orten in Prag 7 wie Letn\u00e1, Bubene\u010d, Hole\u0161ovice, Stromovka vom Beginn des 19. Jahrhunderts bis zur Gruppe 42 betrachten. Die Ausstellung ist Teil der Ausstellung 1796-1918.<\/p>\n\n\n\n<p><strong><em>Preis<\/em><\/strong><em>80 \/ 50 CZK f\u00fcr Studenten, Senioren und Mitglieder des NGP Friends Club \/&nbsp;<strong>Dauer:&nbsp;<\/strong>ca. 45 min. \/&nbsp;<strong>Ort der Begegnung:&nbsp;<\/strong>an der Kasse des Messepalastes \/&nbsp;<strong>Reservierungen&nbsp;<\/strong>bei GoOut<br>Er\u00f6ffnungsst\u00fcck: Viktor Barvitius, Donnerstag in Stromovka, 1865, Nationalgalerie in Prag<\/em><\/p>\n\n\n\n<p><strong>Art des Programms:&nbsp;<\/strong>Wir sprechen \u00fcber Kunst<\/p>\n\n\n\n<p><a href=\"https:\/\/www.ngprague.cz\/udalost\/4262\/praha-7-ve-sbirkach-ngp-s-kuratorkou-veronikou-hulikovou\/7610\">18\/1 2025<\/a><\/p>\n\n\n\n<p>16.00-16.45<br>(45 min.)<\/p>\n\n\n\n<p><a href=\"https:\/\/www.ngprague.cz\/o-nas\/budovy\/veletrzni-palac\">Messe-Palast<\/a><\/p>\n\n\n\n<p><strong>Dienstag-Sonntag:<\/strong><br>10:00-18:00<\/p>\n\n\n\n<p><a href=\"https:\/\/www.ngprague.cz\/udalost\/4262\/praha-7-ve-sbirkach-ngp-s-kuratorkou-veronikou-hulikovou\/7610\/vstupenky\">TICKETS<\/a><\/p>\n\n\n\n<p><strong><a href=\"https:\/\/www.ngprague.cz\/udalost\/4262\/praha-7-ve-sbirkach-ngp-s-kuratorkou-veronikou-hulikovou\" title=\"\">ngprague.cz<\/a> \/ gnews.cz-jav<\/strong><\/p>","protected":false},"excerpt":{"rendered":"<p>F\u00fchrung mit der Ausstellungskuratorin Veronika Hul\u00edkov\u00e1, Direktorin der Sammlung der Kunst des 19. Jahrhunderts und der Klassischen Moderne. Gemeinsam mit der Autorin der Ausstellung werfen wir einen Blick auf...<\/p>","protected":false},"author":2,"featured_media":19129,"comment_status":"open","ping_status":"open","sticky":false,"template":"","format":"standard","meta":{"_acf_changed":false,"_lmt_disableupdate":"","_lmt_disable":"","footnotes":""},"categories":[6],"tags":[45,78,2232,268,10,17,2231,2230,270,41],"class_list":["post-19128","post","type-post","status-publish","format-standard","has-post-thumbnail","hentry","category-kultura","tag-cr","tag-evropa","tag-klasicka-moderna","tag-narodni-galerie-praha","tag-news","tag-top","tag-veletrzni-palac","tag-veronika-hulikova","tag-vystava","tag-world"],"acf":[],"aioseo_notices":[],"_links":{"self":[{"href":"https:\/\/gnews.cz\/de\/wp-json\/wp\/v2\/posts\/19128","targetHints":{"allow":["GET"]}}],"collection":[{"href":"https:\/\/gnews.cz\/de\/wp-json\/wp\/v2\/posts"}],"about":[{"href":"https:\/\/gnews.cz\/de\/wp-json\/wp\/v2\/types\/post"}],"author":[{"embeddable":true,"href":"https:\/\/gnews.cz\/de\/wp-json\/wp\/v2\/users\/2"}],"replies":[{"embeddable":true,"href":"https:\/\/gnews.cz\/de\/wp-json\/wp\/v2\/comments?post=19128"}],"version-history":[{"count":0,"href":"https:\/\/gnews.cz\/de\/wp-json\/wp\/v2\/posts\/19128\/revisions"}],"wp:featuredmedia":[{"embeddable":true,"href":"https:\/\/gnews.cz\/de\/wp-json\/wp\/v2\/media\/19129"}],"wp:attachment":[{"href":"https:\/\/gnews.cz\/de\/wp-json\/wp\/v2\/media?parent=19128"}],"wp:term":[{"taxonomy":"category","embeddable":true,"href":"https:\/\/gnews.cz\/de\/wp-json\/wp\/v2\/categories?post=19128"},{"taxonomy":"post_tag","embeddable":true,"href":"https:\/\/gnews.cz\/de\/wp-json\/wp\/v2\/tags?post=19128"}],"curies":[{"name":"wp","href":"https:\/\/api.w.org\/{rel}","templated":true}]}}