{"id":20781,"date":"2025-01-30T19:42:07","date_gmt":"2025-01-30T18:42:07","guid":{"rendered":"https:\/\/www.gnews.cz\/?p=20781"},"modified":"2025-02-11T16:40:20","modified_gmt":"2025-02-11T15:40:20","slug":"amedeo-modigliani-der-rebell-und-das-genie-seine-gemalde-waren-vor-hundert-jahren-ein-aufstand-in-paris-heute-werden-sie-fur-millionen-verkauft","status":"publish","type":"post","link":"https:\/\/gnews.cz\/de\/kultura\/amedeo-modigliani-rebel-a-genius-jeho-obrazy-pred-sto-lety-sokovaly-pariz-dnes-se-prodavaji-za-miliony\/","title":{"rendered":"Amedeo Modigliani - Rebell und Genie. Seine Gem\u00e4lde schockierten Paris vor hundert Jahren, heute werden sie f\u00fcr Millionen verkauft"},"content":{"rendered":"<p><em>\"Was ich suche, ist weder real noch irreal, sondern das Unbewusste, das Geheimnis des Instinktiven im Menschen.\"<\/em><\/p>\n\n\n\n<p>Zu Lebzeiten tauschte er seine Zeichnungen gegen einen Teller Essen und ein Glas Wein ein; heute sind seine Gem\u00e4lde Millionen wert. Im Jahr 2018 wird das Gem\u00e4lde <em>Liegender Akt (auf der linken Seite)<\/em> wurde f\u00fcr 157,2 Millionen Dollar versteigert; drei Jahre zuvor hatte ein anderer Sammler seine <em>Liegender Akt<\/em> f\u00fcr bis zu 170,4 Millionen Dollar. Insgesamt hinterlie\u00df Modigliani rund 350 Gem\u00e4lde und 25 Skulpturen sowie zahlreiche Zeichnungen. Ihre hohen Preise f\u00fchrten zur Herstellung zahlreicher F\u00e4lschungen.<\/p>\n\n\n\n<figure class=\"wp-block-gallery has-nested-images columns-default is-cropped wp-block-gallery-1 is-layout-flex wp-block-gallery-is-layout-flex\">\n<figure class=\"wp-block-image size-large\"><img decoding=\"async\" data-id=\"20787\" src=\"https:\/\/www.gnews.cz\/wp-content\/uploads\/2025\/01\/Amedeo_Modigliani_akt-wikipedie-1024x670.jpg\" alt=\"\" class=\"wp-image-20787\"\/><\/figure>\n\n\n\n<figure class=\"wp-block-image size-large\"><img decoding=\"async\" data-id=\"20786\" src=\"https:\/\/www.gnews.cz\/wp-content\/uploads\/2025\/01\/Amedeo_Modigliani_akt-lezici-wikipedie-1024x625.jpg\" alt=\"\" class=\"wp-image-20786\"\/><\/figure>\n<\/figure>\n\n\n\n<p><\/p>\n\n\n\n<p>Italienischer Maler und Bildhauer <strong>Amedeo Clemente Modigliani<\/strong> wurde am 12. Juli 1884 in Livorno (Toskana) als j\u00fcngstes der vier Kinder von Flaminio und Eugenia Modigliani geboren. Beide Eltern stammten aus wohlhabenden sephardischen j\u00fcdischen Familien. Die Vorfahren seines Vaters waren im fr\u00fchen 19. Jahrhundert in Rom ans\u00e4ssig und erbrachten Finanzdienstleistungen f\u00fcr den Vatikan. Der Vater war Bergbauingenieur und verwaltete zusammen mit seinen Br\u00fcdern Alberto und Isaac ein gro\u00dfes Landgut und ein Bergwerk in Sardinien und betrieb eine Niederlassung in Livorno. Als Amedeo geboren wurde, geriet er jedoch in ernste finanzielle Schwierigkeiten, und der Verfall der Metallpreise f\u00fchrte zum Konkurs des Unternehmens.<\/p>\n\n\n\n<p>Die Ankunft von Amedeo auf der Welt hat die Familiengeschichte gepr\u00e4gt. W\u00e4hrend der Geburt seiner Mutter kam der Gerichtsvollzieher, um das Familieneigentum zu beschlagnahmen, aber nach altem Recht durfte er das Bett der W\u00f6chnerin nicht ber\u00fchren. Also packte die Familie ihr Bett mit ihrem wertvollsten Besitz ein und rettete es.<\/p>\n\n\n\n<p>Die Mutter von Amedeo, Eugenie, geborene Garsin, war 15 Jahre j\u00fcnger als Flaminio, und die Familie verheiratete sie wegen ihres Reichtums im Alter von 17 Jahren mit ihm. Sie wurde in Marseille geboren, und unter ihren Vorfahren befanden sich mehrere Gelehrte, die die heiligen j\u00fcdischen Texte beherrschten und eine Schule f\u00fcr Talmudstudien gr\u00fcndeten. Der Philosoph Baruch Spinoza soll Teil der Familienlinie gewesen sein.<\/p>\n\n\n\n<p>Die Ehe war nicht sehr gl\u00fccklich. Nach dem Zusammenbruch des Unternehmens verlie\u00df der Vater die Familie und zog nach Sardinien, um das Gesch\u00e4ft wieder aufzunehmen. Die Mutter blieb in Livorno und lebte mit ihren Kindern, zwei Schwestern und ihrem verwitweten Vater Isaac Garsin, einem bekannten Intellektuellen, der seinen Enkel in die philosophische Literatur einf\u00fchrte. Um der Familie ein Einkommen zu sichern, gab sie Franz\u00f6sischunterricht, \u00fcbersetzte B\u00fccher und gr\u00fcndete mit ihrer Schwester Laura eine erfolgreiche Privatschule.<\/p>\n\n\n\n<p>Amedeo lernte schon fr\u00fch lesen und schreiben. Seine Mutter, der er sehr nahe stand, unterrichtete ihn zu Hause, bis er zehn Jahre alt war, da er als Kind oft krank war. Er stand mehrmals am Rande des Todes, \u00fcberwand mit elf Jahren eine Rippenfellentz\u00fcndung, dann Typhus und schlie\u00dflich mit sechzehn Jahren Tuberkulose. Bereits im Alter von dreizehn Jahren, als er mit seinem Vater in den Ferien war, malte er mehrere Portr\u00e4ts.<\/p>\n\n\n\n<p>Als er sich von seiner zweiten Rippenfellentz\u00fcndung erholt hatte, nahm ihn seine Mutter mit auf eine Reise durch Italien - sie besuchten Florenz, Rom, Neapel und Capri. In Florenz begeisterte sich Amedeo f\u00fcr die alten Meister und seine Mutter erlaubte ihm, das Lyzeum zu verlassen und schrieb ihn 1898 an der Akademie der Sch\u00f6nen K\u00fcnste in der Malerwerkstatt von Guglielmo Micheli ein, dem damals ber\u00fchmtesten Maler in Livorno. Dies f\u00fchrte zum Bruch mit ihrem Ehemann und der Familie Modigliani, die Amedeos Malerei nicht guthie\u00df und ihren \u00e4ltesten Sohn Guiseppo, genannt Men\u00e9, nicht unterst\u00fctzte, der in Pisa Jura studierte, sozialistischer Aktivist wurde und 1909 im Gef\u00e4ngnis landete. Das Studium der beiden Br\u00fcder wurde von Amedeo Garsin, dem Bruder von Eugenie, finanziert.<\/p>\n\n\n\n<p>Nach zwei Jahren musste Amedeo seine Studien bei Micheli unterbrechen, da er erneut an Tuberkulose erkrankte. Nachdem er sich den Malstil des 19. Jahrhunderts und den von Henri de Toulouse-Lautrec angeeignet hatte, reiste er ein Jahr lang in den S\u00fcden, um seine Gesundheit und seinen k\u00fcnstlerischen Stil zu verbessern. Er begann, seine ersten Akte zu malen, die ihn sp\u00e4ter ber\u00fchmt machten. Schon damals zog er es vor, in Caf\u00e9s und Restaurants zu malen, was seiner Gesundheit nicht gerade zutr\u00e4glich war.<\/p>\n\n\n\n<p>Ab 1902 studierte er in Florenz an der Akademie der Sch\u00f6nen K\u00fcnste Malerei, musste sein Studium jedoch aus gesundheitlichen Gr\u00fcnden erneut unterbrechen. Im Jahr 1903 zog er f\u00fcr drei Jahre nach Venedig, wo er sich an einer anderen Schule, dem Institut der Sch\u00f6nen K\u00fcnste, einschrieb. Er begann, Haschisch zu rauchen und sich in billigen Bars und Bordellen aufzuhalten. In Venedig lernte er den chilenischen Maler Manuel Ortiz de Z\u00e1rate kennen, der bis an sein Lebensende einer seiner besten Freunde blieb. Er \u00fcberzeugte ihn, dass die neue moderne Kunst nur in Paris zu finden sei.<\/p>\n\n\n\n<figure class=\"wp-block-image size-full\"><img decoding=\"async\" src=\"https:\/\/www.gnews.cz\/wp-content\/uploads\/2025\/01\/Amedeo-facebook.jpg\" alt=\"\" class=\"wp-image-20799\"\/><\/figure>\n\n\n\n<p>1906 zog Modigliani, der seit seiner Kindheit Franz\u00f6sisch sprach, nach Paris. Aus den italienischen Museen brachte er seinen Respekt vor der Tradition mit, \u00fcbernahm aber seinen eigenen, von der primitiven Kunst beeinflussten Malstil. In Paris entstanden auch seine wichtigsten Werke, und hier verbrachte er auch den Rest seines kurzen Lebens.<\/p>\n\n\n\n<p>Er lebte in Montmartre, wo er ein Atelier mietete, in dem sich Picasso, Jacob, Salmon und viele andere Ber\u00fchmtheiten trafen. K\u00fcnstlerisch grenzt er sich jedoch von dieser Gruppe ab, sein Werk bleibt unabh\u00e4ngig und er sucht seinen eigenen Weg. Er fiel durch seine attraktive Erscheinung und sein Auftreten auf. Er trug einen abgetragenen Cordanzug mit einem roten Halstuch und hohen Schn\u00fcrstiefeln. Er verf\u00fcgte \u00fcber ein umfangreiches literarisches und philosophisches Wissen, das er im kultivierten Umfeld seiner Familie erworben hatte, las Nietzsche und rezitierte gerne Passagen aus Dantes G\u00f6ttlicher Kom\u00f6die auswendig.<\/p>\n\n\n\n<p>Zun\u00e4chst lebte er von dem Geld, das ihm seine Mutter schickte, und von der Erbschaft seines Onkels Amedeo, die er jedoch bald ausgab. Das Interesse an seiner Kunst ist gering, und die auf dem avantgardistischen Herbstsalon 1907 ausgestellten Bilder finden kaum Beachtung. Damals schloss er sich einer K\u00fcnstlergemeinschaft an, die von dem Arzt und Kunstliebhaber Paul Alexandre und seinem Bruder, dem Apotheker Jean, gegr\u00fcndet worden war, die ihn mit dem Bildhauer Constantin Brancusi bekannt machten. Amedeo begeistert sich f\u00fcr die Bildhauerei.<\/p>\n\n\n\n<p>Im April 1909 zog er in die N\u00e4he von Brancusis Atelier in Montparnasse und widmete sich nach einer intensiven Ausbildung als Zeichner mehrere Jahre lang der Bildhauerei. Auf Anregung von Brancusi begann er, direkt mit Stein zu arbeiten, ohne zuvor ein Modell in Ton oder Gips angefertigt zu haben, obwohl die Arbeit mit Stein f\u00fcr seine schwache Lunge sch\u00e4dlich war. Bis auf zwei sind alle seine Skulpturen in Sandstein ausgef\u00fchrt, und fast alle haben die Form von K\u00f6pfen. Inspiriert wurde er nicht nur von der schwarzen Kunst Westafrikas, sondern auch von der Kunst des alten Griechenlands, \u00c4gyptens und der Khmer-Kunst in Kambodscha.<\/p>\n\n\n\n<p>1913 kehrte er zur Malerei zur\u00fcck und schuf eine Serie von <em>Karyatiden<\/em>eine Reihe von Pastellen und Aquarellen. Nach 1914 arbeitet er haupts\u00e4chlich in \u00d6l. Paul Alexandre war sein erster gro\u00dfer Bewunderer und auch ein Freund, der ihm bei der Vermittlung von Modellen und Auftr\u00e4gen half und bis zum Beginn des Krieges, als er mobilisiert wurde, nach bestem Wissen und Gewissen der Hauptabnehmer seiner Bilder blieb. Modigliani malte 1909 drei Portr\u00e4ts von ihm. Als im August 1914 die Mobilmachung angek\u00fcndigt wurde, wollte auch er sich melden, wurde aber aus gesundheitlichen Gr\u00fcnden vom Milit\u00e4rdienst befreit und die beiden Freunde trafen sich nie wieder.<\/p>\n\n\n\n<figure class=\"wp-block-image size-large\"><img decoding=\"async\" src=\"https:\/\/www.gnews.cz\/wp-content\/uploads\/2025\/01\/Modigliani-Paul-Alexandre-wikipedie-1024x1011.jpg\" alt=\"\" class=\"wp-image-20789\"\/><\/figure>\n\n\n\n<p><em>Paul Alexandre<\/em><\/p>\n\n\n\n<p>Ohne seinen G\u00f6nner lebte Amedeo in Armut und zog h\u00e4ufig wegen der Miete um. Er wurde ein ber\u00fcchtigter Bohemien, der dem Alkohol und dem Haschisch verfallen war. Obwohl Haschisch in K\u00fcnstlerkreisen zu dieser Zeit weit verbreitet war, war es teuer und Amedeo nahm es h\u00e4ufiger als andere, allerdings nie bei der Arbeit. Er rauchte auch Opium, oft in Gesellschaft von Apollinaire oder Picasso. Seine gr\u00f6\u00dfte Sucht war jedoch der Rotwein, und sein Trinkgef\u00e4hrte war der Maler Maurice Utrillo.<\/p>\n\n\n\n<p>In seinem Vollrausch zerst\u00f6rte er fast alle seine alten Gem\u00e4lde mit der Begr\u00fcndung, sie seien <em>\"Kindliche Kritzeleien aus der Zeit, als er ein verdammter Spie\u00dfer war\"<\/em>. In der Regel gab er seine Zeichnungen an Prostituierte weiter, verkaufte sie f\u00fcr ein paar Francs oder tauschte sie direkt gegen einen Teller Essen und ein Glas Alkohol ein. In seinem Umfeld war er als Mod\u00ec bekannt, eine Abk\u00fcrzung seines Nachnamens, aber auch ein Wortspiel (das franz\u00f6sische Wort \"maudit\" bedeutet \"verflucht\"). F\u00fcr seine Familie und Freunde war er Dedo. Er weigerte sich, Geld von seiner Mutter anzunehmen und lebte von Tag zu Tag.<\/p>\n\n\n\n<p>Trotz seines grenzenlos selbstzerst\u00f6rerischen Lebensstils und seiner chronisch angeschlagenen Gesundheit hat er stets ehrlich und eifrig studiert und gearbeitet. Er besuchte regelm\u00e4\u00dfig Museen, Ausstellungen und die Ateliers von K\u00fcnstlerkollegen und las viel. \u00dcber seine Tuberkulose sprach er nicht, und als er 1909 einen R\u00fcckfall erlitt, begab er sich nach Livorno, um sich von seiner Mutter behandeln zu lassen, wo er mehrere Monate verbrachte.<\/p>\n\n\n\n<p>Im Jahr 1910 stellte er sechs Gem\u00e4lde im Salon des Independents aus, unter denen er die Aufmerksamkeit von <em>Cellist<\/em> a <em>Der Bettler von Livorno<\/em>. Auf dem zehnten Herbstsalon 1912 stellte er acht Skulpturen in Stein unter dem gemeinsamen Titel <em>K\u00f6pfe<\/em>. <\/p>\n\n\n\n<figure class=\"wp-block-image size-large\"><img decoding=\"async\" src=\"https:\/\/www.gnews.cz\/wp-content\/uploads\/2025\/01\/Modigliani-Womans_Head-wikipedia-814x1024.jpg\" alt=\"\" class=\"wp-image-20796\"\/><\/figure>\n\n\n\n<p>Aufgrund seiner sich verschlechternden Gesundheit musste er die Bildhauerei aufgeben und konzentrierte sich auf die Malerei, in der er seinen eigenen, von anderen unabh\u00e4ngigen Ausdruck suchte. Seine Modelle haben die typischen anmutigen Formen und langen H\u00e4lse, mit zur\u00fcckhaltenden Gesichtern, oft ohne gemalte Augen. Es hei\u00dft, der Maler habe nur die Augen derjenigen vollendet, die er gut kannte. <em>\"Ich male die Augen nur, wenn ich die Seele kenne.\"<\/em> behauptete er. Vielleicht h\u00e4ngt diese Vorliebe f\u00fcr unvollendete Portr\u00e4ts mit der Bildhauerei zusammen, wo es \u00fcblich war, die Augen blind zu lassen, ohne realistische Details.<\/p>\n\n\n\n<figure class=\"wp-block-image size-full\"><img decoding=\"async\" src=\"https:\/\/www.gnews.cz\/wp-content\/uploads\/2025\/01\/The_Cellist_-_Modigliani_-_wikipedie.jpg\" alt=\"\" class=\"wp-image-20790\"\/><\/figure>\n\n\n\n<p>Das h\u00e4ufigste Motiv seiner Bilder waren Frauen. Er zog ihre Aufmerksamkeit auf sich und erlebte wilde Beziehungen mit ihnen. Im Jahr 1910 lernte er die einundzwanzigj\u00e4hrige russische Dichterin Anna Achmatowa kennen, die in dem Haus wohnte, in dem er lebte. Zwischen den beiden entwickelte sich eine zarte Beziehung, obwohl Achmatowa verheiratet war. Nach einem Jahr kehrte sie jedoch zu ihrem Mann zur\u00fcck und ging nach Russland. Der junge Italiener begann daraufhin eine st\u00fcrmische Liebesbeziehung mit der s\u00fcdafrikanischen Schriftstellerin Beatrice Hastings. Sie lebten von 1913 bis 1916 zusammen. Sie war sein Modell, aber er schlug sie im Vollrausch und warf sie sogar aus dem Fenster. Im Jahr 1914 lernte er die britische Malerin Nina Hamnett kennen. Sie war promiskuitiv, bisexuell und dem Alkohol zugetan. Die Legende besagt, dass sie die Geliebte aller Ber\u00fchmtheiten des Montparnasse war und den Spitznamen K\u00f6nigin der Boheme trug.<\/p>\n\n\n\n<p>Im Jahr 1916 schloss Modigliani Freundschaft mit dem polnischen Dichter und Galeristen L\u00e9opold Zborowski, seiner Frau Anna und der Familienfreundin Lunja Czechowska. Zborowski wurde in den letzten Jahren seines Lebens sein wichtigster Kunsth\u00e4ndler und Freund, der ihn finanziell unterst\u00fctzte. <\/p>\n\n\n\n<figure class=\"wp-block-image size-large\"><img decoding=\"async\" src=\"https:\/\/www.gnews.cz\/wp-content\/uploads\/2025\/01\/Amedeo_Modigliani-L.-Zborowsi-wikipedia-766x1024.jpg\" alt=\"\" class=\"wp-image-20791\"\/><\/figure>\n\n\n\n<p><em>L\u00e9opold Zborowski<\/em><\/p>\n\n\n\n<p>Auf seine Anregung hin malte Modigliani zwischen 1916 und 1919 eine Serie von 22 Akten, die zu den ber\u00fchmtesten Werken seiner Karriere wurden. Im Dezember 1917 organisierte Zborowski seine erste Einzelausstellung in der Galerie Berthe Weill in Paris, deren Aktbilder bei der Er\u00f6ffnung einen Skandal ausl\u00f6sten und aufgrund der \u00f6ffentlichen Emp\u00f6rung von der Polizei beschlagnahmt wurden, dem Maler aber zu Popularit\u00e4t verhalfen. Er schuf auch eine Reihe von Portr\u00e4ts von K\u00fcnstlerkollegen, darunter Pablo Picasso.<\/p>\n\n\n\n<p>Im Juli 1917 lernte Modigliani Jeanne H\u00e9butern, eine neunzehnj\u00e4hrige Kunststudentin, kennen. Von ihrer katholischen Familie wurde sie deswegen praktisch ge\u00e4chtet; besonders st\u00f6rte sie die Tatsache, dass sie J\u00fcdin war. Auch ihre Beziehung war von Exzessen und Streitereien gepr\u00e4gt, aber sie liebten sich sehr. Modiglianis schlechter Gesundheitszustand veranlasste Zborowski, ihn und die schwangere Jeanne im M\u00e4rz 1918 an die C\u00f4te d'Azur zu schicken. In Nizza wurde im November 1918 die gemeinsame Tochter Jeanne geboren, die Modigliani als sein eigenes Kind anerkannte. W\u00e4hrend dieser Zeit malte er unter anderem seine einzigen vier bekannten Landschaften. Er malte auch 25 Portr\u00e4ts von Jeanne, die er jedoch nie nackt darstellte.<\/p>\n\n\n\n<figure class=\"wp-block-image size-full\"><img decoding=\"async\" src=\"https:\/\/www.gnews.cz\/wp-content\/uploads\/2025\/01\/Jeanne-Modigliani.jpg\" alt=\"\" class=\"wp-image-20792\"\/><\/figure>\n\n\n\n<p>Im Mai 1919 kehrten sie nach Paris zur\u00fcck und Modigliani mietete das Atelier, in dem Gauguin zuvor gewohnt hatte. Jeanne wurde zum zweiten Mal schwanger und er erkl\u00e4rte vor Zeugen verbindlich, dass er sie heiraten w\u00fcrde. Doch seine Gesundheit verriet ihn erneut. Vierzehn Tage nach den st\u00fcrmischen Neujahrsfeiern von 1920 schlief er mit hohem Fieber und heftigen Kopfschmerzen ein. Als ein Nachbar, der Maler Ortiz de Zaratei, einige Tage sp\u00e4ter nachsehen wollte, warum er seine Wohnung nicht verlassen hatte, fand er ihn in einem schweren Delirium vor. Neben dem Bett kniete Jeanne, die fast im achten Monat schwanger war. Obwohl er sofort einen Arzt rief, war es zu sp\u00e4t. Modigliani starb am 24. Januar 1920 im Krankenhaus, im Alter von nur 35 Jahren. Die \u00c4rzte stellten als Todesursache eine tuberkul\u00f6se Meningitis fest, die durch Armut, \u00dcberarbeitung, Drogensucht und Alkoholismus ausgel\u00f6st wurde.<\/p>\n\n\n\n<p>Am Tag nach seiner Beerdigung beging Jeanne, obwohl sie schwanger war, Selbstmord, indem sie aus dem f\u00fcnften Stock ihres Elternhauses sprang. Auf Wunsch der Familie wurde sie auf dem \u00f6rtlichen Friedhof beigesetzt, bis 1930 ihre sterblichen \u00dcberreste neben Amedeo auf den Friedhof P\u00e8re Lachaise \u00fcberf\u00fchrt wurden. Ihre 15 Monate alte Tochter Jeanne wurde von Modiglianis Schwester Margherita, die in Florenz lebte, adoptiert.<\/p>\n\n\n\n<figure class=\"wp-block-image size-full\"><img decoding=\"async\" src=\"https:\/\/www.gnews.cz\/wp-content\/uploads\/2025\/01\/Modigliani_y_de_Jeanne_Hebuterne_de_Pere_Lachaise-wikipedia.jpg\" alt=\"\" class=\"wp-image-20793\"\/><\/figure>\n\n\n\n<p>Die Beziehung von Amedeo und Jeanne war Gegenstand eines Films von 1958 <em>Die Liebenden von Montparnasse<\/em>, in dem der Maler von G\u00e9rard Philipe und Jeanne Anouk Aim\u00e9e gespielt wurde. Im Jahr 2004 wurde das Biopic <em>Modigliani<\/em>in dem es um die Rivalit\u00e4t des Malers mit Picasso geht.<\/p>\n\n\n\n<p><strong>Gnews.cz \/ Wikipedia - Jana \u010cern\u00e1<\/strong><\/p>","protected":false},"excerpt":{"rendered":"<p>\"Was ich suche, ist weder real noch irreal, sondern das Unbewusste, das Geheimnis des Instinktiven in der menschlichen Ethnie.\" Als er noch lebte, tauschte er seine Zeichnungen gegen eine Platte...<\/p>","protected":false},"author":4,"featured_media":20973,"comment_status":"open","ping_status":"open","sticky":false,"template":"","format":"standard","meta":{"_acf_changed":false,"_lmt_disableupdate":"","_lmt_disable":"","footnotes":""},"categories":[6,580],"tags":[2743,2744,2630,185,2745,17],"class_list":["post-20781","post","type-post","status-publish","format-standard","has-post-thumbnail","hentry","category-kultura","category-vyber-sefredaktora","tag-amedeo-modigliani","tag-livorno","tag-malir","tag-pariz","tag-sochar","tag-top"],"acf":[],"aioseo_notices":[],"_links":{"self":[{"href":"https:\/\/gnews.cz\/de\/wp-json\/wp\/v2\/posts\/20781","targetHints":{"allow":["GET"]}}],"collection":[{"href":"https:\/\/gnews.cz\/de\/wp-json\/wp\/v2\/posts"}],"about":[{"href":"https:\/\/gnews.cz\/de\/wp-json\/wp\/v2\/types\/post"}],"author":[{"embeddable":true,"href":"https:\/\/gnews.cz\/de\/wp-json\/wp\/v2\/users\/4"}],"replies":[{"embeddable":true,"href":"https:\/\/gnews.cz\/de\/wp-json\/wp\/v2\/comments?post=20781"}],"version-history":[{"count":0,"href":"https:\/\/gnews.cz\/de\/wp-json\/wp\/v2\/posts\/20781\/revisions"}],"wp:featuredmedia":[{"embeddable":true,"href":"https:\/\/gnews.cz\/de\/wp-json\/wp\/v2\/media\/20973"}],"wp:attachment":[{"href":"https:\/\/gnews.cz\/de\/wp-json\/wp\/v2\/media?parent=20781"}],"wp:term":[{"taxonomy":"category","embeddable":true,"href":"https:\/\/gnews.cz\/de\/wp-json\/wp\/v2\/categories?post=20781"},{"taxonomy":"post_tag","embeddable":true,"href":"https:\/\/gnews.cz\/de\/wp-json\/wp\/v2\/tags?post=20781"}],"curies":[{"name":"wp","href":"https:\/\/api.w.org\/{rel}","templated":true}]}}