{"id":26177,"date":"2025-04-19T16:00:00","date_gmt":"2025-04-19T15:00:00","guid":{"rendered":"https:\/\/www.gnews.cz\/?p=26177"},"modified":"2025-04-19T11:51:04","modified_gmt":"2025-04-19T10:51:04","slug":"die-nationalgalerie-prag-organisierte-eine-einzigartige-ausstellung-stiller-fruhling-kunst-und-natur-1930-1970","status":"publish","type":"post","link":"https:\/\/gnews.cz\/de\/kultura\/narodni-galerie-praha-usporadala-unikatni-vystavu-mlcici-jaro-umeni-a-priroda-1930-1970\/","title":{"rendered":"Die Nationalgalerie Prag organisiert eine einzigartige Ausstellung \"Silent Spring: Kunst und Natur 1930-1970\"."},"content":{"rendered":"<p><strong>PRAG - Die NGP-Ausstellung im Messepalast zeichnet den Wandel des Verh\u00e4ltnisses zwischen Mensch und Natur - nicht nur Flora und Fauna, sondern auch die Landschaft als Ganzes - in der Kunst von den 1930er Jahren bis zum Beginn der sogenannten Normalisierung nach. Sie zeigt, dass die Natur nicht nur Kulisse f\u00fcr die menschliche Existenz ist und sich nicht unbegrenzt ersch\u00f6pfen l\u00e4sst.<\/strong><\/p>\n\n\n\n<blockquote class=\"wp-block-quote is-layout-flow wp-block-quote-is-layout-flow\">\n<p><strong><em>\"Diese Ausstellung wirft die grunds\u00e4tzliche Frage auf, ob der Mensch und die Kultur mit der Existenz der Natur in Konflikt stehen oder nicht. <\/em>sagte die Kuratorin der Ausstellung Eva Skopalov\u00e1<em>.<\/em><\/strong><\/p>\n<\/blockquote>\n\n\n\n<p>Die Besucher k\u00f6nnen sich auf mehr als hundert Werke aus den reichen Sammlungen der Nationalgalerie und ausl\u00e4ndischer Institutionen freuen. Unter den Exponaten befinden sich Werke ber\u00fchmter K\u00fcnstler wie Franti\u0161ek Kupka, Josef \u0160\u00edma, Toyen, Jind\u0159ich \u0160tyrsk\u00fd, Franti\u0161ek Muzika, Eva Kmentov\u00e1 und Hana Wichterlov\u00e1. Es sind auch Werke ausl\u00e4ndischer K\u00fcnstler aus Polen und der Slowakei zu sehen, wie Karol Hiller, Adam Prock\u00fd und Maria Bartuszov\u00e1. Die Kuratorin hat diese Auswahl mit Werken zeitgen\u00f6ssischer K\u00fcnstler - Anna Hula\u010dov\u00e1, Eli\u0161ka Kone\u010dn\u00e1, Jimena Mendoza, Maria Tu\u010dkov\u00e1 und Krist\u00fdna Bukov\u010d\u00e1kov\u00e1 - erg\u00e4nzt, die als Ausdruck der Zugeh\u00f6rigkeit zur Vergangenheit verstanden werden k\u00f6nnen.<\/p>\n\n\n\n<blockquote class=\"wp-block-quote is-layout-flow wp-block-quote-is-layout-flow\">\n<p><strong><em>\"Wir k\u00f6nnen uns heute gut mit dem identifizieren, was K\u00fcnstler vor sechzig, achtzig oder neunzig Jahren gefunden haben, auch durch das zeitgen\u00f6ssische Werk von K\u00fcnstlerinnen. Die Ideen von Menschen, die nicht mehr leben, sind f\u00fcr uns nicht tot, sie nehmen an der Gegenwart teil\". <\/em>sagte der Kurator.<\/strong><\/p>\n<\/blockquote>\n\n\n\n<p>Das Projekt konzentriert sich auf die emotionale Bindung des Menschen an die Natur und untersucht, wie historische Ereignisse wie Krieg und totalit\u00e4re Regime unsere Wahrnehmung der Landschaft beeinflusst haben oder wie unsere Verbindungen zur Landschaft abgebrochen sind. Kunstwerke werden zu einem Mittel, um eine sensible Beziehung zu allen Lebewesen zu erneuern. Sie dienen als Mittel, um die Besucher zum Nachdenken und zum eigenen Erleben einzuladen. <em>\"Eine emotionale, gef\u00fchlsbetonte Verbindung zur Natur ist vielleicht das intuitive Prinzip unserer eigenen Rettung. Wenn wir eine Beziehung zu etwas haben, sch\u00fctzen wir es\".<\/em> erkl\u00e4rt der Kurator.<\/p>\n\n\n\n<blockquote class=\"wp-block-quote is-layout-flow wp-block-quote-is-layout-flow\">\n<p><strong>Die Generaldirektorin der Nationalgalerie Prag, Alicja Knast, f\u00fcgt hinzu:<em> \"Diese Ausstellung, die von Eva Skopalov\u00e1 mit dem Engagement des gesamten NGP-Teams kuratiert wurde, bringt die Stimmen von K\u00fcnstlern, Denkern und Vision\u00e4ren zusammen, die wie die Schriftstellerin Rachel Carson die Gleichg\u00fcltigkeit herausfordern und uns zwingen, unsere Beziehung zur Welt um uns herum zu \u00fcberdenken. Die K\u00fcnstler in der Ausstellung erinnern uns mit ihren Werken daran, dass die Natur nicht die Kulisse unserer Existenz ist, sondern deren Grundlage. Sie erinnern uns daran, dass unsere heutigen Entscheidungen die Landschaft von morgen pr\u00e4gen werden.\"<\/em><\/strong><\/p>\n<\/blockquote>\n\n\n\n<p>Der letzte Teil der Ausstellung konzentriert sich auf die Ausbeutung der Natur w\u00e4hrend der so genannten Normalisierung, als die Landschaft vor allem als Ressource wahrgenommen wurde. Die Ausstellung nimmt auch Bezug auf wichtige Ereignisse dieser Zeit, darunter die Debatte \u00fcber Pestizide nach der Ver\u00f6ffentlichung von Rachel Carsons Buch <em>Stummer Fr\u00fchling<\/em> (sp\u00e4ter \u00fcbersetzt als <em>Stiller Fr\u00fchling<\/em>) im Jahr 1962, das vier Jahre sp\u00e4ter in der Tschechoslowakei ver\u00f6ffentlicht wurde und zu einer Gesetzes\u00e4nderung in den USA f\u00fchrte.<\/p>\n\n\n\n<blockquote class=\"wp-block-quote is-layout-flow wp-block-quote-is-layout-flow\">\n<p><strong>Alicja Knast fasst zusammen:<em> \"Die Geschichte hat bewiesen, dass eine Stimme eine ganze Generation aufwecken kann. Der Stumme Fr\u00fchling ist eine Einladung zum Zuh\u00f6ren - zur Kunst, zur Natur und zur Dringlichkeit unserer Zeit.\"<\/em><\/strong><\/p>\n<\/blockquote>\n\n\n\n<p>Die Ausstellung ist bis zum 31. August 2025 im 1. Stock des Ostfl\u00fcgels des NGP-Messepalastes in Prag 7, Dukelsk\u00fdch hrdin\u016f 47, zu sehen.<\/p>\n\n\n\n<p><strong><a href=\"https:\/\/www.ngprague.cz\/udalost\/4230\/mlcici-jaro-umeni-a-priroda-1930-1970\" title=\"\">NGP\/<\/a>gnews.cz - HeK<\/strong><\/p>\n\n\n\n<figure class=\"wp-block-gallery has-nested-images columns-default is-cropped wp-block-gallery-1 is-layout-flex wp-block-gallery-is-layout-flex\">\n<figure class=\"wp-block-image size-large\"><img decoding=\"async\" data-id=\"26188\" src=\"https:\/\/www.gnews.cz\/wp-content\/uploads\/2025\/04\/O-16986@.jpg\" alt=\"\" class=\"wp-image-26188\"\/><\/figure>\n\n\n\n<figure class=\"wp-block-image size-large\"><img decoding=\"async\" data-id=\"26187\" src=\"https:\/\/www.gnews.cz\/wp-content\/uploads\/2025\/04\/P-8469@-684x1024.jpg\" alt=\"\" class=\"wp-image-26187\"\/><\/figure>\n\n\n\n<figure class=\"wp-block-image size-large\"><img decoding=\"async\" data-id=\"26189\" src=\"https:\/\/www.gnews.cz\/wp-content\/uploads\/2025\/04\/Mlcici_jaro_20250326_Sach-_tisk2.jpg\" alt=\"\" class=\"wp-image-26189\"\/><\/figure>\n\n\n\n<figure class=\"wp-block-image size-large\"><img decoding=\"async\" data-id=\"26191\" src=\"https:\/\/www.gnews.cz\/wp-content\/uploads\/2025\/04\/O-16703@-728x1024.jpg\" alt=\"\" class=\"wp-image-26191\"\/><\/figure>\n<\/figure>","protected":false},"excerpt":{"rendered":"<p>PRAG - Die NGP-Ausstellung im Messepalast zeigt die Ver\u00e4nderungen im Verh\u00e4ltnis des Menschen zur Natur - nicht nur zu Flora und Fauna, sondern auch zur Landschaft...<\/p>","protected":false},"author":4,"featured_media":26180,"comment_status":"closed","ping_status":"closed","sticky":false,"template":"","format":"standard","meta":{"_acf_changed":false,"_lmt_disableupdate":"","_lmt_disable":"","footnotes":""},"categories":[6,580],"tags":[45,3239,3243,3242,3241,1403,268,83,17,3240],"class_list":["post-26177","post","type-post","status-publish","format-standard","has-post-thumbnail","hentry","category-kultura","category-vyber-sefredaktora","tag-cr","tag-kupka","tag-muzika","tag-styrsky","tag-sima","tag-malirstvi","tag-narodni-galerie-praha","tag-priroda","tag-top","tag-toyen"],"acf":[],"aioseo_notices":[],"_links":{"self":[{"href":"https:\/\/gnews.cz\/de\/wp-json\/wp\/v2\/posts\/26177","targetHints":{"allow":["GET"]}}],"collection":[{"href":"https:\/\/gnews.cz\/de\/wp-json\/wp\/v2\/posts"}],"about":[{"href":"https:\/\/gnews.cz\/de\/wp-json\/wp\/v2\/types\/post"}],"author":[{"embeddable":true,"href":"https:\/\/gnews.cz\/de\/wp-json\/wp\/v2\/users\/4"}],"replies":[{"embeddable":true,"href":"https:\/\/gnews.cz\/de\/wp-json\/wp\/v2\/comments?post=26177"}],"version-history":[{"count":0,"href":"https:\/\/gnews.cz\/de\/wp-json\/wp\/v2\/posts\/26177\/revisions"}],"wp:featuredmedia":[{"embeddable":true,"href":"https:\/\/gnews.cz\/de\/wp-json\/wp\/v2\/media\/26180"}],"wp:attachment":[{"href":"https:\/\/gnews.cz\/de\/wp-json\/wp\/v2\/media?parent=26177"}],"wp:term":[{"taxonomy":"category","embeddable":true,"href":"https:\/\/gnews.cz\/de\/wp-json\/wp\/v2\/categories?post=26177"},{"taxonomy":"post_tag","embeddable":true,"href":"https:\/\/gnews.cz\/de\/wp-json\/wp\/v2\/tags?post=26177"}],"curies":[{"name":"wp","href":"https:\/\/api.w.org\/{rel}","templated":true}]}}