{"id":26547,"date":"2025-04-29T09:00:00","date_gmt":"2025-04-29T08:00:00","guid":{"rendered":"https:\/\/www.gnews.cz\/?p=26547"},"modified":"2025-04-28T21:31:20","modified_gmt":"2025-04-28T20:31:20","slug":"ausergewohnlicher-stromausfall-in-spanien-und-portugal-betrifft-millionen-von-menschen","status":"publish","type":"post","link":"https:\/\/gnews.cz\/de\/tema\/vyjimecny-vypadek-proudu-ve-spanelsku-a-portugalsku-postihl-miliony-lidi\/","title":{"rendered":"Notstromausfall in Spanien und Portugal betrifft Millionen von Menschen"},"content":{"rendered":"<p><strong>BARCELONA (CAPE) - Ein Stromausfall legte am Montag weite Teile Spaniens und Portugals lahm. Z\u00fcge wurden gestoppt, der Telefondienst unterbrochen und Ampeln und Geldautomaten f\u00fcr Millionen von Menschen auf der Iberischen Halbinsel abgeschaltet.<\/strong><\/p>\n\n\n\n<blockquote class=\"wp-block-quote is-layout-flow wp-block-quote-is-layout-flow\">\n<p><strong>Der spanische Stromversorger Red El\u00e9ctrica lehnte es ab, \u00fcber die Ursache zu spekulieren, und erkl\u00e4rte, es k\u00f6nne sechs bis zehn Stunden dauern, bis der Strom vollst\u00e4ndig wiederhergestellt sei. Betriebsleiter Eduardo Prieto sagte Reportern, es handele sich um ein noch nie dagewesenes Ereignis, das er als \"au\u00dfergew\u00f6hnlich und au\u00dfergew\u00f6hnlich\" bezeichnete.<\/strong><\/p>\n<\/blockquote>\n\n\n\n<p>Der spanische Premierminister Pedro S\u00e1nchez erkl\u00e4rte, der Ausfall sei auf \"starke Schwingungen\" im europ\u00e4ischen Netz zur\u00fcckzuf\u00fchren, die Ursache werde aber noch untersucht. Er bat die \u00d6ffentlichkeit, von Spekulationen abzusehen und forderte die Menschen auf, den Notdienst nur dann zu rufen, wenn es wirklich notwendig ist.<\/p>\n\n\n\n<blockquote class=\"wp-block-quote is-layout-flow wp-block-quote-is-layout-flow\">\n<p><strong>Nach dem Brand, der am 20. M\u00e4rz den britischen Flughafen Heathrow lahmlegte, war dies der zweite gro\u00dfe Stromausfall in Europa innerhalb von weniger als sechs Wochen, und das zu einer Zeit, in der die Beh\u00f6rden in ganz Europa mit Sabotageakten aus Russland rechnen.<\/strong><\/p>\n<\/blockquote>\n\n\n\n<p><strong><a href=\"https:\/\/apnews.com\/article\/spain-portugal-power-outage-electricity-b0c5fbca49b8422248c4f933e20303b3\" title=\"\">apnews.cz<\/a>\/gnews.cz-jav<\/strong><\/p>","protected":false},"excerpt":{"rendered":"<p>BARCELONA (KAP) - Ein Stromausfall hat am Montag weite Teile Spaniens und Portugals lahmgelegt. Z\u00fcge wurden angehalten, der Telefondienst unterbrochen und Ampeln und...<\/p>","protected":false},"author":2,"featured_media":26549,"comment_status":"closed","ping_status":"closed","sticky":false,"template":"","format":"standard","meta":{"_acf_changed":false,"_lmt_disableupdate":"","_lmt_disable":"","footnotes":""},"categories":[7,1],"tags":[46,10,1098,1179,17,41],"class_list":["post-26547","post","type-post","status-publish","format-standard","has-post-thumbnail","hentry","category-politika","category-tema","tag-eu","tag-news","tag-portugalsko","tag-spanelsko","tag-top","tag-world"],"acf":[],"aioseo_notices":[],"_links":{"self":[{"href":"https:\/\/gnews.cz\/de\/wp-json\/wp\/v2\/posts\/26547","targetHints":{"allow":["GET"]}}],"collection":[{"href":"https:\/\/gnews.cz\/de\/wp-json\/wp\/v2\/posts"}],"about":[{"href":"https:\/\/gnews.cz\/de\/wp-json\/wp\/v2\/types\/post"}],"author":[{"embeddable":true,"href":"https:\/\/gnews.cz\/de\/wp-json\/wp\/v2\/users\/2"}],"replies":[{"embeddable":true,"href":"https:\/\/gnews.cz\/de\/wp-json\/wp\/v2\/comments?post=26547"}],"version-history":[{"count":0,"href":"https:\/\/gnews.cz\/de\/wp-json\/wp\/v2\/posts\/26547\/revisions"}],"wp:featuredmedia":[{"embeddable":true,"href":"https:\/\/gnews.cz\/de\/wp-json\/wp\/v2\/media\/26549"}],"wp:attachment":[{"href":"https:\/\/gnews.cz\/de\/wp-json\/wp\/v2\/media?parent=26547"}],"wp:term":[{"taxonomy":"category","embeddable":true,"href":"https:\/\/gnews.cz\/de\/wp-json\/wp\/v2\/categories?post=26547"},{"taxonomy":"post_tag","embeddable":true,"href":"https:\/\/gnews.cz\/de\/wp-json\/wp\/v2\/tags?post=26547"}],"curies":[{"name":"wp","href":"https:\/\/api.w.org\/{rel}","templated":true}]}}