{"id":27668,"date":"2025-05-17T09:00:00","date_gmt":"2025-05-17T08:00:00","guid":{"rendered":"https:\/\/www.gnews.cz\/?p=27668"},"modified":"2025-05-17T07:57:47","modified_gmt":"2025-05-17T06:57:47","slug":"der-staat-wird-auf-dem-kongress-eine-neue-fuhrung-wahlen-der-derzeitige-innenminister-vit-rakusan-wird-das-amt-des-prasidenten-verteidigen","status":"publish","type":"post","link":"https:\/\/gnews.cz\/de\/tema\/stan-si-na-snemu-zvoli-nove-vedeni-soucasny-ministr-vntra-cr-vit-rakusan-bude-obhajovat-post-predsedy\/","title":{"rendered":"STAN wird auf dem Kongress eine neue F\u00fchrung w\u00e4hlen, der derzeitige tschechische Innenminister V\u00edt Raku\u0161an wird das Amt des Vorsitzenden verteidigen"},"content":{"rendered":"<p><strong>PRAG - Die Bewegung der B\u00fcrgermeister und Unabh\u00e4ngigen (STAN) wird heute auf der Nationalversammlung in Prag ihre neue F\u00fchrung w\u00e4hlen. Der Vorsitzende und stellvertretende Premierminister der Bewegung, V\u00edt Raku\u0161an, wird seine Position verteidigen, und es ist noch kein Gegenkandidat bekannt. Raku\u0161an steht seit 2019 an der Spitze der Bewegung und hatte in der Vergangenheit mehrere Krisen zu bew\u00e4ltigen, darunter F\u00e4lle, die das Vertrauen in die STAN-F\u00fchrung beeintr\u00e4chtigten.<\/strong><\/p>\n\n\n\n<p>Industrie- und Handelsminister Luk\u00e1\u0161 Vl\u010dek beabsichtigt, erneut f\u00fcr das Amt des Ersten Vizepr\u00e4sidenten zu kandidieren. Andere Mitglieder der derzeitigen F\u00fchrungsspitze haben ebenfalls ihre Absicht bekr\u00e4ftigt, den stellvertretenden Vorsitz zu verteidigen. Es wird erwartet, dass der Kongress eine Best\u00e4tigung der aktuellen Richtung der Bewegung und eine Debatte \u00fcber ihre Strategie f\u00fcr die bevorstehenden Parlamentswahlen bringen wird.<\/p>\n\n\n\n<p>Die Wahlen finden in etwa vier Monaten statt, so dass die Vorstellung der regionalen Spitzenkandidaten ein wichtiger Teil des Programms sein wird. Die STAN wird versuchen, nicht nur in ihren traditionellen Hochburgen W\u00e4hler zu gewinnen, sondern auch in Regionen, in denen sie bisher keine nennenswerte Unterst\u00fctzung erhalten hat.<\/p>\n\n\n\n<p>Die Ergebnisse der Wahlen auf dem Kongress werden zeigen, wie viel Vertrauen die derzeitige F\u00fchrung bei den Delegierten genie\u00dft und wie stark die Bewegung auf die kommenden politischen Herausforderungen vorbereitet ist.<\/p>\n\n\n\n<p><strong>gnews.cz - GH<\/strong><\/p>","protected":false},"excerpt":{"rendered":"<p>PRAG - Die Bewegung der B\u00fcrgermeister und Unabh\u00e4ngigen (STAN) wird heute auf der Nationalversammlung in Prag ihre neue F\u00fchrung w\u00e4hlen. Der Vorsitzende der Bewegung und stellvertretende Ministerpr\u00e4sident V\u00edt...<\/p>","protected":false},"author":2,"featured_media":27671,"comment_status":"closed","ping_status":"closed","sticky":false,"template":"","format":"standard","meta":{"_acf_changed":false,"_lmt_disableupdate":"","_lmt_disable":"","footnotes":""},"categories":[7,1,580],"tags":[45,46,1233,10,1232,17,786],"class_list":["post-27668","post","type-post","status-publish","format-standard","has-post-thumbnail","hentry","category-politika","category-tema","category-vyber-sefredaktora","tag-cr","tag-eu","tag-lukas-vlcek","tag-news","tag-stan","tag-top","tag-vit-rakusan"],"acf":[],"aioseo_notices":[],"_links":{"self":[{"href":"https:\/\/gnews.cz\/de\/wp-json\/wp\/v2\/posts\/27668","targetHints":{"allow":["GET"]}}],"collection":[{"href":"https:\/\/gnews.cz\/de\/wp-json\/wp\/v2\/posts"}],"about":[{"href":"https:\/\/gnews.cz\/de\/wp-json\/wp\/v2\/types\/post"}],"author":[{"embeddable":true,"href":"https:\/\/gnews.cz\/de\/wp-json\/wp\/v2\/users\/2"}],"replies":[{"embeddable":true,"href":"https:\/\/gnews.cz\/de\/wp-json\/wp\/v2\/comments?post=27668"}],"version-history":[{"count":0,"href":"https:\/\/gnews.cz\/de\/wp-json\/wp\/v2\/posts\/27668\/revisions"}],"wp:featuredmedia":[{"embeddable":true,"href":"https:\/\/gnews.cz\/de\/wp-json\/wp\/v2\/media\/27671"}],"wp:attachment":[{"href":"https:\/\/gnews.cz\/de\/wp-json\/wp\/v2\/media?parent=27668"}],"wp:term":[{"taxonomy":"category","embeddable":true,"href":"https:\/\/gnews.cz\/de\/wp-json\/wp\/v2\/categories?post=27668"},{"taxonomy":"post_tag","embeddable":true,"href":"https:\/\/gnews.cz\/de\/wp-json\/wp\/v2\/tags?post=27668"}],"curies":[{"name":"wp","href":"https:\/\/api.w.org\/{rel}","templated":true}]}}