{"id":27687,"date":"2025-05-18T11:00:00","date_gmt":"2025-05-18T10:00:00","guid":{"rendered":"https:\/\/www.gnews.cz\/?p=27687"},"modified":"2025-05-18T09:11:37","modified_gmt":"2025-05-18T08:11:37","slug":"die-gesundheitsbehorden-haben-die-quarantane-fur-personen-aufgehoben-die-mit-dem-kugelpatienten-in-kontakt-waren","status":"publish","type":"post","link":"https:\/\/gnews.cz\/de\/tema\/hygienici-zrusili-karantenu-lidem-kteri-byli-v-kontaktu-s-pacientem-bulovky\/","title":{"rendered":"Hygieniker hoben die Quarant\u00e4ne f\u00fcr Personen auf, die mit dem Bulowka-Patienten in Kontakt waren"},"content":{"rendered":"<p><strong>Prag\/T\u00e1bor - Hygieniker haben die pr\u00e4ventive Quarant\u00e4ne von 26 Personen aufgehoben, die in riskantem Kontakt mit einem Patienten im Prager Krankenhaus Bulovka standen. Die Tests an dem Patienten haben keine gef\u00e4hrliche Infektion best\u00e4tigt. Das sagte Maty\u00e1\u0161 Fo\u0161um, stellvertretender Chef-Hygieniker, gegen\u00fcber der Tschechischen Nachrichtenagentur. Die Quarant\u00e4ne wurde vom Gesundheitspersonal des Krankenhauses in Tabor beherrscht, von wo aus der Patient mit einer mutma\u00dflich hochgef\u00e4hrlichen Infektion am Freitagabend nach Bulovka verlegt worden war.<\/strong><\/p>\n\n\n\n<p><strong>ceskenoviny.cz\/gnews.cz-jav<\/strong><\/p>","protected":false},"excerpt":{"rendered":"<p>Prag\/T\u00e1bor - Hygieniker haben die pr\u00e4ventive Quarant\u00e4ne von 26 Personen aufgehoben, die in riskantem Kontakt mit einem Patienten im Prager Krankenhaus Bulovka standen. Tests an ihm...<\/p>","protected":false},"author":2,"featured_media":27688,"comment_status":"closed","ping_status":"closed","sticky":false,"template":"","format":"standard","meta":{"_acf_changed":false,"_lmt_disableupdate":"","_lmt_disable":"","footnotes":""},"categories":[2968,1,580,2973,5],"tags":[213,3429,45,3424,78,3430,10,17,41],"class_list":["post-27687","post","type-post","status-publish","format-standard","has-post-thumbnail","hentry","category-domaci","category-tema","category-vyber-sefredaktora","category-zahranicni","category-zdravy-styl","tag-afrika","tag-bulovka","tag-cr","tag-ebola","tag-evropa","tag-karantena","tag-news","tag-top","tag-world"],"acf":[],"aioseo_notices":[],"_links":{"self":[{"href":"https:\/\/gnews.cz\/de\/wp-json\/wp\/v2\/posts\/27687","targetHints":{"allow":["GET"]}}],"collection":[{"href":"https:\/\/gnews.cz\/de\/wp-json\/wp\/v2\/posts"}],"about":[{"href":"https:\/\/gnews.cz\/de\/wp-json\/wp\/v2\/types\/post"}],"author":[{"embeddable":true,"href":"https:\/\/gnews.cz\/de\/wp-json\/wp\/v2\/users\/2"}],"replies":[{"embeddable":true,"href":"https:\/\/gnews.cz\/de\/wp-json\/wp\/v2\/comments?post=27687"}],"version-history":[{"count":0,"href":"https:\/\/gnews.cz\/de\/wp-json\/wp\/v2\/posts\/27687\/revisions"}],"wp:featuredmedia":[{"embeddable":true,"href":"https:\/\/gnews.cz\/de\/wp-json\/wp\/v2\/media\/27688"}],"wp:attachment":[{"href":"https:\/\/gnews.cz\/de\/wp-json\/wp\/v2\/media?parent=27687"}],"wp:term":[{"taxonomy":"category","embeddable":true,"href":"https:\/\/gnews.cz\/de\/wp-json\/wp\/v2\/categories?post=27687"},{"taxonomy":"post_tag","embeddable":true,"href":"https:\/\/gnews.cz\/de\/wp-json\/wp\/v2\/tags?post=27687"}],"curies":[{"name":"wp","href":"https:\/\/api.w.org\/{rel}","templated":true}]}}