{"id":27786,"date":"2025-05-19T21:00:00","date_gmt":"2025-05-19T20:00:00","guid":{"rendered":"https:\/\/www.gnews.cz\/?p=27786"},"modified":"2025-05-19T14:32:02","modified_gmt":"2025-05-19T13:32:02","slug":"lipavsky-diskutierte-mit-litauischem-minister-uber-die-starkung-der-verteidigung-und-die-begrenzung-russischer-diplomaten","status":"publish","type":"post","link":"https:\/\/gnews.cz\/de\/tema\/lipavsky-jednal-s-litevskym-ministrem-o-posileni-obrany-a-omezeni-ruskych-diplomatu\/","title":{"rendered":"Lipavsky f\u00fchrte Gespr\u00e4che mit litauischem Minister \u00fcber die St\u00e4rkung der Verteidigung und die Beschr\u00e4nkung russischer Diplomaten"},"content":{"rendered":"<p><strong>PRAG - Der tschechische Au\u00dfenminister Jan Lipavsk\u00fd traf am Montag in Prag mit seinem litauischen Amtskollegen K\u0119stutis Budrys zusammen. Hauptthemen des Treffens waren die St\u00e4rkung der Verteidigungspolitik beider L\u00e4nder, die Vorbereitung des bevorstehenden NATO-Gipfels in Den Haag und die Koordinierung der Ma\u00dfnahmen gegen den russischen Einfluss im Schengen-Raum. Die beiden Staatsm\u00e4nner betonten die Notwendigkeit einer weiteren Erh\u00f6hung der Verteidigungsausgaben. \"Die Sicherheit Europas ist keine Selbstverst\u00e4ndlichkeit und erfordert langfristige Investitionen\", sagte Lipavsky auf der Pressekonferenz. Wie die Tschechische Republik ist auch Litauen bestrebt, die Schwelle von 2 Prozent der Verteidigungsausgaben im Einklang mit den NATO-Verpflichtungen zu erreichen.<\/strong><\/p>\n\n\n\n<blockquote class=\"wp-block-quote is-layout-flow wp-block-quote-is-layout-flow\">\n<p><strong>Ein wichtiger Teil der Gespr\u00e4che war die Vorbereitung des NATO-Gipfels im Juli in Den Haag (Niederlande). Beide Seiten sprachen sich f\u00fcr eine St\u00e4rkung des \u00f6stlichen Fl\u00fcgels des B\u00fcndnisses und f\u00fcr weitere milit\u00e4rische und politische Unterst\u00fctzung f\u00fcr die Ukraine aus. Ein weiterer Diskussionspunkt war die Einschr\u00e4nkung der Bewegungsfreiheit russischer Diplomaten innerhalb des Schengen-Raums. \"Russland nutzt die diplomatischen Vertretungen f\u00fcr subversive Aktivit\u00e4ten. Wir m\u00fcssen uns verteidigen\", sagte Budrys. Die Minister waren sich einig, dass ein intensiverer Informationsaustausch zwischen den EU-Mitgliedstaaten und ein koordiniertes Vorgehen bei der Einschr\u00e4nkung des russischen diplomatischen Personals erforderlich sind.<\/strong><\/p>\n<\/blockquote>\n\n\n\n<p>Nach Angaben der beiden Diplomaten best\u00e4tigte das Treffen die engen bilateralen Beziehungen zwischen der Tschechischen Republik und Litauen und ihre gemeinsamen Interessen im Bereich der Sicherheitspolitik. Am Ende des Treffens wurde auch die Zusammenarbeit im Rahmen regionaler Formate, einschlie\u00dflich der Drei-Meeres-Initiative und der \u00d6stlichen Partnerschaft, gelobt.<\/p>\n\n\n\n<p><strong>gnews.cz-GH<\/strong><\/p>","protected":false},"excerpt":{"rendered":"<p>PRAG - Der tschechische Au\u00dfenminister Jan Lipavsk\u00fd hat am Montag seinen litauischen Amtskollegen K\u0119stutis Budrys in Prag getroffen. Die Hauptthemen des Treffens waren...<\/p>","protected":false},"author":2,"featured_media":27789,"comment_status":"closed","ping_status":"closed","sticky":false,"template":"","format":"standard","meta":{"_acf_changed":false,"_lmt_disableupdate":"","_lmt_disable":"","footnotes":""},"categories":[2968,7,1,2973],"tags":[45,78,785,3441,10,17,41],"class_list":["post-27786","post","type-post","status-publish","format-standard","has-post-thumbnail","hentry","category-domaci","category-politika","category-tema","category-zahranicni","tag-cr","tag-evropa","tag-jan-lipavsky","tag-kestutis-budrys","tag-news","tag-top","tag-world"],"acf":[],"aioseo_notices":[],"_links":{"self":[{"href":"https:\/\/gnews.cz\/de\/wp-json\/wp\/v2\/posts\/27786","targetHints":{"allow":["GET"]}}],"collection":[{"href":"https:\/\/gnews.cz\/de\/wp-json\/wp\/v2\/posts"}],"about":[{"href":"https:\/\/gnews.cz\/de\/wp-json\/wp\/v2\/types\/post"}],"author":[{"embeddable":true,"href":"https:\/\/gnews.cz\/de\/wp-json\/wp\/v2\/users\/2"}],"replies":[{"embeddable":true,"href":"https:\/\/gnews.cz\/de\/wp-json\/wp\/v2\/comments?post=27786"}],"version-history":[{"count":0,"href":"https:\/\/gnews.cz\/de\/wp-json\/wp\/v2\/posts\/27786\/revisions"}],"wp:featuredmedia":[{"embeddable":true,"href":"https:\/\/gnews.cz\/de\/wp-json\/wp\/v2\/media\/27789"}],"wp:attachment":[{"href":"https:\/\/gnews.cz\/de\/wp-json\/wp\/v2\/media?parent=27786"}],"wp:term":[{"taxonomy":"category","embeddable":true,"href":"https:\/\/gnews.cz\/de\/wp-json\/wp\/v2\/categories?post=27786"},{"taxonomy":"post_tag","embeddable":true,"href":"https:\/\/gnews.cz\/de\/wp-json\/wp\/v2\/tags?post=27786"}],"curies":[{"name":"wp","href":"https:\/\/api.w.org\/{rel}","templated":true}]}}