{"id":27884,"date":"2025-05-22T10:18:40","date_gmt":"2025-05-22T09:18:40","guid":{"rendered":"https:\/\/www.gnews.cz\/?p=27884"},"modified":"2025-05-22T10:18:45","modified_gmt":"2025-05-22T09:18:45","slug":"zwei-israelische-botschaftsmitarbeiter-in-washington-erschossen-tater-in-festnahme","status":"publish","type":"post","link":"https:\/\/gnews.cz\/de\/tema\/dva-pracovnici-izraelske-ambasady-zastreleni-ve-washingtonu-pachatel-ve-vazbe\/","title":{"rendered":"Zwei israelische Botschaftsmitarbeiter in Washington erschossen, T\u00e4ter in Gewahrsam"},"content":{"rendered":"<p><strong>WASHINGTON - Zwei israelische Botschaftsangestellte wurden am Dienstagabend vor dem J\u00fcdischen Museum in Washington erschossen. Weltweite Nachrichtenagenturen berichteten heute Morgen unter Berufung auf die US-Heimatschutzministerin Kristi Noem \u00fcber den tragischen Vorfall. Der Vorfall l\u00f6ste sofortige Reaktionen sowohl von amerikanischen als auch von israelischen Beamten aus.<\/strong> <strong>Laut Polizei ereignete sich der Angriff in der N\u00e4he des Haupteingangs des Museums kurz nach 19 Uhr Ortszeit. Der Angreifer, dessen Identit\u00e4t noch nicht bekannt gegeben wurde, wurde kurz nach der Tat festgenommen. Zeugen und Sicherheitskr\u00e4fte berichteten, dass er bei der Festnahme Parolen f\u00fcr ein freies Pal\u00e4stina skandiert haben soll.<\/strong><\/p>\n\n\n\n<blockquote class=\"wp-block-quote is-layout-flow wp-block-quote-is-layout-flow\">\n<p><strong>\"Hass und Radikalismus haben in den Vereinigten Staaten keinen Platz\", sagte US-Pr\u00e4sident Donald Trump in einer offiziellen Erkl\u00e4rung des Wei\u00dfen Hauses. Er betonte auch die Bedeutung der Zusammenarbeit mit den israelischen Beh\u00f6rden und sprach den Familien der Opfer sein Beileid aus. Nach dem Anschlag wurden die Sicherheitsvorkehrungen in Washington versch\u00e4rft, insbesondere in der Umgebung diplomatischer Vertretungen und j\u00fcdischer Einrichtungen. Die Ermittler pr\u00fcfen nun, ob es sich um eine Einzeltat handelt oder ob der Anschlag Teil eines gr\u00f6\u00dferen extremistischen Plans ist.<\/strong><\/p>\n<\/blockquote>\n\n\n\n<p>Das israelische Au\u00dfenministerium erkl\u00e4rte in einer Erkl\u00e4rung, es stehe in Kontakt mit den US-Beh\u00f6rden und erwarte eine gr\u00fcndliche Untersuchung des Falles. Premierminister Benjamin Netanjahu bezeichnete den Anschlag als \"barbarischen Akt des Hasses\" und rief zu einem internationalen Kampf gegen Antisemitismus auf. Das Motiv des T\u00e4ters ist noch nicht offiziell best\u00e4tigt worden, aber das FBI geht von einem ideologisch motivierten Anschlag aus.<\/p>\n\n\n\n<p><strong>gnews.cz - GH<\/strong><\/p>","protected":false},"excerpt":{"rendered":"<p>WASHINGTON - Zwei israelische Botschaftsangestellte wurden am Dienstagabend vor dem J\u00fcdischen Museum in Washington erschossen. Der tragische Vorfall wurde heute Morgen von...<\/p>","protected":false},"author":2,"featured_media":27885,"comment_status":"closed","ping_status":"closed","sticky":false,"template":"","format":"standard","meta":{"_acf_changed":false,"_lmt_disableupdate":"","_lmt_disable":"","footnotes":""},"categories":[7,1,580,2973],"tags":[45,49,10,17],"class_list":["post-27884","post","type-post","status-publish","format-standard","has-post-thumbnail","hentry","category-politika","category-tema","category-vyber-sefredaktora","category-zahranicni","tag-cr","tag-izrael","tag-news","tag-top"],"acf":[],"aioseo_notices":[],"_links":{"self":[{"href":"https:\/\/gnews.cz\/de\/wp-json\/wp\/v2\/posts\/27884","targetHints":{"allow":["GET"]}}],"collection":[{"href":"https:\/\/gnews.cz\/de\/wp-json\/wp\/v2\/posts"}],"about":[{"href":"https:\/\/gnews.cz\/de\/wp-json\/wp\/v2\/types\/post"}],"author":[{"embeddable":true,"href":"https:\/\/gnews.cz\/de\/wp-json\/wp\/v2\/users\/2"}],"replies":[{"embeddable":true,"href":"https:\/\/gnews.cz\/de\/wp-json\/wp\/v2\/comments?post=27884"}],"version-history":[{"count":0,"href":"https:\/\/gnews.cz\/de\/wp-json\/wp\/v2\/posts\/27884\/revisions"}],"wp:featuredmedia":[{"embeddable":true,"href":"https:\/\/gnews.cz\/de\/wp-json\/wp\/v2\/media\/27885"}],"wp:attachment":[{"href":"https:\/\/gnews.cz\/de\/wp-json\/wp\/v2\/media?parent=27884"}],"wp:term":[{"taxonomy":"category","embeddable":true,"href":"https:\/\/gnews.cz\/de\/wp-json\/wp\/v2\/categories?post=27884"},{"taxonomy":"post_tag","embeddable":true,"href":"https:\/\/gnews.cz\/de\/wp-json\/wp\/v2\/tags?post=27884"}],"curies":[{"name":"wp","href":"https:\/\/api.w.org\/{rel}","templated":true}]}}