{"id":29425,"date":"2025-06-13T18:30:00","date_gmt":"2025-06-13T17:30:00","guid":{"rendered":"https:\/\/www.gnews.cz\/?p=29425"},"modified":"2025-06-13T14:49:08","modified_gmt":"2025-06-13T13:49:08","slug":"die-einzige-losung-ist-ihrer-meinung-nach-die-entscheidungsgewalt-wieder-in-die-hande-der-nationalstaaten-zu-legen-d-h-aus-der-eu-auszutreten-und-die","status":"publish","type":"post","link":"https:\/\/gnews.cz\/de\/tema\/jedinym-resenim-je-podle-ni-navrat-rozhodovani-zpet-do-rukou-narodniho-statu-tedy-vystoupeni-z-eu-nato-i-who\/","title":{"rendered":"Die einzige L\u00f6sung besteht ihrer Meinung nach darin, die Entscheidungsfindung wieder in die H\u00e4nde der Nationalstaaten zu legen, d.h. aus der EU, der NATO und der WHO auszutreten."},"content":{"rendered":"<p><strong>CZ - Auf der Kundgebung der tschechischen Bewegung \"Tschechien an erster Stelle\" wurde eine Rede gehalten, die keinen Zweifel daran lie\u00df, wohin ihre Verfasser tendieren. Vladim\u00edra V\u00edtov\u00e1, die Vorsitzende der Allianz der nationalen Kr\u00e4fte, \u00fcbte scharfe Kritik an der Europ\u00e4ischen Union, dem Nordatlantischen B\u00fcndnis und der Weltgesundheitsorganisation. Sie legte radikal und detailliert dar, warum sie den Verbleib in diesen Strukturen f\u00fcr nationalen Selbstmord h\u00e4lt und den sofortigen Czexit, den Austritt aus der NATO und der WHO, fordert. \"Es geht nicht um Aggression, es geht um die Wahrheit!\" - eine alternative Interpretation der Ukraine und des internationalen Rechts<\/strong><\/p>\n\n\n\n<p>Bei der Er\u00f6ffnung der Rede ging es um den Konflikt zwischen der Ukraine und der RF. Dies ist ein Ereignis, das von den Medien v\u00f6llig falsch interpretiert wird. Der Mainstream manipuliert bewusst die \u00f6ffentliche Meinung, indem er das Vorgehen Russlands als \"Aggression\" bezeichnet. Auch internationale Rechtsexperten wie der kanadische Jurist Christopher Black, der die \"besondere Milit\u00e4roperation\" Russlands f\u00fcr v\u00f6lkerrechtskonform h\u00e4lt, melden sich zu Wort. Ihm zufolge gibt es keine UN-Resolution, die Russland offiziell als Aggressor bezeichnet.<\/p>\n\n\n\n<p>Nach dieser Interpretation geht der B\u00fcrgerkrieg in der Ukraine seit 2014 mit einem V\u00f6lkermord an der russischen Bev\u00f6lkerung einher. Fr\u00fcher h\u00e4tten die Medien diese Tatsache selbst erw\u00e4hnt - sowohl das tschechische Fernsehen als auch der tschechische Rundfunk berichteten \u00fcber die Spannungen im Donbass -, doch heute leugnen sie diese Realit\u00e4t. Sie erinnerte auch an den tragischen Vorfall in Odessa, bei dem alle Bedingungen f\u00fcr die international anerkannte Definition von V\u00f6lkermord erf\u00fcllt waren. Dieses Ereignis geh\u00f6rt zu den vergessenen Verbrechen, die von den westlichen Medien und der Diplomatie geflissentlich \u00fcbersehen werden. Der Schluss dieses Abschnitts richtete sich an die tschechischen Politiker, die angeblich \"L\u00fcgen aus Br\u00fcssel\" wiederholten, ohne die Rechtsnatur des Konflikts zu kennen.<\/p>\n\n\n\n<p><strong>Die Migration als stille Waffe: Ein Plan f\u00fcr den Bev\u00f6lkerungsaustausch und den Untergang Europas<\/strong><\/p>\n\n\n\n<p>Ein wesentlicher Teil der Rede war dem Thema Migration gewidmet, die sie als einen kontrollierten und geplanten Prozess darstellte, der darauf abzielt, die europ\u00e4ische Bev\u00f6lkerung zu ersetzen. Die Vereinten Nationen h\u00e4tten ein Dokument mit dem Titel \"Internationaler Pakt \u00fcber Migration zur Ersetzung der einheimischen Bev\u00f6lkerung\" ausgearbeitet, in dem es hei\u00dfe, dass Europa bis 2050 durch mehrere Millionen Migranten - in einigen Varianten bis zu 130 Millionen - aufgef\u00fcllt werden solle. Dieser Plan soll laut V\u00edtov\u00e1 von der Europ\u00e4ischen Union finanziert und organisiert werden, w\u00e4hrend die L\u00e4nder Afrikas und des Nahen Ostens selbst gegen die Migration sind. V\u00edtov\u00e1 zitierte sogar irakische und syrische Politiker, die den tschechischen Gesetzgeber in der Vergangenheit gebeten haben, die Migration nicht zu unterst\u00fctzen und stattdessen in die Entwicklung in den Heimatl\u00e4ndern der Menschen zu investieren.<\/p>\n\n\n\n<p>Die so genannte Erkl\u00e4rung von Marrakesch, mit der der Zustrom von Migranten nach Europa legalisiert werden sollte, wurde zur\u00fcckgerufen. Die nordafrikanischen Staaten sollen sich zun\u00e4chst geweigert haben, das Dokument zu unterzeichnen, wurden aber schlie\u00dflich \"\u00fcberredet\", offenbar auf Druck der Europ\u00e4ischen Union. Er sieht den ganzen Prozess als Beweis daf\u00fcr, dass die EU und die UNO nicht im Interesse der europ\u00e4ischen V\u00f6lker, sondern im Interesse der globalen Eliten handeln. Es war auch die Rede von \"Hotspots\", Sammelstellen in Afrika, von denen aus Menschen nach Europa gebracht werden. Das Ergebnis dieser Politik sei nicht nur der Verlust der nationalen Identit\u00e4t, sondern auch eine Zunahme von Kriminalit\u00e4t, sozialer Desintegration und kulturellen Konflikten.<\/p>\n\n\n\n<p><strong>Ohne Referendum, aber legal - wie man die EU und die NATO verl\u00e4sst<\/strong><\/p>\n\n\n\n<p>Einer der wichtigsten Punkte der Rede war ein Abschnitt, der sich mit dem legalen Weg zum Austritt aus der EU und der NATO ohne Referendum befasste. Die Verfassung der Tschechischen Republik l\u00e4sst kein Referendum \u00fcber die sogenannten \"wesentlichen Elemente eines demokratischen Staates\" zu, wozu auch die Mitgliedschaft in internationalen Organisationen geh\u00f6rt. Sie argumentiert jedoch, dass die EU- und B\u00fcndnisvertr\u00e4ge selbst einen klaren Weg zum Austritt vorsehen: Artikel 50 des Vertrags von Lissabon und Artikel 13 des Washingtoner Vertrags.<\/p>\n\n\n\n<p>Nach ihrer Auslegung reicht es aus, wenn der tschechische Premierminister seine Absicht zum Austritt bekannt gibt, und die Zweijahresfrist wird automatisch ausgel\u00f6st. V\u00edtov\u00e1 kommentiert ironisch, dass der Austritt aus der NATO direkt dem US-Pr\u00e4sidenten angek\u00fcndigt werden sollte, was ihrer Meinung nach den wahren Charakter des B\u00fcndnisses offenbart - als Instrument der US-Herrschaft. Es handelt sich um eine Struktur ohne echte demokratische Kontrolle, bei der selbst die Minister der Mitgliedsregierungen oft nicht wissen, wor\u00fcber sie abstimmen. Sie f\u00fcgt hinzu, dass die USA die NATO \"besitzen\" und ihre Richtung ohne R\u00fccksicht auf die anderen Mitglieder bestimmen.<\/p>\n\n\n\n<p><strong>Was wei\u00df die k\u00fcnstliche Intelligenz? Katastrophenszenarien und der Untergang der Freiheit<\/strong><\/p>\n\n\n\n<p>Die Rede schloss mit einem \u00fcberraschenden Element - einem Verweis auf die Ergebnisse der Fragen, die der GPT AI gestellt wurden. V\u00edtov\u00e1 sagte, sie sei nach den Folgen eines Verbleibs der Tschechischen Republik in der EU bis 2030 gefragt worden, insbesondere f\u00fcr Unternehmer. Sie unterteilte die Antworten in sechs Bereiche: Verlust von Eigentum und wirtschaftlicher Souver\u00e4nit\u00e4t, Ende der Meinungsfreiheit, Abh\u00e4ngigkeit von Energie und Lebensmitteln, Migrationschaos, digitale Kontrolle und wirtschaftliche Ersch\u00f6pfung. AI warnte vor verpflichtenden ESG-Scores f\u00fcr Unternehmen, Klimaregulierung, der Zerst\u00f6rung der Viehzucht, Bargeldverboten und zentral gesteuerter Zensur ohne Gerichtsverfahren.<\/p>\n\n\n\n<p>Nach diesem Szenario sollen Unternehmen ohne \"umweltideologischen Score\" von Subventionen, \u00f6ffentlichen Auftr\u00e4gen und Bankkrediten ausgeschlossen werden. Die Unternehmen sollen mit Kohlenstoffsteuern, einer digitalen Identit\u00e4t und Quoten f\u00fcr Fleischersatzprodukte belastet werden. Es wurde auch die Sorge ge\u00e4u\u00dfert, dass ein auf Punkten basierendes System der B\u00fcrgerkontrolle und eine weitere Zentralisierung der Macht in Br\u00fcssel eingef\u00fchrt wird. Wenn die Tschechische Republik in der EU bleibt, werden die Unternehmer ihre Freiheit, ihr Eigentum und ihre Entscheidungsbefugnisse verlieren. Die einzige L\u00f6sung bestehe darin, die Entscheidungsfindung wieder in die H\u00e4nde der Nationalstaaten zu legen, d. h. aus der EU, der NATO und der WHO auszutreten.<\/p>\n\n\n\n<p><strong>gnews.cz - GH<\/strong><\/p>","protected":false},"excerpt":{"rendered":"<p>CZ - Auf der Kundgebung der tschechischen Bewegung \"Tschechien an erster Stelle\" wurde eine Rede gehalten, die keinen Zweifel daran lie\u00df, wohin ihre Verfasser tendieren w\u00fcrden. Vladim\u00edr...<\/p>","protected":false},"author":2,"featured_media":29426,"comment_status":"closed","ping_status":"closed","sticky":false,"template":"","format":"standard","meta":{"_acf_changed":false,"_lmt_disableupdate":"","_lmt_disable":"","footnotes":""},"categories":[7,658,1,2973],"tags":[45,46,78,10,17,41],"class_list":["post-29425","post","type-post","status-publish","format-standard","has-post-thumbnail","hentry","category-politika","category-prectete-si","category-tema","category-zahranicni","tag-cr","tag-eu","tag-evropa","tag-news","tag-top","tag-world"],"acf":[],"aioseo_notices":[],"_links":{"self":[{"href":"https:\/\/gnews.cz\/de\/wp-json\/wp\/v2\/posts\/29425","targetHints":{"allow":["GET"]}}],"collection":[{"href":"https:\/\/gnews.cz\/de\/wp-json\/wp\/v2\/posts"}],"about":[{"href":"https:\/\/gnews.cz\/de\/wp-json\/wp\/v2\/types\/post"}],"author":[{"embeddable":true,"href":"https:\/\/gnews.cz\/de\/wp-json\/wp\/v2\/users\/2"}],"replies":[{"embeddable":true,"href":"https:\/\/gnews.cz\/de\/wp-json\/wp\/v2\/comments?post=29425"}],"version-history":[{"count":0,"href":"https:\/\/gnews.cz\/de\/wp-json\/wp\/v2\/posts\/29425\/revisions"}],"wp:featuredmedia":[{"embeddable":true,"href":"https:\/\/gnews.cz\/de\/wp-json\/wp\/v2\/media\/29426"}],"wp:attachment":[{"href":"https:\/\/gnews.cz\/de\/wp-json\/wp\/v2\/media?parent=29425"}],"wp:term":[{"taxonomy":"category","embeddable":true,"href":"https:\/\/gnews.cz\/de\/wp-json\/wp\/v2\/categories?post=29425"},{"taxonomy":"post_tag","embeddable":true,"href":"https:\/\/gnews.cz\/de\/wp-json\/wp\/v2\/tags?post=29425"}],"curies":[{"name":"wp","href":"https:\/\/api.w.org\/{rel}","templated":true}]}}