{"id":29897,"date":"2025-06-22T11:55:00","date_gmt":"2025-06-22T09:55:00","guid":{"rendered":"https:\/\/www.gnews.cz\/?p=29897"},"modified":"2025-06-22T09:11:53","modified_gmt":"2025-06-22T07:11:53","slug":"die-usa-waren-direkt-an-den-israelischen-angriffen-auf-iran-beteiligt-die-auf-nukleare-anlagen-abzielten","status":"publish","type":"post","link":"https:\/\/gnews.cz\/de\/tema\/usa-se-primo-zapojily-do-izraelskych-utoku-na-iran-cilem-jsou-jaderna-zarizeni\/","title":{"rendered":"USA direkt an israelischen Angriffen auf den Iran beteiligt: Atomanlagen im Visier"},"content":{"rendered":"<p><strong>WASHINGTON - Die Vereinigten Staaten haben sich heute Abend offiziell an einer Milit\u00e4roperation gegen das iranische Atomprogramm beteiligt. Die US-Streitkr\u00e4fte f\u00fchrten Luftangriffe auf drei wichtige Atomanlagen auf iranischem Boden durch. Diese Angriffe folgen auf die mehr als einw\u00f6chigen israelischen Bombenangriffe auf iranische Einrichtungen, die darauf abzielen, die M\u00f6glichkeiten Teherans zur weiteren Entwicklung von Atomwaffen zu minimieren.<\/strong><\/p>\n\n\n\n<blockquote class=\"wp-block-quote is-layout-flow wp-block-quote-is-layout-flow\">\n<p><strong>Laut der Erkl\u00e4rung des Wei\u00dfen Hauses zielen die koordinierten Angriffe darauf ab, die Verbreitung von Nukleartechnologie zu verhindern, die eine direkte Bedrohung f\u00fcr die Sicherheit Israels und die Stabilit\u00e4t des gesamten Nahen Ostens darstellen k\u00f6nnte. US-Pr\u00e4sident Donald Trump wandte sich kurz nach den Angriffen an die Nation und betonte, dass die Vereinigten Staaten nicht nachgeben werden, solange der Iran nicht in Friedensgespr\u00e4che einwilligt. \"Wenn das iranische Regime den Frieden verweigert, wird es mit weiteren und noch h\u00e4rteren Angriffen rechnen m\u00fcssen\", sagte Trump.<\/strong><\/p>\n<\/blockquote>\n\n\n\n<p>Die iranischen Beh\u00f6rden best\u00e4tigten die Angriffe. Nach einer offiziellen Erkl\u00e4rung des iranischen Au\u00dfenministeriums wurden drei Nuklearkomplexe getroffen. Der iranische Au\u00dfenminister Abbas Araqchi beschuldigte die USA, das V\u00f6lkerrecht zu verletzen. Arakci warnte au\u00dferdem, dass Iran alle verf\u00fcgbaren Mittel einsetzen werde, um seine Souver\u00e4nit\u00e4t, seine nationalen Interessen und die Sicherheit seines Volkes zu verteidigen.<\/p>\n\n\n\n<blockquote class=\"wp-block-quote is-layout-flow wp-block-quote-is-layout-flow\">\n<p><strong>Es gibt Berichte aus der Region \u00fcber zunehmende Spannungen und wachsende Besorgnis \u00fcber die M\u00f6glichkeit eines gr\u00f6\u00dferen bewaffneten Konflikts. Sicherheitsexperten warnen, dass die Eskalation zu offenen Zusammenst\u00f6\u00dfen nicht nur zwischen Iran und Israel, sondern auch zu einer weiteren Beteiligung regionaler Akteure und der internationalen Gemeinschaft f\u00fchren k\u00f6nnte.<\/strong><\/p>\n<\/blockquote>\n\n\n\n<p>Der UN-Sicherheitsrat hat eine Dringlichkeitssitzung einberufen, um Ma\u00dfnahmen zur Verhinderung einer weiteren Eskalation der Situation zu er\u00f6rtern. Europ\u00e4ische L\u00e4nder, darunter Deutschland und Frankreich, haben alle Parteien aufgefordert, die K\u00e4mpfe sofort einzustellen und zu einer diplomatischen L\u00f6sung zur\u00fcckzukehren. Zum jetzigen Zeitpunkt ist jedoch unklar, ob Teheran und Washington bereit sind, von einer weiteren milit\u00e4rischen Eskalation Abstand zu nehmen.<\/p>\n\n\n\n<p><strong>gnews.cz - GH<\/strong><\/p>","protected":false},"excerpt":{"rendered":"<p>WASHINGTON - Die Vereinigten Staaten haben sich heute Abend offiziell an einer Milit\u00e4roperation gegen das iranische Atomprogramm beteiligt. U.S. Streitkr\u00e4fte f\u00fchrten...<\/p>","protected":false},"author":2,"featured_media":28025,"comment_status":"closed","ping_status":"closed","sticky":false,"template":"","format":"standard","meta":{"_acf_changed":false,"_lmt_disableupdate":"","_lmt_disable":"","footnotes":""},"categories":[7,1,580,2973],"tags":[496,760,10,17,38,41],"class_list":["post-29897","post","type-post","status-publish","format-standard","has-post-thumbnail","hentry","category-politika","category-tema","category-vyber-sefredaktora","category-zahranicni","tag-donald-trump","tag-iran-3","tag-news","tag-top","tag-usa","tag-world"],"acf":[],"aioseo_notices":[],"_links":{"self":[{"href":"https:\/\/gnews.cz\/de\/wp-json\/wp\/v2\/posts\/29897","targetHints":{"allow":["GET"]}}],"collection":[{"href":"https:\/\/gnews.cz\/de\/wp-json\/wp\/v2\/posts"}],"about":[{"href":"https:\/\/gnews.cz\/de\/wp-json\/wp\/v2\/types\/post"}],"author":[{"embeddable":true,"href":"https:\/\/gnews.cz\/de\/wp-json\/wp\/v2\/users\/2"}],"replies":[{"embeddable":true,"href":"https:\/\/gnews.cz\/de\/wp-json\/wp\/v2\/comments?post=29897"}],"version-history":[{"count":0,"href":"https:\/\/gnews.cz\/de\/wp-json\/wp\/v2\/posts\/29897\/revisions"}],"wp:featuredmedia":[{"embeddable":true,"href":"https:\/\/gnews.cz\/de\/wp-json\/wp\/v2\/media\/28025"}],"wp:attachment":[{"href":"https:\/\/gnews.cz\/de\/wp-json\/wp\/v2\/media?parent=29897"}],"wp:term":[{"taxonomy":"category","embeddable":true,"href":"https:\/\/gnews.cz\/de\/wp-json\/wp\/v2\/categories?post=29897"},{"taxonomy":"post_tag","embeddable":true,"href":"https:\/\/gnews.cz\/de\/wp-json\/wp\/v2\/tags?post=29897"}],"curies":[{"name":"wp","href":"https:\/\/api.w.org\/{rel}","templated":true}]}}