{"id":30162,"date":"2025-06-30T13:00:00","date_gmt":"2025-06-30T11:00:00","guid":{"rendered":"https:\/\/www.gnews.cz\/?p=30162"},"modified":"2025-07-19T10:18:00","modified_gmt":"2025-07-19T08:18:00","slug":"zusammenfassung-der-letzten-25-wochen-uber-allgemeine-nachrichten-26-cervna-29-cervna-2025","status":"publish","type":"post","link":"https:\/\/gnews.cz\/de\/tema\/shrnuti-uplynuleho-25-tydne-na-general-news-26-cervna-29-cervna-2025\/","title":{"rendered":"R\u00fcckblick auf die letzten 26 Wochen in den Allgemeinen Nachrichten (26. Juni - 29. Juni 2025)"},"content":{"rendered":"<ul class=\"wp-block-list\">\n<li><strong>Am 23. Juni 2025 feuerte der Iran Raketen auf US-St\u00fctzpunkte in Katar und im Irak ab: Vergeltung f\u00fcr US-Angriff<\/strong><\/li>\n<\/ul>\n\n\n\n<blockquote class=\"wp-block-quote is-layout-flow wp-block-quote-is-layout-flow\">\n<p>Die iranische Nachrichtenagentur Tasnim meldete, der Iran habe ballistische Raketen auf US-Milit\u00e4rst\u00fctzpunkte in Katar und im Irak abgeschossen. Der Angriff sei ein Vergeltungsschlag f\u00fcr einen US-Angriff auf iranische Atomanlagen in der Nacht zum Sonntag, so das iranische Staatsfernsehen. <strong><a href=\"https:\/\/gnews.cz\/de\/politik-2\/iran-feuert-raketen-auf-us-basen-in-katar-und-irak-als-vergeltung-fur-us-angriff\/\" title=\"\">gnews.cz<\/a><\/strong><\/p>\n<\/blockquote>\n\n\n\n<ul class=\"wp-block-list\">\n<li><strong>24. Juni 2025 Der erste Eckpfeiler einer multipolaren Welt. Ausl\u00e4ndische Delegierte \u00fcber die Gr\u00fcnde f\u00fcr die Teilnahme am SPIEF-2025<\/strong><\/li>\n<\/ul>\n\n\n\n<blockquote class=\"wp-block-quote is-layout-flow wp-block-quote-is-layout-flow\">\n<p>Die Versuche der westlichen Medien, die Welt davon zu \u00fcberzeugen, dass Russland b\u00f6se ist, wirken oft l\u00e4cherlich, hinterlassen aber ihre Spuren in der internationalen Politik. So riet das moldauische Au\u00dfenministerium seinen B\u00fcrgern k\u00fcrzlich, von nicht unbedingt notwendigen Reisen in die Russische F\u00f6deration abzusehen, da diese gef\u00e4hrlich seien. F\u00fcr die moldauische Delegation war das Internationale Wirtschaftsforum in St. Petersburg ein wichtiger Grund f\u00fcr die Reise. <strong><a href=\"https:\/\/gnews.cz\/de\/thema\/der-erste-grundstein-einer-multipolaren-welt-auslandsdelegierte-uber-die-grunde-fur-einen-besuch-der-spief-2025\/\" title=\"\">gnews.cz<\/a><\/strong><\/p>\n<\/blockquote>\n\n\n\n<ul class=\"wp-block-list\">\n<li><strong>25. Juni 2025 NATO-Gipfel 2025: Trumps Druck und Ruttes Diplomatie<\/strong><\/li>\n<\/ul>\n\n\n\n<blockquote class=\"wp-block-quote is-layout-flow wp-block-quote-is-layout-flow\">\n<p>Der j\u00fcngste NATO-Gipfel in Den Haag war ein wichtiger Moment f\u00fcr das B\u00fcndnis in einer Zeit wachsender geopolitischer Spannungen. Die wichtigsten Themen waren die drastische Erh\u00f6hung der Verteidigungshaushalte, die k\u00fcnftige Unterst\u00fctzung f\u00fcr die Ukraine und die Rolle von US-Pr\u00e4sident Donald Trump. Der neue NATO-Generalsekret\u00e4r Mark Rutte bem\u00fchte sich, die Einheit des B\u00fcndnisses aufrechtzuerhalten, w\u00e4hrend die tschechische Delegation unter Leitung von Pr\u00e4sident Petr Pavel die Notwendigkeit einer St\u00e4rkung der kollektiven Verteidigung und der weiteren Unterst\u00fctzung f\u00fcr die Ukraine betonte. <strong><a href=\"https:\/\/gnews.cz\/de\/wirtschaft\/nato-gipfel-2025-trumps-druck-und-ruttes-diplomatie\/\" title=\"\">gnews.cz<\/a><\/strong><\/p>\n<\/blockquote>\n\n\n\n<ul class=\"wp-block-list\">\n<li><strong>26. Juni 2925 Zielvorgabe von f\u00fcnf Prozent der Verteidigungsausgaben offenbart NATO-Pattstellung<\/strong><\/li>\n<\/ul>\n\n\n\n<blockquote class=\"wp-block-quote is-layout-flow wp-block-quote-is-layout-flow\">\n<p>Die Verhandlungen auf dem NATO-Gipfel, die zwar auf eine Erweiterung abzielen, aber unter den Mitgliedern gespalten sind, zeigen, dass ein europ\u00e4ischer Sicherheitskonsens schwer zu erreichen ist. Das vorgeschlagene Ziel von f\u00fcnf Prozent der Verteidigungsausgaben hat die Kluft im Sicherheitsvertrauen zwischen den USA und der EU und die tiefe Spaltung zwischen den NATO-Mitgliedstaaten noch deutlicher gemacht. <strong><a href=\"https:\/\/gnews.cz\/de\/wirtschaft\/das-ziel-von-funf-prozent-der-verteidigungsausgaben-hat-eine-patt-situation-fur-die-nato-offenbart\/\" title=\"\">gnews.cz<\/a><\/strong><\/p>\n<\/blockquote>\n\n\n\n<ul class=\"wp-block-list\">\n<li><strong>27. Juni 2025 Der chinesische Au\u00dfenminister Wang Yi f\u00fchrt Gespr\u00e4che mit Gesandten der EU und der Mitgliedstaaten<\/strong><\/li>\n<\/ul>\n\n\n\n<blockquote class=\"wp-block-quote is-layout-flow wp-block-quote-is-layout-flow\">\n<p>Anl\u00e4sslich des 50. Jahrestages der Aufnahme diplomatischer Beziehungen zwischen China und der EU traf der chinesische Au\u00dfenminister Wang Yi in Peking mit Vertretern der Europ\u00e4ischen Union und der Mitgliedstaaten zusammen. Er hob China und die EU als zwei wichtige konstruktive globale Akteure hervor und rief dazu auf, das gegenseitige Vertrauen zu vertiefen, Unterschiede zu \u00fcberwinden und die umfassende strategische Partnerschaft zwischen China und der EU weiter auszubauen. <strong><a href=\"https:\/\/gnews.cz\/de\/thema\/der-chinesische-ausenminister-wang-yi-fuhrte-gesprache-mit-gesandten-der-eu-und-der-mitgliedsstaaten\/\" title=\"\">gnews.cz<\/a><\/strong><\/p>\n<\/blockquote>\n\n\n\n<ul class=\"wp-block-list\">\n<li>28. Juni 2025 Gesetzentwurf zur Beendigung des Lebens verabschiedet das britische Unterhaus - Reaktion der katholischen und anglikanischen Kirchen<\/li>\n<\/ul>\n\n\n\n<blockquote class=\"wp-block-quote is-layout-flow wp-block-quote-is-layout-flow\">\n<p>VATIKANSTADT - Katholiken und Anglikaner sprechen sich gegen die Verabschiedung des Gesetzes \u00fcber unheilbar kranke Menschen durch das britische Unterhaus aus. <strong><a href=\"https:\/\/gnews.cz\/de\/thema\/das-gesetz-uber-die-beendigung-des-lebens-hat-das-britische-unterhaus-als-reaktion-auf-die-katholische-und-anglikanische-kirche-passiert\/\" title=\"\">gnews.cz<\/a><\/strong><\/p>\n<\/blockquote>\n\n\n\n<ul class=\"wp-block-list\">\n<li><strong>29. Juni 2025 Oscar Wilde, Honor\u00e9 de Balzac, Fryderyk Chopin, Amedeo Modigliani, Franti\u0161ek Kupka und die Kommunarden<\/strong><\/li>\n<\/ul>\n\n\n\n<blockquote class=\"wp-block-quote is-layout-flow wp-block-quote-is-layout-flow\">\n<p>Ich m\u00f6chte eine Erfahrung mit Ihnen teilen. Wie ich manchmal schreibe, mag ich Oscar Wilde. Ich beschloss, bei einem Besuch sein Grab zu besuchen. Ja, ich habe schon viele Friedh\u00f6fe besucht, aber dieser war wirklich gro\u00df, nicht nur von der Fl\u00e4che her, sondern irgendwie auch von der \"Besetzung\" her richtig gro\u00df. Es gibt hier eine Reihe von Pers\u00f6nlichkeiten, die sowohl mein Leben als auch mein Denken beeinflusst haben.<strong> <a href=\"https:\/\/gnews.cz\/de\/thema\/oskar-wilde-honore-de-balzac-jimi-morris-friederyk-chopin-amedeo-modigliani-frantisek-kupka-i-komunardi\/\" title=\"\">gnews.cz<\/a><\/strong><\/p>\n<\/blockquote>\n\n\n\n<p><strong>Allgemeine Nachrichten<\/strong><\/p>","protected":false},"excerpt":{"rendered":"<p>Die iranische Nachrichtenagentur Tasnim meldete, der Iran habe ballistische Raketen auf US-Milit\u00e4rst\u00fctzpunkte in Katar und im Irak abgefeuert. Dieser Angriff war nach Angaben der...<\/p>","protected":false},"author":2,"featured_media":30170,"comment_status":"closed","ping_status":"closed","sticky":false,"template":"","format":"standard","meta":{"_acf_changed":false,"_lmt_disableupdate":"","_lmt_disable":"","footnotes":""},"categories":[2968,7,1,1376,580,2973],"tags":[46,78,10,26,17,225,41],"class_list":["post-30162","post","type-post","status-publish","format-standard","has-post-thumbnail","hentry","category-domaci","category-politika","category-tema","category-tyden-na-general-news","category-vyber-sefredaktora","category-zahranicni","tag-eu","tag-evropa","tag-news","tag-rusko","tag-top","tag-velka-britanie","tag-world"],"acf":[],"aioseo_notices":[],"_links":{"self":[{"href":"https:\/\/gnews.cz\/de\/wp-json\/wp\/v2\/posts\/30162","targetHints":{"allow":["GET"]}}],"collection":[{"href":"https:\/\/gnews.cz\/de\/wp-json\/wp\/v2\/posts"}],"about":[{"href":"https:\/\/gnews.cz\/de\/wp-json\/wp\/v2\/types\/post"}],"author":[{"embeddable":true,"href":"https:\/\/gnews.cz\/de\/wp-json\/wp\/v2\/users\/2"}],"replies":[{"embeddable":true,"href":"https:\/\/gnews.cz\/de\/wp-json\/wp\/v2\/comments?post=30162"}],"version-history":[{"count":0,"href":"https:\/\/gnews.cz\/de\/wp-json\/wp\/v2\/posts\/30162\/revisions"}],"wp:featuredmedia":[{"embeddable":true,"href":"https:\/\/gnews.cz\/de\/wp-json\/wp\/v2\/media\/30170"}],"wp:attachment":[{"href":"https:\/\/gnews.cz\/de\/wp-json\/wp\/v2\/media?parent=30162"}],"wp:term":[{"taxonomy":"category","embeddable":true,"href":"https:\/\/gnews.cz\/de\/wp-json\/wp\/v2\/categories?post=30162"},{"taxonomy":"post_tag","embeddable":true,"href":"https:\/\/gnews.cz\/de\/wp-json\/wp\/v2\/tags?post=30162"}],"curies":[{"name":"wp","href":"https:\/\/api.w.org\/{rel}","templated":true}]}}