{"id":30223,"date":"2025-07-01T09:00:00","date_gmt":"2025-07-01T07:00:00","guid":{"rendered":"https:\/\/www.gnews.cz\/?p=30223"},"modified":"2025-07-04T09:03:28","modified_gmt":"2025-07-04T07:03:28","slug":"tagliche-zusammenfassung-der-wirtschaft-in-cr-elektrarna-dukovany-veolia-energie-cr-energo-a-natland-01-juli-2025","status":"publish","type":"post","link":"https:\/\/gnews.cz\/de\/tema\/denni-shrnuti-ekonomiky-v-cr-elektrarna-dukovany-veolia-energie-cr-energo-a-natland-01-cervence-2025\/","title":{"rendered":"T\u00e4glicher \u00dcberblick \u00fcber die tschechische Wirtschaft: das Kraftwerk Dukovany, Veolia Energie \u010cR, Energo und Natland (01 Juli 2025)\u00a0"},"content":{"rendered":"\n<p><strong>P\u0159ehled nejnov\u011bj\u0161\u00edch ekonomick\u00fdch ud\u00e1lost\u00ed v \u010cR<\/strong><\/p>\n\n\n\n<p>\u010cesk\u00e1 ekonomika vstupuje do druh\u00e9 poloviny roku 2025 s rostouc\u00edm rozpo\u010dtov\u00fdm deficitem, v\u00fdznamn\u00fdmi investicemi do infrastruktury a pokra\u010duj\u00edc\u00edmi akvizicemi v energetice. Ministerstvo financ\u00ed ozn\u00e1milo, \u017ee za prvn\u00ed pololet\u00ed vydalo st\u0159edn\u011bdob\u00e9 a dlouhodob\u00e9 dluhopisy v nomin\u00e1ln\u00ed hodnot\u011b 181,3 miliardy korun, co\u017e je n\u00e1r\u016fst oproti lo\u0148sk\u00fdm 146,3 miliard\u00e1m korun . Tento r\u016fst je spojen s vy\u0161\u0161\u00edmi spl\u00e1tkami dluhopis\u016f vydan\u00fdch v minulosti a pl\u00e1novan\u00fdm ro\u010dn\u00edm objemem emis\u00ed mezi 350 a 450 miliardami korun.&nbsp;<\/p>\n\n\n\n<p>Ministr financ\u00ed Zbyn\u011bk Stanjura (ODS) uvedl, \u017ee rozpo\u010dtov\u00fd schodek v p\u0159\u00ed\u0161t\u00edm roce pravd\u011bpodobn\u011b dos\u00e1hne 280 miliard korun, co\u017e je n\u00e1r\u016fst oproti leto\u0161n\u00edmu pl\u00e1nu 241 miliard korun. Hlavn\u00edmi d\u016fvody jsou zv\u00fd\u0161en\u00e9 v\u00fddaje na obranu a investice do v\u00fdstavby nov\u00fdch jadern\u00fdch blok\u016f v <strong>elektr\u00e1rn\u011b Dukovany<\/strong>.<\/p>\n\n\n\n<p>V oblasti \u017eelezni\u010dn\u00ed infrastruktury <strong>Spr\u00e1va \u017eeleznic<\/strong> ozn\u00e1mila, \u017ee za prvn\u00ed pololet\u00ed zavedla zabezpe\u010dovac\u00ed syst\u00e9m ETCS na 1 200 kilometrech trat\u00ed a dopravci vybavili 1 981 vozidel palubn\u00edmi jednotkami. Ministerstvo dopravy p\u0159isp\u011blo dopravc\u016fm na tyto jednotky \u010d\u00e1stkou 10,5 miliardy korun .<\/p>\n\n\n\n<p><strong>Zahrani\u010dn\u00ed investice<\/strong><\/p>\n\n\n\n<p>Skupina <strong>Veolia Energie \u010cR<\/strong> pokra\u010duje v expanzi na \u010desk\u00e9m trhu. Ned\u00e1vno podepsala smlouvu o koupi majoritn\u00edho pod\u00edlu v <strong>Energo P\u0159\u00edbram<\/strong> od investi\u010dn\u00ed skupiny <strong>Natland<\/strong>. Energo P\u0159\u00edbram je hlavn\u00edm dodavatelem tepla a tepl\u00e9 vody pro obyvatele P\u0159\u00edbrami. Transakce podl\u00e9h\u00e1 schv\u00e1len\u00ed \u00da\u0159adu pro ochranu hospod\u00e1\u0159sk\u00e9 sout\u011b\u017ee .<\/p>\n\n\n\n<p><strong>Veolia <\/strong>tak\u00e9 odkoupila 15% pod\u00edl ve spole\u010dnosti <strong>Veolia Energie \u010cR <\/strong>od skupiny<strong> \u010cEZ<\/strong>, \u010d\u00edm\u017e zv\u00fd\u0161ila sv\u016fj pod\u00edl na v\u00edce ne\u017e 98 %. Tato akvizice je sou\u010d\u00e1st\u00ed strategick\u00e9ho programu GreenUp, kter\u00fd m\u00e1 za c\u00edl urychlit ekologickou transformaci energetick\u00fdch aktivit spole\u010dnosti .<\/p>\n\n\n\n<p>V oblasti energetick\u00fdch \u00faspor <strong>Veolia<\/strong> prost\u0159ednictv\u00edm sv\u00e9 dce\u0159in\u00e9 spole\u010dnosti<strong> Advance Energo<\/strong> podepsala smlouvy na realizaci EPC projekt\u016f s <strong>Nemocnic\u00ed Rudolfa a Stefanie Bene\u0161ov <\/strong>a <strong>Oblastn\u00ed nemocnic\u00ed P\u0159\u00edbram<\/strong>. Tyto projekty v hodnot\u011b bezm\u00e1la 270 milion\u016f korun maj\u00ed za c\u00edl sn\u00ed\u017eit energetickou n\u00e1ro\u010dnost nemocni\u010dn\u00edch budov a za\u0159\u00edzen\u00ed. Veolia garantuje, \u017ee v n\u00e1sleduj\u00edc\u00edch 10 letech p\u0159inesou nemocnic\u00edm energetick\u00e9 \u00faspory v hodnot\u011b t\u00e9m\u011b\u0159 100 milion\u016f korun .<\/p>\n\n\n\n<p><strong>V\u00fdznamn\u00e9 ud\u00e1losti mimo \u010cR s glob\u00e1ln\u00edm dopadem<\/strong><\/p>\n\n\n\n<p>Evropsk\u00e1 komise p\u0159edstavila pl\u00e1n na pos\u00edlen\u00ed evropsk\u00e9 obranyschopnosti a okam\u017eitou pomoc Ukrajin\u011b, kter\u00fd by m\u011bl zp\u0159\u00edstupnit a\u017e 800 miliard eur (20 bilion\u016f K\u010d). V reakci na to ministr financ\u00ed Zbyn\u011bk Stanjura p\u0159edlo\u017eil n\u00e1vrh, kter\u00fd by vl\u00e1d\u011b umo\u017enil zvy\u0161ovat v\u00fddaje na obranu nad dosavadn\u00ed dv\u011b procenta HDP, a to i nad schv\u00e1len\u00fd v\u00fddajov\u00fd r\u00e1mec rozpo\u010dtu .<\/p>\n\n\n\n<p>Tento krok je v souladu s rozhodnut\u00edm vl\u00e1dy postupn\u011b navy\u0161ovat v\u00fddaje na obranu o 0,2 procenta HDP ro\u010dn\u011b a\u017e do roku 2030. C\u00edlem je dos\u00e1hnout v\u00fddaj\u016f na obranu ve v\u00fd\u0161i t\u0159\u00ed procent HDP, co\u017e by znamenalo nav\u00fd\u0161en\u00ed o p\u0159ibli\u017en\u011b 300 miliard korun .<\/p>\n\n\n\n<p>Tyto ud\u00e1losti nazna\u010duj\u00ed, \u017ee \u010cesk\u00e1 republika se p\u0159ipravuje na zv\u00fd\u0161en\u00e9 v\u00fddaje v oblasti obrany a energetiky, co\u017e bude m\u00edt dopad na st\u00e1tn\u00ed rozpo\u010det a celkovou ekonomickou stabilitu zem\u011b.&nbsp;<\/p>\n\n\n\n<p><\/p>\n\n\n<p>[currency_and_metal_rates]<\/p>\n\n\n\n<figure class=\"wp-block-image size-large\"><img decoding=\"async\" src=\"https:\/\/www.gnews.cz\/wp-content\/uploads\/2025\/06\/Screenshot_20250630_231839-1024x652.jpg\" alt=\"\" class=\"wp-image-30225\" \/><\/figure>\n\n\n\n<figure class=\"wp-block-image size-large\"><img decoding=\"async\" src=\"https:\/\/www.gnews.cz\/wp-content\/uploads\/2025\/06\/Screenshot_20250630_231919-1024x641.jpg\" alt=\"\" class=\"wp-image-30226\" \/><\/figure>\n\n\n\n<figure class=\"wp-block-image size-large\"><img decoding=\"async\" src=\"https:\/\/www.gnews.cz\/wp-content\/uploads\/2025\/06\/Screenshot_20250630_231855-1024x433.jpg\" alt=\"\" class=\"wp-image-30227\" \/><\/figure>\n\n\n\n<figure class=\"wp-block-image size-large\"><img decoding=\"async\" src=\"https:\/\/www.gnews.cz\/wp-content\/uploads\/2025\/06\/Screenshot_20250630_231957-1024x775.jpg\" alt=\"\" class=\"wp-image-30228\" \/><\/figure>\n\n\n\n<p>tradingeconomics.com<\/p>\n\n\n\n<p><strong>gnews.cz &#8211; GH<\/strong><\/p>\n","protected":false},"excerpt":{"rendered":"<p>Ein \u00dcberblick \u00fcber die j\u00fcngsten wirtschaftlichen Entwicklungen in der Tschechischen Republik Die tschechische Wirtschaft geht in die zweite H\u00e4lfte des Jahres 2025 mit einem wachsenden Haushaltsdefizit, erheblichen Investitionen in die Infrastruktur...<\/p>","protected":false},"author":2,"featured_media":30229,"comment_status":"closed","ping_status":"closed","sticky":false,"template":"","format":"standard","meta":{"_acf_changed":false,"_lmt_disableupdate":"","_lmt_disable":"","footnotes":""},"categories":[2968,4,3,1,2973],"tags":[45,3794,27,3767,46,78,3768,10,17,3795,41],"class_list":["post-30223","post","type-post","status-publish","format-standard","has-post-thumbnail","hentry","category-domaci","category-ekonomika","category-neprehlednete","category-tema","category-zahranicni","tag-cr","tag-denni-shrnuti-ekonomiky","tag-ekonomika","tag-energo","tag-eu","tag-evropa","tag-natland","tag-news","tag-top","tag-veolia","tag-world"],"acf":[],"aioseo_notices":[],"_links":{"self":[{"href":"https:\/\/gnews.cz\/de\/wp-json\/wp\/v2\/posts\/30223","targetHints":{"allow":["GET"]}}],"collection":[{"href":"https:\/\/gnews.cz\/de\/wp-json\/wp\/v2\/posts"}],"about":[{"href":"https:\/\/gnews.cz\/de\/wp-json\/wp\/v2\/types\/post"}],"author":[{"embeddable":true,"href":"https:\/\/gnews.cz\/de\/wp-json\/wp\/v2\/users\/2"}],"replies":[{"embeddable":true,"href":"https:\/\/gnews.cz\/de\/wp-json\/wp\/v2\/comments?post=30223"}],"version-history":[{"count":0,"href":"https:\/\/gnews.cz\/de\/wp-json\/wp\/v2\/posts\/30223\/revisions"}],"wp:featuredmedia":[{"embeddable":true,"href":"https:\/\/gnews.cz\/de\/wp-json\/wp\/v2\/media\/30229"}],"wp:attachment":[{"href":"https:\/\/gnews.cz\/de\/wp-json\/wp\/v2\/media?parent=30223"}],"wp:term":[{"taxonomy":"category","embeddable":true,"href":"https:\/\/gnews.cz\/de\/wp-json\/wp\/v2\/categories?post=30223"},{"taxonomy":"post_tag","embeddable":true,"href":"https:\/\/gnews.cz\/de\/wp-json\/wp\/v2\/tags?post=30223"}],"curies":[{"name":"wp","href":"https:\/\/api.w.org\/{rel}","templated":true}]}}