{"id":30270,"date":"2025-07-01T22:00:00","date_gmt":"2025-07-01T20:00:00","guid":{"rendered":"https:\/\/www.gnews.cz\/?p=30270"},"modified":"2025-07-01T20:25:44","modified_gmt":"2025-07-01T18:25:44","slug":"putin-und-macron-nehmen-den-dialog-nach-drei-jahren-wieder-auf-und-sprechen-uber-die-ukraine-und-den-nahen-osten","status":"publish","type":"post","link":"https:\/\/gnews.cz\/de\/tema\/putin-a-macron-obnovili-dialog-po-trech-letech-hovorili-o-ukrajine-a-blizkem-vychode\/","title":{"rendered":"Putin und Macron haben den Dialog nach drei Jahren wieder aufgenommen. Sie sprachen \u00fcber die Ukraine und den Nahen Osten"},"content":{"rendered":"<p><strong>MOSKAU\/PARIS - Der russische Pr\u00e4sident Wladimir Putin und der franz\u00f6sische Pr\u00e4sident Emmanuel Macron haben am Montag zum ersten Mal seit 2022 miteinander telefoniert, meldete die staatliche russische Nachrichtenagentur TASS unter Berufung auf eine Erkl\u00e4rung des Kremls. Im Mittelpunkt des Gespr\u00e4chs standen nach Angaben beider Seiten die Lage in der Ukraine und die Entwicklungen im Nahen Osten. Der Kreml bezeichnete die Gespr\u00e4che als \"substanziell\" und betonte, dass Russland zu diplomatischen L\u00f6sungen f\u00fcr die aktuellen Konflikte bereit sei, solange diese die russischen Interessen ber\u00fccksichtigten. \"Die Pr\u00e4sidenten er\u00f6rterten die aktuelle Lage in der Ukraine, wobei Putin russische Vorschl\u00e4ge f\u00fcr eine friedliche L\u00f6sung vorlegte\", teilte das Pr\u00e4sidialamt in Moskau mit.<\/strong><\/p>\n\n\n\n<p>Aus Paris war ein anderer Akzent zu h\u00f6ren. Laut Reuters forderte Macron den russischen Pr\u00e4sidenten in dem Telefonat zu einem \"sofortigen Waffenstillstand\" in der Ukraine auf und betonte die Notwendigkeit, das V\u00f6lkerrecht zu achten. Nach Angaben der franz\u00f6sischen Seite appellierte Macron au\u00dferdem an Russland, zum Abbau der Spannungen im Nahen Osten beizutragen. Die Gespr\u00e4che finden zu einer Zeit statt, in der die russische Invasion in der Ukraine andauert und die Spannungen im Gazastreifen und Libanon zunehmen. Es handelt sich um den ersten direkten Kontakt zwischen den beiden Staatsm\u00e4nnern seit Beginn des Krieges in der Ukraine, als die franz\u00f6sisch-russischen Beziehungen eingefroren waren. Politische Analysten sehen in dem Anruf einen Versuch von Paris, trotz der angespannten Beziehungen zwischen Russland und den westlichen Staaten die diplomatischen Kan\u00e4le zu Moskau wieder zu \u00f6ffnen. Es ist jedoch noch nicht klar, ob das Gespr\u00e4ch zu einem konkreten Ergebnis f\u00fchren wird.<\/p>\n\n\n\n<p><strong>gnews.cz - GH<\/strong><\/p>","protected":false},"excerpt":{"rendered":"<p>MOSKAU\/PARIS - Der russische Pr\u00e4sident Wladimir Putin und der franz\u00f6sische Pr\u00e4sident Emmanuel Macron haben am Montag zum ersten Mal seit 2022 wieder miteinander telefoniert,...<\/p>","protected":false},"author":2,"featured_media":30272,"comment_status":"closed","ping_status":"closed","sticky":false,"template":"","format":"standard","meta":{"_acf_changed":false,"_lmt_disableupdate":"","_lmt_disable":"","footnotes":""},"categories":[3,7,1,2973],"tags":[78,43,3774,10,3614,26,17,41],"class_list":["post-30270","post","type-post","status-publish","format-standard","has-post-thumbnail","hentry","category-neprehlednete","category-politika","category-tema","category-zahranicni","tag-evropa","tag-francie","tag-macron","tag-news","tag-putin","tag-rusko","tag-top","tag-world"],"acf":[],"aioseo_notices":[],"_links":{"self":[{"href":"https:\/\/gnews.cz\/de\/wp-json\/wp\/v2\/posts\/30270","targetHints":{"allow":["GET"]}}],"collection":[{"href":"https:\/\/gnews.cz\/de\/wp-json\/wp\/v2\/posts"}],"about":[{"href":"https:\/\/gnews.cz\/de\/wp-json\/wp\/v2\/types\/post"}],"author":[{"embeddable":true,"href":"https:\/\/gnews.cz\/de\/wp-json\/wp\/v2\/users\/2"}],"replies":[{"embeddable":true,"href":"https:\/\/gnews.cz\/de\/wp-json\/wp\/v2\/comments?post=30270"}],"version-history":[{"count":0,"href":"https:\/\/gnews.cz\/de\/wp-json\/wp\/v2\/posts\/30270\/revisions"}],"wp:featuredmedia":[{"embeddable":true,"href":"https:\/\/gnews.cz\/de\/wp-json\/wp\/v2\/media\/30272"}],"wp:attachment":[{"href":"https:\/\/gnews.cz\/de\/wp-json\/wp\/v2\/media?parent=30270"}],"wp:term":[{"taxonomy":"category","embeddable":true,"href":"https:\/\/gnews.cz\/de\/wp-json\/wp\/v2\/categories?post=30270"},{"taxonomy":"post_tag","embeddable":true,"href":"https:\/\/gnews.cz\/de\/wp-json\/wp\/v2\/tags?post=30270"}],"curies":[{"name":"wp","href":"https:\/\/api.w.org\/{rel}","templated":true}]}}