{"id":30343,"date":"2025-07-03T22:00:00","date_gmt":"2025-07-03T20:00:00","guid":{"rendered":"https:\/\/www.gnews.cz\/?p=30343"},"modified":"2025-07-04T04:30:06","modified_gmt":"2025-07-04T02:30:06","slug":"parlamentsprasidentin-metsolaova-europa-muss-mehr-fur-die-sicherheit-in-einer-instabilen-welt-tun","status":"publish","type":"post","link":"https:\/\/gnews.cz\/de\/tema\/predsedkyne-parlamentu-metsolaova-uvedla-ze-v-nestabilnim-svete-musi-evropa-udelat-vice-pro-bezpecnost\/","title":{"rendered":"Metsola, der Pr\u00e4sident des Europ\u00e4ischen Parlaments, sagte, dass Europa in einer instabilen Welt mehr f\u00fcr die Sicherheit tun m\u00fcsse."},"content":{"rendered":"<p><strong>BR\u00dcSSEL - Zum Nahen Osten sagte Pr\u00e4sident Metsola: \"Was wir derzeit zwischen Israel und dem Iran erleben, und dessen m\u00f6gliche Auswirkungen auf andere L\u00e4nder, ist ein Lackmustest f\u00fcr uns alle. Die j\u00fcngste Waffenstillstandsvereinbarung ist ein hoffnungsvoller Schritt nach vorn\". Sie betonte auch, dass \"der Iran keine Atombombe bekommen darf. Dies ist eine Bedrohung nicht nur f\u00fcr die Region, sondern f\u00fcr die ganze Welt.\" Zum Gazastreifen sagte sie, dass die Arbeit am Waffenstillstand fortgesetzt werden m\u00fcsse, und forderte \"die sofortige Freilassung aller Geiseln, ein Ende des Terrors und dass die humanit\u00e4re Hilfe die Menschen erreicht, die sie so dringend brauchen. Der Frieden mag schwierig sein, aber er ist nicht unm\u00f6glich\".<\/strong><\/p>\n\n\n\n<blockquote class=\"wp-block-quote is-layout-flow wp-block-quote-is-layout-flow\">\n<p><strong>In Bezug auf die Ukraine betonte sie, dass die EU ihre Unterst\u00fctzung auch f\u00fcr die k\u00fcnftige Mitgliedschaft der Ukraine aufrechterhalten m\u00fcsse: \"Die Ukraine und die Republik Moldau haben bereits die Bedingungen f\u00fcr die Aufnahme der ersten Verhandlungsrunde - das so genannte 'Kernthemen'-Clusters - erf\u00fcllt. Der Ball liegt nun bei uns. Wir m\u00fcssen den Schwung beibehalten.\" In Bezug auf die Verteidigung erw\u00e4hnte der Pr\u00e4sident die Vereinbarung der NATO, die Ziele f\u00fcr die Verteidigungsausgaben auf 5 % zu erh\u00f6hen, und betonte, dass das Europ\u00e4ische Parlament seinen Teil dazu beitrage, indem es das Gesetz \u00fcber das gemeinsame Beschaffungswesen und das Gesetz zur F\u00f6rderung der Munitionsproduktion z\u00fcgig vorantreibe. \"Das gleiche Gef\u00fchl der Dringlichkeit wird uns auch weiterhin leiten, wenn wir versuchen, das j\u00fcngste Omnibus-Verteidigungspaket bis Ende des Jahres abzuschlie\u00dfen. Unsere Verfahren sind reformiert und beschleunigt worden\", sagte sie.<\/strong><\/p>\n<\/blockquote>\n\n\n\n<p>In Bezug auf die Vereinfachung betonte sie, dass Europa Ergebnisse liefern m\u00fcsse, und auch hier handele das Europ\u00e4ische Parlament schnell, indem es einen \"Stop-the-Clock\"-Mechanismus annehme und die Sanktionen gegen die Automobilindustrie aussetze. \"Verfahren, die fr\u00fcher 9 Monate dauerten, k\u00f6nnen jetzt nur noch wenige Stunden dauern.\" Aber sie warnte auch: \"Wenn Europa schneller, intelligenter und KMU-freundlicher werden soll, m\u00fcssen wir \u00fcber kosmetische \u00c4nderungen hinausgehen.\"<\/p>\n\n\n\n<blockquote class=\"wp-block-quote is-layout-flow wp-block-quote-is-layout-flow\">\n<p><strong>Zum Thema Mutterschaftsrechte informierte die Pr\u00e4sidentin die Staats- und Regierungschefs der EU, dass das Europ\u00e4ische Parlament eine gezielte, enge und chirurgische \u00c4nderung des EU-Wahlgesetzes vorlegen wird, um schwangeren oder k\u00fcrzlich entbundenen Abgeordneten die M\u00f6glichkeit zu geben, ihre Stimme zu delegieren. Sie appellierte an die Staats- und Regierungschefs der EU, diese Ank\u00fcndigung zu unterst\u00fctzen: \"Keine Demokratie sollte jemals gew\u00e4hlte Vertreter daf\u00fcr bestrafen, dass sie sich f\u00fcr die Gr\u00fcndung einer Familie entschieden haben. Repr\u00e4sentation sollte niemals auf Kosten der Elternschaft gehen.\"<\/strong><\/p>\n<\/blockquote>\n\n\n\n<p><strong><a href=\"https:\/\/www.europarl.europa.eu\/news\/cs\/press-room\/20250626IPR29175\/metsola-to-eu-leaders-peace-may-be-difficult-but-it-is-not-impossible\" title=\"\">europarl.europa.eu\/<\/a>gnews.cz-me in<\/strong><\/p>","protected":false},"excerpt":{"rendered":"<p>BR\u00dcSSEL - Zum Nahen Osten sagte Pr\u00e4sident Metsola: \"Was wir zwischen Israel und dem Iran erleben und dessen m\u00f6gliche Auswirkungen auf andere...<\/p>","protected":false},"author":2,"featured_media":30344,"comment_status":"closed","ping_status":"closed","sticky":false,"template":"","format":"standard","meta":{"_acf_changed":false,"_lmt_disableupdate":"","_lmt_disable":"","footnotes":""},"categories":[7,1,580,2973],"tags":[3784,46,78,10,17,41],"class_list":["post-30343","post","type-post","status-publish","format-standard","has-post-thumbnail","hentry","category-politika","category-tema","category-vyber-sefredaktora","category-zahranicni","tag-ep-president-metsola","tag-eu","tag-evropa","tag-news","tag-top","tag-world"],"acf":[],"aioseo_notices":[],"_links":{"self":[{"href":"https:\/\/gnews.cz\/de\/wp-json\/wp\/v2\/posts\/30343","targetHints":{"allow":["GET"]}}],"collection":[{"href":"https:\/\/gnews.cz\/de\/wp-json\/wp\/v2\/posts"}],"about":[{"href":"https:\/\/gnews.cz\/de\/wp-json\/wp\/v2\/types\/post"}],"author":[{"embeddable":true,"href":"https:\/\/gnews.cz\/de\/wp-json\/wp\/v2\/users\/2"}],"replies":[{"embeddable":true,"href":"https:\/\/gnews.cz\/de\/wp-json\/wp\/v2\/comments?post=30343"}],"version-history":[{"count":0,"href":"https:\/\/gnews.cz\/de\/wp-json\/wp\/v2\/posts\/30343\/revisions"}],"wp:featuredmedia":[{"embeddable":true,"href":"https:\/\/gnews.cz\/de\/wp-json\/wp\/v2\/media\/30344"}],"wp:attachment":[{"href":"https:\/\/gnews.cz\/de\/wp-json\/wp\/v2\/media?parent=30343"}],"wp:term":[{"taxonomy":"category","embeddable":true,"href":"https:\/\/gnews.cz\/de\/wp-json\/wp\/v2\/categories?post=30343"},{"taxonomy":"post_tag","embeddable":true,"href":"https:\/\/gnews.cz\/de\/wp-json\/wp\/v2\/tags?post=30343"}],"curies":[{"name":"wp","href":"https:\/\/api.w.org\/{rel}","templated":true}]}}