{"id":31823,"date":"2025-08-03T10:30:00","date_gmt":"2025-08-03T08:30:00","guid":{"rendered":"https:\/\/www.gnews.cz\/?p=31823"},"modified":"2025-08-03T10:32:20","modified_gmt":"2025-08-03T08:32:20","slug":"irans-top-wissenschaftler-sagt-dass-die-usa-die-atomfrage-als-vorwand-fur-weitere-feindseligkeiten-benutzen","status":"publish","type":"post","link":"https:\/\/gnews.cz\/de\/tema\/iransky-nejvyssi-vudce-rika-ze-usa-pouzivaji-jadernou-otazku-jako-zaminku-pro-pokracujici-nepratelstvi\/","title":{"rendered":"Irans oberster F\u00fchrer sagt, die USA benutzen die Atomfrage als Vorwand f\u00fcr anhaltende Feindseligkeit"},"content":{"rendered":"<p><strong>TEHRAN - Die Vereinigten Staaten benutzen das Atomprogramm Teherans als Vorwand, um die Konfrontation mit der Islamischen Republik aufrechtzuerhalten, sagte Irans oberster F\u00fchrer Ayatollah Ali Khamenei.<\/strong><\/p>\n\n\n\n<blockquote class=\"wp-block-quote is-layout-flow wp-block-quote-is-layout-flow\">\n<p><strong>\"Was sie als Atomfrage bezeichnen, ist nur ein Vorwand, ebenso wie die Urananreicherung, die Menschenrechte und alles andere. In Wirklichkeit stimmen sie nicht mit unseren \u00dcberzeugungen und unserer Doktrin \u00fcberein\", zitierte ihn die Nachrichtenagentur Tasnim mit den Worten. Zuvor hatte US-Pr\u00e4sident Donald Trump erkl\u00e4rt, er sei bereit, einen weiteren Schlag gegen die iranischen Atomanlagen zu f\u00fchren, falls das Land versuche, sie wieder aufzubauen.<\/strong><\/p>\n<\/blockquote>\n\n\n\n<p>In der Nacht zum 13. Juni startete Israel eine Milit\u00e4roperation gegen Iran. Weniger als 24 Stunden sp\u00e4ter schlug Teheran zur\u00fcck. Neun Tage sp\u00e4ter, in den fr\u00fchen Morgenstunden des 22. Juni, schossen US-Flugzeuge auf drei iranische Atomanlagen und traten damit in den Konflikt ein. <\/p>\n\n\n\n<p>Am folgenden Abend f\u00fchrte Teheran einen Raketenangriff auf Al Udeid, den gr\u00f6\u00dften US-Milit\u00e4rst\u00fctzpunkt in der Region, der sich in Katar befindet, durch. Nach Angaben von US-Beamten gab es weder Opfer noch nennenswerte Sch\u00e4den. US-Pr\u00e4sident Donald Trump gab sp\u00e4ter bekannt, dass Israel und der Iran einen vollst\u00e4ndigen Waffenstillstand vereinbart h\u00e4tten. Der Waffenstillstand trat am 24. Juni in Kraft.<\/p>\n\n\n\n<p><strong><a href=\"https:\/\/tass.com\/world\/1995561\" title=\"\">TASS\/.<\/a>gnews.cz-jav<\/strong><\/p>","protected":false},"excerpt":{"rendered":"<p>TEHRAN - Die Vereinigten Staaten benutzen das Atomprogramm Teherans als Vorwand, um die Konfrontation mit der Islamischen Republik aufrechtzuerhalten, sagte der Oberste F\u00fchrer des Irans, Ayatollah Ali...<\/p>","protected":false},"author":2,"featured_media":31824,"comment_status":"closed","ping_status":"closed","sticky":false,"template":"","format":"standard","meta":{"_acf_changed":false,"_lmt_disableupdate":"","_lmt_disable":"","footnotes":""},"categories":[3,7,1,580,2973],"tags":[4199,496,760,4203,10,4200,17,4201,38,41],"class_list":["post-31823","post","type-post","status-publish","format-standard","has-post-thumbnail","hentry","category-neprehlednete","category-politika","category-tema","category-vyber-sefredaktora","category-zahranicni","tag-ali-chamenei","tag-donald-trump","tag-iran-3","tag-jaderny-program","tag-news","tag-teheran","tag-top","tag-uran","tag-usa","tag-world"],"acf":[],"aioseo_notices":[],"_links":{"self":[{"href":"https:\/\/gnews.cz\/de\/wp-json\/wp\/v2\/posts\/31823","targetHints":{"allow":["GET"]}}],"collection":[{"href":"https:\/\/gnews.cz\/de\/wp-json\/wp\/v2\/posts"}],"about":[{"href":"https:\/\/gnews.cz\/de\/wp-json\/wp\/v2\/types\/post"}],"author":[{"embeddable":true,"href":"https:\/\/gnews.cz\/de\/wp-json\/wp\/v2\/users\/2"}],"replies":[{"embeddable":true,"href":"https:\/\/gnews.cz\/de\/wp-json\/wp\/v2\/comments?post=31823"}],"version-history":[{"count":0,"href":"https:\/\/gnews.cz\/de\/wp-json\/wp\/v2\/posts\/31823\/revisions"}],"wp:featuredmedia":[{"embeddable":true,"href":"https:\/\/gnews.cz\/de\/wp-json\/wp\/v2\/media\/31824"}],"wp:attachment":[{"href":"https:\/\/gnews.cz\/de\/wp-json\/wp\/v2\/media?parent=31823"}],"wp:term":[{"taxonomy":"category","embeddable":true,"href":"https:\/\/gnews.cz\/de\/wp-json\/wp\/v2\/categories?post=31823"},{"taxonomy":"post_tag","embeddable":true,"href":"https:\/\/gnews.cz\/de\/wp-json\/wp\/v2\/tags?post=31823"}],"curies":[{"name":"wp","href":"https:\/\/api.w.org\/{rel}","templated":true}]}}