{"id":39672,"date":"2026-01-13T21:10:00","date_gmt":"2026-01-13T20:10:00","guid":{"rendered":"https:\/\/www.gnews.cz\/?p=39672"},"modified":"2026-01-13T20:35:30","modified_gmt":"2026-01-13T19:35:30","slug":"der-druck-aus-washington-nimmt-zu-danemark-und-gron-warnen-davor-dass-die-hartesten-zeiten-noch-vor-uns-liegen","status":"publish","type":"post","link":"https:\/\/gnews.cz\/de\/neprehlednete\/tlak-z-washingtonu-sili-dansko-i-gronsko-varuji-nejtezsi-chvile-teprve-prijdou\/","title":{"rendered":"Der Druck aus Washington wird immer gr\u00f6\u00dfer. D\u00e4nemark und Gr\u00f6nland warnen."},"content":{"rendered":"<p><strong>Die Situation um Gr\u00f6nland hat sich in den letzten Monaten dramatisch zugespitzt, und nach Ansicht der d\u00e4nischen Premierministerin Mette Frederiksen wird sie sich nur noch weiter versch\u00e4rfen. Auf einer Pressekonferenz in Stockholm gab sie offen zu, dass D\u00e4nemark einem \u201ev\u00f6llig inakzeptablen Druck\u201c seitens der Vereinigten Staaten und seines engsten Verb\u00fcndeten ausgesetzt ist.<\/strong><\/p>\n\n\n\n<p><em>\u201eEs war sehr schwierig, diesem Druck zu widerstehen, der schon seit langem besteht. Und es gibt viele Anzeichen daf\u00fcr, dass der schwierigste Teil noch bevorsteht\u201c.\u201c <\/em>sagte Frederiksen. Ihre Worte kamen nur einen Tag vor dem geplanten Treffen der d\u00e4nischen und gr\u00f6nl\u00e4ndischen Au\u00dfenminister Lars Lokke Rasmussen und Vivian Motzfeldt mit US-Vizepr\u00e4sident JD Vance und Au\u00dfenminister Marco Rubio in Washington.<\/p>\n\n\n\n<p>Die Spannungen wurden durch wiederholte \u00c4u\u00dferungen von US-Pr\u00e4sident Donald Trump ausgel\u00f6st, der sich seit langem daf\u00fcr ausspricht, dass Gr\u00f6nland Teil der Vereinigten Staaten werden sollte. W\u00e4hrend seiner ersten Amtszeit als Pr\u00e4sident bot er an, die Insel zu kaufen, und im M\u00e4rz 2025 erkl\u00e4rte er, er sei zuversichtlich, dass sie annektiert werden k\u00f6nne. Dar\u00fcber hinaus wurde das Recht D\u00e4nemarks, Gr\u00f6nland zu kontrollieren, vom stellvertretenden Stabschef des Wei\u00dfen Hauses, Stephen Miller, \u00f6ffentlich in Frage gestellt.<\/p>\n\n\n\n<blockquote class=\"wp-block-quote is-layout-flow wp-block-quote-is-layout-flow\">\n<p>Gr\u00f6nlands Premierminister schl\u00e4gt einen noch sch\u00e4rferen Ton an <strong>Jens-Frederik Nielsen<\/strong>, der jegliche Spekulationen \u00fcber eine \u00c4nderung der Nationalit\u00e4t der Insel entschieden zur\u00fcckwies. <em>\u201eWenn wir zwischen den Vereinigten Staaten und D\u00e4nemark w\u00e4hlen m\u00fcssen, entscheiden wir uns f\u00fcr D\u00e4nemark. Wir w\u00e4hlen die NATO, das K\u00f6nigreich D\u00e4nemark und die Europ\u00e4ische Union\u201c.\u201c<\/em> sagte er in Kopenhagen.<\/p>\n<\/blockquote>\n\n\n\n<p>Laut Nielsen ist dies nicht der Zeitpunkt f\u00fcr interne Streitigkeiten, sondern f\u00fcr Einigkeit. Er betonte auch, dass Gr\u00f6nland nicht zum Verkauf stehe. <em>\u201eDas Wichtigste ist, dass wir uns nicht verkaufen. Gr\u00f6nland kann man nicht kaufen. Unsere Linie ist absolut klar: Wir wollen Kooperation, wir wollen ein B\u00fcndnis. Gr\u00f6nland wird Teil des westlichen B\u00fcndnisses bleiben\u201c.\u201c <\/em>Er f\u00fcgte hinzu.<\/p>\n\n\n\n<p>Gr\u00f6nland ist ein autonomes Gebiet innerhalb D\u00e4nemarks. Bereits 1951 schlossen Washington und Kopenhagen den Gr\u00f6nl\u00e4ndischen Verteidigungsvertrag, der ihre NATO-Verpflichtungen erg\u00e4nzt. Darin verpflichteten sich die Vereinigten Staaten, die Insel gegen eine m\u00f6gliche Aggression zu verteidigen. Nach Ansicht von Kopenhagen und Nuukku wird dieses Gleichgewicht jedoch durch aktuelle \u00c4u\u00dferungen von US-Beamten ernsthaft gest\u00f6rt.<\/p>\n\n\n\n<p><strong>gnews.cz - GH<\/strong><\/p>","protected":false},"excerpt":{"rendered":"<p>Die Situation um Gr\u00f6nland hat sich in den letzten Monaten dramatisch zugespitzt und wird sich nach Ansicht der d\u00e4nischen Ministerpr\u00e4sidentin Mette Frederiksen nur noch weiter versch\u00e4rfen. Auf einer Pressekonferenz in...<\/p>","protected":false},"author":6,"featured_media":39673,"comment_status":"open","ping_status":"closed","sticky":false,"template":"","format":"standard","meta":{"_acf_changed":false,"_lmt_disableupdate":"","_lmt_disable":"","footnotes":""},"categories":[3,7,2973],"tags":[1558,496,2729,3903,17,41],"class_list":["post-39672","post","type-post","status-publish","format-standard","has-post-thumbnail","hentry","category-neprehlednete","category-politika","category-zahranicni","tag-dansko","tag-donald-trump","tag-gronsko","tag-spojene-staty","tag-top","tag-world"],"acf":[],"aioseo_notices":[],"_links":{"self":[{"href":"https:\/\/gnews.cz\/de\/wp-json\/wp\/v2\/posts\/39672","targetHints":{"allow":["GET"]}}],"collection":[{"href":"https:\/\/gnews.cz\/de\/wp-json\/wp\/v2\/posts"}],"about":[{"href":"https:\/\/gnews.cz\/de\/wp-json\/wp\/v2\/types\/post"}],"author":[{"embeddable":true,"href":"https:\/\/gnews.cz\/de\/wp-json\/wp\/v2\/users\/6"}],"replies":[{"embeddable":true,"href":"https:\/\/gnews.cz\/de\/wp-json\/wp\/v2\/comments?post=39672"}],"version-history":[{"count":1,"href":"https:\/\/gnews.cz\/de\/wp-json\/wp\/v2\/posts\/39672\/revisions"}],"predecessor-version":[{"id":39674,"href":"https:\/\/gnews.cz\/de\/wp-json\/wp\/v2\/posts\/39672\/revisions\/39674"}],"wp:featuredmedia":[{"embeddable":true,"href":"https:\/\/gnews.cz\/de\/wp-json\/wp\/v2\/media\/39673"}],"wp:attachment":[{"href":"https:\/\/gnews.cz\/de\/wp-json\/wp\/v2\/media?parent=39672"}],"wp:term":[{"taxonomy":"category","embeddable":true,"href":"https:\/\/gnews.cz\/de\/wp-json\/wp\/v2\/categories?post=39672"},{"taxonomy":"post_tag","embeddable":true,"href":"https:\/\/gnews.cz\/de\/wp-json\/wp\/v2\/tags?post=39672"}],"curies":[{"name":"wp","href":"https:\/\/api.w.org\/{rel}","templated":true}]}}