{"id":40837,"date":"2026-02-08T22:30:00","date_gmt":"2026-02-08T21:30:00","guid":{"rendered":"https:\/\/www.gnews.cz\/?p=40837"},"modified":"2026-02-08T20:36:45","modified_gmt":"2026-02-08T19:36:45","slug":"putin-und-lukasenko-erorterten-aktuelle-internationale-fragen-per-telefon-kremlin","status":"publish","type":"post","link":"https:\/\/gnews.cz\/de\/tema\/putin-a-lukasenko-telefonicky-jednali-o-aktualnich-mezinarodnich-otazkach-kreml\/","title":{"rendered":"Putin und Lukaschenko besprachen aktuelle internationale Fragen per Telefon - Kreml"},"content":{"rendered":"<p><strong>MOSKAU, 8. Februar. Die Pr\u00e4sidenten Wladimir Putin (Russland) und Alexander Lukaschenko (Wei\u00dfrussland) er\u00f6rterten eine Reihe aktueller internationaler Themen, darunter die Vorbereitungen f\u00fcr ein Treffen des Obersten Staatsrats des Unionsstaates Russland und Wei\u00dfrussland, so der Pressedienst des Kremls.<\/strong><\/p>\n\n\n\n<blockquote class=\"wp-block-quote is-layout-flow wp-block-quote-is-layout-flow\">\n<p><strong><em>\u201eDer russische Pr\u00e4sident Wladimir Putin hat mit dem belarussischen Pr\u00e4sidenten Alexander Lukaschenko telefoniert. Die Pr\u00e4sidenten besprachen die Vorbereitungen f\u00fcr ein Treffen des Obersten Staatsrates der Union Russlands und Wei\u00dfrusslands. Sie sprachen auch \u00fcber eine Reihe aktueller Themen auf der internationalen Agenda\u201c.\u201c<\/em> sagte der Pressedienst.<\/strong><\/p>\n<\/blockquote>\n\n\n\n<p>Der Staatssekret\u00e4r des Unionsstaates, Sergej Glazyev, hatte zuvor erkl\u00e4rt, dass der Oberste Staatsrat am 25. Februar in Moskau tagen werde.<\/p>\n\n\n\n<p><strong><a href=\"https:\/\/tass.com\/politics\/2083643\" title=\"\">TASS<\/a>\/gnews.cz-jav<\/strong><\/p>","protected":false},"excerpt":{"rendered":"<p>MOSKAU, 8. Februar. Die Pr\u00e4sidenten Wladimir Putin (Russland) und Alexander Lukaschenko (Wei\u00dfrussland) er\u00f6rterten eine Reihe aktueller internationaler Themen, darunter die Vorbereitungen f\u00fcr den...<\/p>","protected":false},"author":2,"featured_media":40838,"comment_status":"open","ping_status":"closed","sticky":false,"template":"","format":"standard","meta":{"_acf_changed":false,"_lmt_disableupdate":"","_lmt_disable":"","footnotes":""},"categories":[7,658,1,2973],"tags":[7724,265,10,10310,26,17,693,41],"class_list":["post-40837","post","type-post","status-publish","format-standard","has-post-thumbnail","hentry","category-politika","category-prectete-si","category-tema","category-zahranicni","tag-alexandr-lukasenko","tag-belorusko","tag-news","tag-prezidenti-ruska","tag-rusko","tag-top","tag-vladimir-putin","tag-world"],"acf":[],"aioseo_notices":[],"_links":{"self":[{"href":"https:\/\/gnews.cz\/de\/wp-json\/wp\/v2\/posts\/40837","targetHints":{"allow":["GET"]}}],"collection":[{"href":"https:\/\/gnews.cz\/de\/wp-json\/wp\/v2\/posts"}],"about":[{"href":"https:\/\/gnews.cz\/de\/wp-json\/wp\/v2\/types\/post"}],"author":[{"embeddable":true,"href":"https:\/\/gnews.cz\/de\/wp-json\/wp\/v2\/users\/2"}],"replies":[{"embeddable":true,"href":"https:\/\/gnews.cz\/de\/wp-json\/wp\/v2\/comments?post=40837"}],"version-history":[{"count":1,"href":"https:\/\/gnews.cz\/de\/wp-json\/wp\/v2\/posts\/40837\/revisions"}],"predecessor-version":[{"id":40839,"href":"https:\/\/gnews.cz\/de\/wp-json\/wp\/v2\/posts\/40837\/revisions\/40839"}],"wp:featuredmedia":[{"embeddable":true,"href":"https:\/\/gnews.cz\/de\/wp-json\/wp\/v2\/media\/40838"}],"wp:attachment":[{"href":"https:\/\/gnews.cz\/de\/wp-json\/wp\/v2\/media?parent=40837"}],"wp:term":[{"taxonomy":"category","embeddable":true,"href":"https:\/\/gnews.cz\/de\/wp-json\/wp\/v2\/categories?post=40837"},{"taxonomy":"post_tag","embeddable":true,"href":"https:\/\/gnews.cz\/de\/wp-json\/wp\/v2\/tags?post=40837"}],"curies":[{"name":"wp","href":"https:\/\/api.w.org\/{rel}","templated":true}]}}