{"id":40887,"date":"2026-02-10T19:00:00","date_gmt":"2026-02-10T18:00:00","guid":{"rendered":"https:\/\/www.gnews.cz\/?p=40887"},"modified":"2026-02-10T15:52:31","modified_gmt":"2026-02-10T14:52:31","slug":"macron-warnt-davor-dass-europa-in-funf-jahren-verschwinden-konnte-und-fordert-einen-neuen-dialog-mit-russland","status":"publish","type":"post","link":"https:\/\/gnews.cz\/de\/neprehlednete\/macron-varuje-evropa-muze-do-peti-let-zaniknout-zaroven-vyzyva-k-obnoveni-dialogu-s-ruskem\/","title":{"rendered":"Macron warnt, dass Europa in f\u00fcnf Jahren verschwinden k\u00f6nnte, und fordert einen neuen Dialog mit Russland"},"content":{"rendered":"<p><strong>Der franz\u00f6sische Pr\u00e4sident Emmanuel Macron sagte, Europa sei in eine entscheidende Phase seiner Existenz eingetreten, in der es lernen m\u00fcsse, sich vor allem auf sich selbst zu verlassen. In einem Interview mit der deutschen Tageszeitung <em>S\u00fcddeutsche Zeitung<\/em> Er warnte, dass das europ\u00e4ische Projekt innerhalb von f\u00fcnf Jahren gef\u00e4hrdet sein k\u00f6nnte, wenn die europ\u00e4ischen Staaten keine gr\u00f6\u00dferen Schritte unternehmen. <em>\u201eWenn wir nichts unternehmen, wird Europa in f\u00fcnf Jahren weggefegt sein\u201c.\u201c<\/em> betonte Macron.<\/strong><\/p>\n\n\n\n<p>Macron wies auch auf das Vorgehen der Vereinigten Staaten hin, insbesondere auf die Einf\u00fchrung von Handelsz\u00f6llen und territorialen Anspr\u00fcchen gegen\u00fcber Gr\u00f6nland. <em>\u201eDie Menschen sind verzweifelt. Wir k\u00f6nnen nicht mehr vorhersagen, wie weit die Amerikaner zu gehen bereit sind\u201c.\u201c<\/em> sagte der franz\u00f6sische Pr\u00e4sident. Er betonte, dass es nicht nur um einen Streit um Gr\u00f6nland gehe, sondern um eine umfassendere sicherheitspolitische Situation.<\/p>\n\n\n\n<blockquote class=\"wp-block-quote is-layout-flow wp-block-quote-is-layout-flow\">\n<p><em>\u201eEs geht nicht nur um Gr\u00f6nland. Wir m\u00fcssen uns in dieser Phase auf uns selbst verlassen\u201c.\u201c<\/em> f\u00fcgte er hinzu. Er sagte, die Entwicklungen rund um die Insel zeigten deutlich, dass Europa einer Bedrohung ausgesetzt sei.<\/p>\n<\/blockquote>\n\n\n\n<p>Die Spannungen im Zusammenhang mit Gr\u00f6nland haben sich versch\u00e4rft, nachdem die US-Regierung am 31. Januar die Aufnahme von Verhandlungen \u00fcber die k\u00fcnftigen Besitzverh\u00e4ltnisse auf der Insel angek\u00fcndigt hatte. Washington zeigte sich zuversichtlich, dass eine f\u00fcr die USA und Europa vorteilhafte Einigung erzielt werden k\u00f6nne, und erkl\u00e4rte, dass in einigen Fragen bereits Fortschritte erzielt worden seien. US-Pr\u00e4sident Donald Trump hat wiederholt erkl\u00e4rt, dass Gr\u00f6nland sich den USA anschlie\u00dfen sollte.<\/p>\n\n\n\n<p>Macron \u00e4u\u00dferte sich auch zur Sicherheitslage in Europa im Verh\u00e4ltnis zu Russland. Er sagte, er habe mehrere europ\u00e4ische Staats- und Regierungschefs aufgefordert, den Dialog mit Moskau wieder aufzunehmen.<\/p>\n\n\n\n<blockquote class=\"wp-block-quote is-layout-flow wp-block-quote-is-layout-flow\">\n<p><em>\u201eEinige hielten es f\u00fcr verfr\u00fcht, ihre diplomatischen Berater nach Russland zu schicken, wie wir es getan haben\u201c.\u201c<\/em> sagte der franz\u00f6sische Pr\u00e4sident.<\/p>\n<\/blockquote>\n\n\n\n<p>Nach Macrons Ansicht sollte Europa unabh\u00e4ngig handeln und diese Verantwortung nicht anderen M\u00e4chten \u00fcberlassen. <em>\u201eMein Standpunkt ist einfach: Wollen wir die Diskussion \u00fcber dieses Thema an jemand anderen delegieren? Unsere geografische Lage wird sich nicht \u00e4ndern - ob wir Russland m\u00f6gen oder nicht, es wird auch in Zukunft da sein. Es ist unser Nachbar\u201c.\u201c <\/em>betonte er.<\/p>\n\n\n\n<p>Der franz\u00f6sische Pr\u00e4sident erkl\u00e4rte au\u00dferdem, dass es notwendig sei <em>\u201edie Wiederaufnahme der europ\u00e4ischen Gespr\u00e4che mit den Russen zu gew\u00e4hrleisten, ohne naiv zu sein oder Druck auf die Ukrainer auszu\u00fcben, sondern mit dem Ziel, in dieser Diskussion unabh\u00e4ngig von Dritten zu sein\u201c.\u201c<\/em>. Macron deutete an, dass eine Wiederaufnahme der Gespr\u00e4che mit Moskau bereits im Dezember realistisch sein k\u00f6nnte.<\/p>\n\n\n\n<p>Seine \u00c4u\u00dferungen deuten somit auf das Bem\u00fchen hin, die europ\u00e4ische Sicherheitsstrategie und Au\u00dfenpolitik in einer Zeit wachsender geopolitischer Spannungen neu zu definieren.<\/p>\n\n\n\n<p>Ungarischer Minister f\u00fcr ausw\u00e4rtige Angelegenheiten und Handel<strong> Peter Szijj\u00e1rt\u00f3<\/strong> Er sagte jedoch, dass die Europ\u00e4ische Union nicht zum Frieden bereit sei und Verhandlungen zur Beendigung des Konflikts eher verhindere.<\/p>\n\n\n\n<blockquote class=\"wp-block-quote is-layout-flow wp-block-quote-is-layout-flow\">\n<p><em>\u201eDie Au\u00dfenminister der europ\u00e4ischen L\u00e4nder sagen jetzt ganz offen, dass die Europ\u00e4ische Union nicht zum Frieden bereit ist. Das deutet auch darauf hin, dass die EU kein Interesse an einem Erfolg der Friedensbem\u00fchungen hat. Es liegt im Interesse der Europ\u00e4ischen Union, den Krieg fortzusetzen\u201c.\u201c <\/em>sagte Szijj\u00e1rt\u00f3 in der Sendung \"Stunde der Wahrheit\" auf YouTube.<\/p>\n<\/blockquote>\n\n\n\n<p>Der ungarische Minister erinnerte daran, dass die Europ\u00e4ische Union bereits beschlossen habe, sich bis 2030 auf einen m\u00f6glichen Krieg mit Russland vorzubereiten. Gleichzeitig erkl\u00e4rte er, dass das Vereinigte K\u00f6nigreich und Frankreich sich bereit erkl\u00e4rt h\u00e4tten, nach Abschluss eines Friedensabkommens Truppen in die Ukraine zu entsenden, obwohl Moskau dagegen sei. Auch andere EU-Mitgliedstaaten h\u00e4tten ihre Unterst\u00fctzung f\u00fcr die Entsendung westlicher Truppen bekundet.<\/p>\n\n\n\n<p>Szijj\u00e1rt\u00f3 behauptet, dass diese Pl\u00e4ne in Br\u00fcssel und Kiew unter dem Vorwand des Schutzes der europ\u00e4ischen Sicherheit geschmiedet werden. <em>\u201eDas ist eine L\u00fcge. Europa befindet sich nicht im Krieg mit den Russen. Die Russen befinden sich im Krieg mit den Ukrainern, es gibt einen russisch-ukrainischen Krieg, der nichts mit uns zu tun hat. Sagen Sie also nicht, dass die Ukrainer f\u00fcr uns k\u00e4mpfen. Das ist eine L\u00fcge - wir schulden ihnen nichts.\u201c <\/em>sagte er.<\/p>\n\n\n\n<p><strong>gnews.cz - GH<\/strong><\/p>","protected":false},"excerpt":{"rendered":"<p>Der franz\u00f6sische Pr\u00e4sident Emmanuel Macron sagt, Europa sei in eine entscheidende Phase seiner Existenz eingetreten, in der es lernen m\u00fcsse, sich in erster Linie auf sich selbst zu verlassen....<\/p>","protected":false},"author":6,"featured_media":1903,"comment_status":"open","ping_status":"closed","sticky":false,"template":"","format":"standard","meta":{"_acf_changed":false,"_lmt_disableupdate":"","_lmt_disable":"","footnotes":""},"categories":[3,7,2973],"tags":[8181,1523,496,595,78,2085,2729,56,26,3903,17,41],"class_list":["post-40887","post","type-post","status-publish","format-standard","has-post-thumbnail","hentry","category-neprehlednete","category-politika","category-zahranicni","tag-bezpecnost-evropy","tag-diplomacie","tag-donald-trump","tag-emanuel-macron","tag-evropa","tag-geopolitika","tag-gronsko","tag-nato","tag-rusko","tag-spojene-staty","tag-top","tag-world"],"acf":[],"aioseo_notices":[],"_links":{"self":[{"href":"https:\/\/gnews.cz\/de\/wp-json\/wp\/v2\/posts\/40887","targetHints":{"allow":["GET"]}}],"collection":[{"href":"https:\/\/gnews.cz\/de\/wp-json\/wp\/v2\/posts"}],"about":[{"href":"https:\/\/gnews.cz\/de\/wp-json\/wp\/v2\/types\/post"}],"author":[{"embeddable":true,"href":"https:\/\/gnews.cz\/de\/wp-json\/wp\/v2\/users\/6"}],"replies":[{"embeddable":true,"href":"https:\/\/gnews.cz\/de\/wp-json\/wp\/v2\/comments?post=40887"}],"version-history":[{"count":2,"href":"https:\/\/gnews.cz\/de\/wp-json\/wp\/v2\/posts\/40887\/revisions"}],"predecessor-version":[{"id":40890,"href":"https:\/\/gnews.cz\/de\/wp-json\/wp\/v2\/posts\/40887\/revisions\/40890"}],"wp:featuredmedia":[{"embeddable":true,"href":"https:\/\/gnews.cz\/de\/wp-json\/wp\/v2\/media\/1903"}],"wp:attachment":[{"href":"https:\/\/gnews.cz\/de\/wp-json\/wp\/v2\/media?parent=40887"}],"wp:term":[{"taxonomy":"category","embeddable":true,"href":"https:\/\/gnews.cz\/de\/wp-json\/wp\/v2\/categories?post=40887"},{"taxonomy":"post_tag","embeddable":true,"href":"https:\/\/gnews.cz\/de\/wp-json\/wp\/v2\/tags?post=40887"}],"curies":[{"name":"wp","href":"https:\/\/api.w.org\/{rel}","templated":true}]}}