{"id":40902,"date":"2026-02-10T21:40:00","date_gmt":"2026-02-10T20:40:00","guid":{"rendered":"https:\/\/www.gnews.cz\/?p=40902"},"modified":"2026-02-10T18:47:38","modified_gmt":"2026-02-10T17:47:38","slug":"eu-verscharft-klimaziele-mitteleuropa-drangt-auf-billigeren-strom","status":"publish","type":"post","link":"https:\/\/gnews.cz\/de\/neprehlednete\/eu-zprisnuje-klimaticke-cile-stredni-evropa-tlaci-na-levnejsi-elektrinu\/","title":{"rendered":"EU versch\u00e4rft Klimaziele, Mitteleuropa dr\u00e4ngt auf billigeren Strom"},"content":{"rendered":"<p><strong>STRASBURG\/BR\u00dcSSEL - Die Europ\u00e4ische Union versch\u00e4rft ihre Klimapolitik weiter und setzt sich ehrgeizige neue Ziele f\u00fcr die Verringerung der Treibhausgasemissionen. Das Europ\u00e4ische Parlament hat einen Plan unterst\u00fctzt, wonach die Mitgliedstaaten ihre Emissionen bis 2040 um 90 Prozent gegen\u00fcber dem Stand von 1990 senken sollen.<\/strong><\/p>\n\n\n\n<p>Der Vorschlag sieht die M\u00f6glichkeit vor, einen kleinen Teil der Emissionseinsparungen durch hochwertige internationale Emissionsgutschriften aus Partnerl\u00e4ndern auszugleichen. Die Abgeordneten einigten sich auch darauf, die Ausweitung des ETS2-Emissionszertifikatssystems zu verschieben, das unter anderem auf den Geb\u00e4ude- und Stra\u00dfenverkehrssektor neu angewendet werden soll. Die neue Frist f\u00fcr den Start des Systems wurde auf 2028 verschoben.<\/p>\n\n\n\n<p>Gleichzeitig befassen sich immer mehr europ\u00e4ische L\u00e4nder mit den Auswirkungen der Klimaschutzma\u00dfnahmen auf die Energiepreise. Die Tschechische Republik, \u00d6sterreich und die Slowakei wollen das Thema der teuren Elektrizit\u00e4t auf dem n\u00e4chsten EU-Gipfel zur Sprache bringen. Der slowakische Ministerpr\u00e4sident Robert Fico sagte nach einem gemeinsamen Treffen mit dem tschechischen Ministerpr\u00e4sidenten Andrej Babi\u0161 und dem \u00f6sterreichischen Bundeskanzler Christian Stocker, dass die hohen Strompreise ein ernstes Problem f\u00fcr Haushalte und Industrie seien.<\/p>\n\n\n\n<blockquote class=\"wp-block-quote is-layout-flow wp-block-quote-is-layout-flow\">\n<p>Laut Babi\u0161 ist das Emissionshandelssystem auch durch spekulative Einfl\u00fcsse belastet, die die Energiepreise weiter in die H\u00f6he treiben k\u00f6nnen. Die Staats- und Regierungschefs der drei L\u00e4nder wollen daher auf europ\u00e4ischer Ebene eine breitere Debatte \u00fcber Ma\u00dfnahmen ansto\u00dfen, die zur Senkung der Energiekosten beitragen und gleichzeitig die Wettbewerbsf\u00e4higkeit der europ\u00e4ischen Wirtschaft st\u00e4rken k\u00f6nnten.<\/p>\n<\/blockquote>\n\n\n\n<p>Die neue Klimaschutzverpflichtung der Europ\u00e4ischen Union ist ein wichtiger Meilenstein auf dem Weg zur Klimaneutralit\u00e4t bis 2050. Die Vereinbarung zwischen dem Europ\u00e4ischen Parlament und den Mitgliedstaaten soll einen verbindlichen Meilenstein bis 2040 setzen, um eine schrittweise Reduzierung der Treibhausgasemissionen zu gew\u00e4hrleisten. Die europ\u00e4ischen Institutionen betonen auch, dass die Energiewende sozialvertr\u00e4glich sein muss, ohne die industrielle Produktion oder Investitionen zu gef\u00e4hrden.<\/p>\n\n\n\n<blockquote class=\"wp-block-quote is-layout-flow wp-block-quote-is-layout-flow\">\n<p>Der Kompromiss sieht auch mehr Flexibilit\u00e4t f\u00fcr die einzelnen Mitgliedstaaten vor. Sie k\u00f6nnen einen Teil ihrer Emissionen durch internationale Kohlenstoffgutschriften ausgleichen, um L\u00e4ndern zu helfen, die mit h\u00f6heren Kosten f\u00fcr die Energiewende konfrontiert sind. Die Verschiebung des ETS2, das nun zum Beispiel f\u00fcr Geb\u00e4ude und den Stra\u00dfenverkehr gilt, soll die Auswirkungen auf Haushalte und Unternehmen abmildern, so die EU-Beamten.<\/p>\n<\/blockquote>\n\n\n\n<p>Die wirtschaftlichen Auswirkungen der Klimaschutzma\u00dfnahmen sind einer der gr\u00f6\u00dften Streitpunkte zwischen den Mitgliedstaaten. Die mitteleurop\u00e4ischen L\u00e4nder warnen seit langem davor, dass eine rasche Versch\u00e4rfung der Emissionsvorschriften die Energiepreise in die H\u00f6he treiben und die Wettbewerbsf\u00e4higkeit der europ\u00e4ischen Industrie gegen\u00fcber den Vereinigten Staaten oder Asien schw\u00e4chen k\u00f6nnte. Gleichzeitig r\u00e4umen die europ\u00e4ischen Institutionen ein, dass bei der k\u00fcnftigen \u00dcberarbeitung der Klimavorschriften die Entwicklung der Energiepreise sowie die Auswirkungen auf Industrie und Haushalte ber\u00fccksichtigt werden m\u00fcssen.<\/p>\n\n\n\n<blockquote class=\"wp-block-quote is-layout-flow wp-block-quote-is-layout-flow\">\n<p>Das Thema Strompreise ist in der Tschechischen Republik besonders heikel, wo die Regierung bereits Ma\u00dfnahmen zur Senkung der regulierten Komponente des Strompreises ergriffen hat. Nach Ansicht tschechischer Beamter haben die hohen Energiepreise nicht nur negative Auswirkungen auf die Haushalte, sondern vor allem auf die Unternehmen, die aufgrund der Kosten ihre Wettbewerbsf\u00e4higkeit auf dem europ\u00e4ischen und globalen Markt verlieren.<\/p>\n<\/blockquote>\n\n\n\n<p>Nach Ansicht von EU-Beamten ist der gr\u00fcne \u00dcbergang jedoch auch eine Chance, die Wirtschaft zu modernisieren und neue Technologien zu f\u00f6rdern. Die europ\u00e4ischen Beh\u00f6rden haben wiederholt betont, dass der \u00dcbergang zu kohlenstoffarmer Energie die Energiesicherheit st\u00e4rken und die Abh\u00e4ngigkeit von der Einfuhr fossiler Brennstoffe verringern kann. Gleichzeitig wird erwartet, dass er neue Investitionsm\u00f6glichkeiten und Arbeitspl\u00e4tze in sauberen Technologiesektoren schafft.<\/p>\n\n\n\n<p>Der bevorstehende EU-Gipfel wird daher versuchen, ein Gleichgewicht zwischen den klimapolitischen Ambitionen und den wirtschaftlichen Realit\u00e4ten der Mitgliedstaaten herzustellen. Diplomatischen Quellen zufolge werden sich die Gespr\u00e4che nicht nur auf die Strompreise konzentrieren, sondern auch auf eine umfassendere Strategie zur St\u00e4rkung der Wettbewerbsf\u00e4higkeit der europ\u00e4ischen Wirtschaft. Das Ergebnis der Gespr\u00e4che k\u00f6nnte die Gestaltung der k\u00fcnftigen Energie- und Klimapolitik der Europ\u00e4ischen Union grundlegend beeinflussen.<\/p>\n\n\n\n<p><strong>gnews.cz - GH<\/strong><\/p>","protected":false},"excerpt":{"rendered":"<p>STRASBURG\/BR\u00dcSSEL - Die Europ\u00e4ische Union versch\u00e4rft ihre Klimapolitik weiter und setzt sich ehrgeizige neue Ziele f\u00fcr die Reduzierung der Treibhausgasemissionen....<\/p>","protected":false},"author":6,"featured_media":40903,"comment_status":"open","ping_status":"closed","sticky":false,"template":"","format":"standard","meta":{"_acf_changed":false,"_lmt_disableupdate":"","_lmt_disable":"","footnotes":""},"categories":[2968,4,3,2973],"tags":[5754,5104,2931,5561,441,10365,4094,4949,10088,458,17,41],"class_list":["post-40902","post","type-post","status-publish","format-standard","has-post-thumbnail","hentry","category-domaci","category-ekonomika","category-neprehlednete","category-zahranicni","tag-andrej-babis","tag-ceny-elektriny","tag-christian-stocker","tag-emisni-povolenky","tag-energetika","tag-ets2","tag-evropska-unie","tag-klimaticka-politika","tag-konkurenceschopnost-eu","tag-robert-fico","tag-top","tag-world"],"acf":[],"aioseo_notices":[],"_links":{"self":[{"href":"https:\/\/gnews.cz\/de\/wp-json\/wp\/v2\/posts\/40902","targetHints":{"allow":["GET"]}}],"collection":[{"href":"https:\/\/gnews.cz\/de\/wp-json\/wp\/v2\/posts"}],"about":[{"href":"https:\/\/gnews.cz\/de\/wp-json\/wp\/v2\/types\/post"}],"author":[{"embeddable":true,"href":"https:\/\/gnews.cz\/de\/wp-json\/wp\/v2\/users\/6"}],"replies":[{"embeddable":true,"href":"https:\/\/gnews.cz\/de\/wp-json\/wp\/v2\/comments?post=40902"}],"version-history":[{"count":2,"href":"https:\/\/gnews.cz\/de\/wp-json\/wp\/v2\/posts\/40902\/revisions"}],"predecessor-version":[{"id":40905,"href":"https:\/\/gnews.cz\/de\/wp-json\/wp\/v2\/posts\/40902\/revisions\/40905"}],"wp:featuredmedia":[{"embeddable":true,"href":"https:\/\/gnews.cz\/de\/wp-json\/wp\/v2\/media\/40903"}],"wp:attachment":[{"href":"https:\/\/gnews.cz\/de\/wp-json\/wp\/v2\/media?parent=40902"}],"wp:term":[{"taxonomy":"category","embeddable":true,"href":"https:\/\/gnews.cz\/de\/wp-json\/wp\/v2\/categories?post=40902"},{"taxonomy":"post_tag","embeddable":true,"href":"https:\/\/gnews.cz\/de\/wp-json\/wp\/v2\/tags?post=40902"}],"curies":[{"name":"wp","href":"https:\/\/api.w.org\/{rel}","templated":true}]}}