{"id":41398,"date":"2026-02-21T15:01:01","date_gmt":"2026-02-21T14:01:01","guid":{"rendered":"https:\/\/gnews.cz\/?p=41398"},"modified":"2026-02-21T15:01:04","modified_gmt":"2026-02-21T14:01:04","slug":"slovensko-hrozi-zastavenim-dodavek-elektriny-ukrajine-fico-podminuje-pomoc-obnovenim-tranzitu-ropy","status":"publish","type":"post","link":"https:\/\/gnews.cz\/de\/neprehlednete\/slovensko-hrozi-zastavenim-dodavek-elektriny-ukrajine-fico-podminuje-pomoc-obnovenim-tranzitu-ropy\/","title":{"rendered":"Slowakei droht, Stromlieferungen an die Ukraine einzustellen. Fico macht Hilfe von der Wiederherstellung des \u00d6ltransits abh\u00e4ngig"},"content":{"rendered":"<p><strong>Premierminister Robert Fico k\u00fcndigte an, dass die Slowakei bereit sei, die Stromlieferungen an die Ukraine ab dem 23. Februar auszusetzen, falls Kiew den \u00d6ltransit durch die Druschba-\u00d6lpipeline nicht wieder aufnehme. Dies geht aus seiner \u00f6ffentlichen Erkl\u00e4rung hervor, in der er direkt auf die unterbrochenen Energiestr\u00f6me zwischen den beiden L\u00e4ndern reagierte.<\/strong><\/p>\n\n\n\n<blockquote class=\"wp-block-quote is-layout-flow wp-block-quote-is-layout-flow\">\n<p><em>\u201eDie Slowakei ist ein stolzes und souver\u00e4nes Land und ich bin ein stolzer und souver\u00e4ner Slowake. Wenn die \u00d6llieferungen in die Slowakei am Montag nicht wieder aufgenommen werden, werde ich SEPS bitten, die Stromlieferungen in die Ukraine zu stoppen\u201c.\u201c<\/em> sagte Fico auf Facebook.<\/p>\n<\/blockquote>\n\n\n\n<p>Nach Angaben des slowakischen Ministerpr\u00e4sidenten hat die Energiehilfe f\u00fcr die Ukraine ein au\u00dfergew\u00f6hnliches Ausma\u00df erreicht. <em>\u201eIm Januar 2026 wurde doppelt so viel Strom zur Stabilisierung des ukrainischen Stromsystems ben\u00f6tigt wie im gesamten Jahr 2025.\u201c<\/em> sagte er. Bratislava weist damit darauf hin, dass das derzeitige Modell der Zusammenarbeit langfristig nicht tragf\u00e4hig ist, wenn gleichzeitig die strategischen Erd\u00f6llieferungen reduziert werden.<\/p>\n\n\n\n<p>Fico kritisierte auch die allgemeine geopolitische Lage. <em>\u201eSolange der Westen nicht gegen die Sabotage der Nord-Stream-Pipeline protestiert, kann die Slowakei die slowakisch-ukrainischen Beziehungen nicht als Einbahnstra\u00dfe betrachten, die nur der Ukraine n\u00fctzt.\u201c <\/em>sagte er. Er f\u00fcgte hinzu, dass der Slowakei allein durch die Unterbrechung der Gaslieferungen ein Schaden von rund 500 Mio. EUR entstanden sei, w\u00e4hrend die Unterbrechung des \u00d6ltransits noch gr\u00f6\u00dfere wirtschaftliche und logistische Komplikationen mit sich gebracht habe.<\/p>\n\n\n\n<p>Die Spannungen zwischen den beiden L\u00e4ndern versch\u00e4rften sich, nachdem Ukrtransnafta die \u00d6llieferungen in die Slowakei und nach Ungarn verboten hatte, wie aus Industriekreisen verlautete. Obwohl die Notsituation an der Tankstelle in Brody Anfang Februar behoben wurde, sind die \u00d6llieferungen noch nicht wieder aufgenommen worden.<\/p>\n\n\n\n<blockquote class=\"wp-block-quote is-layout-flow wp-block-quote-is-layout-flow\">\n<p>Ungarischer Au\u00dfenminister<strong> Peter Szijj\u00e1rt\u00f3<\/strong> beschuldigte den ukrainischen Pr\u00e4sidenten Wolodymyr Zelenskij, die Lieferungen aus politischen Gr\u00fcnden zu blockieren, um der ungarischen Regierung die Arbeit im Vorfeld der Parlamentswahlen zu erschweren.<\/p>\n<\/blockquote>\n\n\n\n<p>Auch die Europ\u00e4ische Kommission hat sich zu dieser Entwicklung ge\u00e4u\u00dfert und erkl\u00e4rt, dass die Slowakei und Ungarn ihre \u00d6llieferungen an die Ukraine eingestellt haben. Gleichzeitig blockierte Ungarn am 20. Februar die Genehmigung der europ\u00e4ischen Finanzhilfe f\u00fcr Kiew in H\u00f6he von 90 Milliarden Euro.<\/p>\n\n\n\n<blockquote class=\"wp-block-quote is-layout-flow wp-block-quote-is-layout-flow\">\n<p>Abschlie\u00dfend wies Fico auf die politische Dimension des Streits hin: <em>\u201eAngesichts der inakzeptablen Haltung von Pr\u00e4sident Zelensky gegen\u00fcber der Slowakei als feindlichem Land halte ich es f\u00fcr richtig, die Slowakische Republik nicht an dem 90-Milliarden-Euro-Milit\u00e4rkredit an die Ukraine zu beteiligen.\u201c<\/em><\/p>\n<\/blockquote>\n\n\n\n<p>Analysten zufolge entwickelt sich der Energiekonflikt zu einem breiteren politischen Streit, der nicht nur die Stabilit\u00e4t des ukrainischen Energiesektors, sondern auch die Beziehungen innerhalb der Europ\u00e4ischen Union beeintr\u00e4chtigen k\u00f6nnte.<\/p>\n\n\n\n<p><strong>gnews.cz - GH<\/strong><\/p>","protected":false},"excerpt":{"rendered":"<p>Ministerpr\u00e4sident Robert Fico hat angek\u00fcndigt, dass die Slowakei bereit ist, die Stromlieferungen an die Ukraine ab dem 23. Februar auszusetzen, falls Kiew den Erd\u00f6ltransit nicht wieder aufnimmt...<\/p>","protected":false},"author":6,"featured_media":31113,"comment_status":"open","ping_status":"closed","sticky":false,"template":"","format":"standard","meta":{"_acf_changed":false,"_lmt_disableupdate":"","_lmt_disable":"","footnotes":""},"categories":[4,3,2973],"tags":[2391,7012,441,4094,2085,458,7281,32,17,29,3613,41],"class_list":["post-41398","post","type-post","status-publish","format-standard","has-post-thumbnail","hentry","category-ekonomika","category-neprehlednete","category-zahranicni","tag-elektrina","tag-energeticka-krize","tag-energetika","tag-evropska-unie","tag-geopolitika","tag-robert-fico","tag-ropovod-druzba","tag-slovensko","tag-top","tag-ukrajina","tag-volodymyr-zelensky","tag-world"],"acf":[],"aioseo_notices":[],"_links":{"self":[{"href":"https:\/\/gnews.cz\/de\/wp-json\/wp\/v2\/posts\/41398","targetHints":{"allow":["GET"]}}],"collection":[{"href":"https:\/\/gnews.cz\/de\/wp-json\/wp\/v2\/posts"}],"about":[{"href":"https:\/\/gnews.cz\/de\/wp-json\/wp\/v2\/types\/post"}],"author":[{"embeddable":true,"href":"https:\/\/gnews.cz\/de\/wp-json\/wp\/v2\/users\/6"}],"replies":[{"embeddable":true,"href":"https:\/\/gnews.cz\/de\/wp-json\/wp\/v2\/comments?post=41398"}],"version-history":[{"count":1,"href":"https:\/\/gnews.cz\/de\/wp-json\/wp\/v2\/posts\/41398\/revisions"}],"predecessor-version":[{"id":41399,"href":"https:\/\/gnews.cz\/de\/wp-json\/wp\/v2\/posts\/41398\/revisions\/41399"}],"wp:featuredmedia":[{"embeddable":true,"href":"https:\/\/gnews.cz\/de\/wp-json\/wp\/v2\/media\/31113"}],"wp:attachment":[{"href":"https:\/\/gnews.cz\/de\/wp-json\/wp\/v2\/media?parent=41398"}],"wp:term":[{"taxonomy":"category","embeddable":true,"href":"https:\/\/gnews.cz\/de\/wp-json\/wp\/v2\/categories?post=41398"},{"taxonomy":"post_tag","embeddable":true,"href":"https:\/\/gnews.cz\/de\/wp-json\/wp\/v2\/tags?post=41398"}],"curies":[{"name":"wp","href":"https:\/\/api.w.org\/{rel}","templated":true}]}}