{"id":41707,"date":"2026-02-14T09:08:03","date_gmt":"2026-02-14T08:08:03","guid":{"rendered":"https:\/\/gnews.cz\/?p=41707"},"modified":"2026-03-01T09:10:46","modified_gmt":"2026-03-01T08:10:46","slug":"wang-yi-jednal-s-ceskym-vicepremierem-a-ministrem-zahranici-petrem-macinkou","status":"publish","type":"post","link":"https:\/\/gnews.cz\/de\/politika\/wang-yi-jednal-s-ceskym-vicepremierem-a-ministrem-zahranici-petrem-macinkou\/","title":{"rendered":"Wang Yi f\u00fchrte Gespr\u00e4che mit dem tschechischen Vizepremierminister und Au\u00dfenminister Petr Macinka"},"content":{"rendered":"<p id=\"wnd_TextBlock_211772352573082922_inner_0\"><strong>Der chinesische Au\u00dfenminister Wang Yi traf w\u00e4hrend der M\u00fcnchner Sicherheitskonferenz auf Ersuchen der tschechischen Seite mit dem tschechischen Vizepremierminister und Au\u00dfenminister Petr Macinka zusammen.<\/strong><\/p>\n\n\n\n<p id=\"wnd_TextBlock_211772352573082922_inner_1\">Wang sagte, China und die Tschechische Republik seien durch eine Tradition der Freundschaft verbunden und erinnerte daran, dass die Tschechische Republik zu den ersten L\u00e4ndern geh\u00f6rte, die diplomatische Beziehungen zur Volksrepublik China aufnahmen. Gleichzeitig wies er jedoch darauf hin, dass die Beziehungen zwischen den beiden L\u00e4ndern in den letzten Jahren eine komplizierte Phase durchlaufen h\u00e4tten, die seiner Meinung nach nicht den Interessen beider Seiten entspreche.<\/p>\n\n\n\n<p id=\"wnd_TextBlock_211772352573082922_inner_2\">In diesem Jahr wird der zehnte Jahrestag der strategischen Partnerschaft zwischen den beiden L\u00e4ndern begangen. Wang zufolge sch\u00e4tzt China die Bem\u00fchungen der neuen tschechischen Regierung um eine Verbesserung der Beziehungen und ist bereit, an deren R\u00fcckkehr zu einer gesunden und stabilen Entwicklung mitzuwirken. Er brachte auch seine Hoffnung zum Ausdruck, dass die tschechische Seite objektiv an China herangehen, das Ein-China-Prinzip einhalten und die grundlegenden Interessen des Landes respektieren werde. Er sagte, beide Seiten sollten den Austausch auf verschiedenen Ebenen und in verschiedenen Bereichen f\u00f6rdern, das gegenseitige Vertrauen st\u00e4rken und eine Grundlage f\u00fcr eine pragmatische Zusammenarbeit schaffen.<\/p>\n\n\n\n<p id=\"wnd_TextBlock_211772352573082922_inner_3\">Petr Macinka sagte, China sei eine wichtige Weltmacht und die tschechische Seite sch\u00e4tze die traditionelle Freundschaft zwischen den beiden Nationen. Der zehnte Jahrestag der strategischen Partnerschaft sollte eine Gelegenheit sein, ein neues Kapitel in den bilateralen Beziehungen aufzuschlagen.<\/p>\n\n\n\n<p id=\"wnd_TextBlock_211772352573082922_inner_4\">Er betonte, dass die Tschechische Republik fest an der Ein-China-Politik festh\u00e4lt, die Regierung der Volksrepublik China als einzige legitime Regierung anerkennt, die ganz China vertritt, und die Bem\u00fchungen des Landes zum Schutz seiner Souver\u00e4nit\u00e4t und territorialen Integrit\u00e4t respektiert. Die tschechische Seite sei an einer Verbesserung der Beziehungen, der Wiederaufnahme hochrangiger Kontakte und dem Ausbau der Zusammenarbeit in den Bereichen Wirtschaft, Handel, Tourismus und Kulturaustausch interessiert.<\/p>\n\n\n\n<p id=\"wnd_TextBlock_211772352573082922_inner_5\"><strong><a href=\"https:\/\/news.cgtn.com\/news\/2026-02-14\/Wang-Yi-meets-with-Czech-Deputy-PM-and-FM-Petr-Macinka-1KLqBLfEQJW\/p.html\" target=\"_blank\" rel=\"noreferrer noopener\">CMG<\/a><\/strong><\/p>","protected":false},"excerpt":{"rendered":"<p>Der chinesische Au\u00dfenminister Wang Yi traf w\u00e4hrend der M\u00fcnchner Sicherheitskonferenz mit dem tschechischen Vizepremierminister und Au\u00dfenminister Petr Macinka...<\/p>","protected":false},"author":6,"featured_media":41708,"comment_status":"open","ping_status":"closed","sticky":false,"template":"","format":"standard","meta":{"_acf_changed":false,"_lmt_disableupdate":"","_lmt_disable":"","footnotes":""},"categories":[2968,7,2973],"tags":[45,22,18,1145,300],"class_list":["post-41707","post","type-post","status-publish","format-standard","has-post-thumbnail","hentry","category-domaci","category-politika","category-zahranicni","tag-cr","tag-cina","tag-cmg","tag-petr-macinka","tag-wang-yi"],"acf":[],"aioseo_notices":[],"_links":{"self":[{"href":"https:\/\/gnews.cz\/de\/wp-json\/wp\/v2\/posts\/41707","targetHints":{"allow":["GET"]}}],"collection":[{"href":"https:\/\/gnews.cz\/de\/wp-json\/wp\/v2\/posts"}],"about":[{"href":"https:\/\/gnews.cz\/de\/wp-json\/wp\/v2\/types\/post"}],"author":[{"embeddable":true,"href":"https:\/\/gnews.cz\/de\/wp-json\/wp\/v2\/users\/6"}],"replies":[{"embeddable":true,"href":"https:\/\/gnews.cz\/de\/wp-json\/wp\/v2\/comments?post=41707"}],"version-history":[{"count":1,"href":"https:\/\/gnews.cz\/de\/wp-json\/wp\/v2\/posts\/41707\/revisions"}],"predecessor-version":[{"id":41709,"href":"https:\/\/gnews.cz\/de\/wp-json\/wp\/v2\/posts\/41707\/revisions\/41709"}],"wp:featuredmedia":[{"embeddable":true,"href":"https:\/\/gnews.cz\/de\/wp-json\/wp\/v2\/media\/41708"}],"wp:attachment":[{"href":"https:\/\/gnews.cz\/de\/wp-json\/wp\/v2\/media?parent=41707"}],"wp:term":[{"taxonomy":"category","embeddable":true,"href":"https:\/\/gnews.cz\/de\/wp-json\/wp\/v2\/categories?post=41707"},{"taxonomy":"post_tag","embeddable":true,"href":"https:\/\/gnews.cz\/de\/wp-json\/wp\/v2\/tags?post=41707"}],"curies":[{"name":"wp","href":"https:\/\/api.w.org\/{rel}","templated":true}]}}